{"id":362036,"date":"2025-09-03T00:33:10","date_gmt":"2025-09-03T00:33:10","guid":{"rendered":"https:\/\/www.europesays.com\/fr\/362036\/"},"modified":"2025-09-03T00:33:10","modified_gmt":"2025-09-03T00:33:10","slug":"lio-annonce-son-grand-retour-six-mois-apres-la-disparition-de-son-fils","status":"publish","type":"post","link":"https:\/\/www.europesays.com\/fr\/362036\/","title":{"rendered":"Lio annonce son grand retour, six mois apr\u00e8s la disparition de son fils"},"content":{"rendered":"<p><img decoding=\"async\" src=\"https:\/\/www.europesays.com\/fr\/wp-content\/uploads\/2025\/09\/photo_1756822846.jpg\" class=\"textcenter img-content\" loading=\"lazy\"\/>Bestimage<br \/>\n       <br \/>\nLio a travers\u00e9 la pire des \u00e9preuves qu&rsquo;une femme puisse conna\u00eetre. Le 2 mars, <a href=\"https:\/\/www.chartsinfrance.net\/Lio\/news-131792.html\" target=\"_blank\" class=\"spip_out\" rel=\"nofollow noopener\">le corps sans vie de son plus jeune fils Diego<\/a>, \u00e2g\u00e9 de 21 ans seulement, a \u00e9t\u00e9 retrouv\u00e9 calcin\u00e9 \u00e0 proximit\u00e9 de l&rsquo;a\u00e9roport Roissy-Charles-de-Gaulle. En proie \u00e0 une d\u00e9tresse psychologique, il se serait immol\u00e9 par le feu. Un drame d&rsquo;autant plus effroyable \u00e0 vivre pour la chanteuse qu&rsquo;elle a re\u00e7u des messages naus\u00e9abonds sur les r\u00e9seaux sociaux lui reprochant d&rsquo;avoir honor\u00e9, malgr\u00e9 son deuil, les engagements professionnels auxquels elle \u00e9tait engag\u00e9e, comme <a href=\"https:\/\/www.chartsinfrance.net\/actualite\/news-131932.html\" target=\"_blank\" class=\"spip_out\" rel=\"nofollow noopener\">ses concerts<\/a>. Sur le plateau de l&rsquo;\u00e9mission \u00ab\u00a0C \u00e0 vous\u00a0\u00bb d\u00e9but avril, Lio avait tenu \u00e0 <a href=\"https:\/\/www.chartsinfrance.net\/actualite\/news-132177.html\" target=\"_blank\" class=\"spip_out\" rel=\"nofollow noopener\">r\u00e9pondre \u00e0 ce flots de critiques<\/a>. \u00ab J&rsquo;ai re\u00e7u beaucoup de t\u00e9moignages qui me disaient que je ne devais pas aimer assez mon fils pour pouvoir monter sur sc\u00e8ne. Moi, je dis simplement n\u00e9cessit\u00e9 fait loi. Je dois travailler et j&rsquo;ai encore d&rsquo;autres enfants, j&rsquo;ai des petits enfants, donc n\u00e9cessit\u00e9 fait loi \u00bb s&rsquo;\u00e9tait-elle justifi\u00e9e, au bord des larmes.<\/p>\n<p>Le player Dailymotion est en train de se charger&#8230;<\/p>\n<p>\u00ab\u00a0Album en chemin\u00a0\u00bb<br \/>\nN&rsquo;en d\u00e9plaise \u00e0 ses d\u00e9tracteurs, l&rsquo;artiste de 63 ans, revenue au coeur de l&rsquo;actualit\u00e9 pour <a href=\"https:\/\/www.chartsinfrance.net\/actualite\/news-132089.html\" target=\"_blank\" class=\"spip_out\" rel=\"nofollow noopener\">sa participation au documentaire \u00ab\u00a0De rockstar \u00e0 tueur : le cas Cantat\u00a0\u00bb<\/a> sur Netflix, a continu\u00e9 de se produire sur sc\u00e8ne les mois qui ont suivi, notamment sur des tourn\u00e9es nostalgiques consacr\u00e9es aux ann\u00e9es 80. Car la musique a ce pouvoir de gu\u00e9rir bien des maux, et il semble que Lio a trouv\u00e9 refuge dans l&rsquo;art de la chanson. Ce 1er septembre, la chanteuse a partag\u00e9 sur son compte Instagram sa premi\u00e8re photographie depuis la trag\u00e9die. Ou plut\u00f4t plusieurs ! Sur ces images d\u00e9cal\u00e9es, l&rsquo;interpr\u00e8te de \u00ab\u00a0Banana Split\u00a0\u00bb appara\u00eet dans une baignoire avec un masque et un tuba. \u00ab D\u00e9sol\u00e9e pour le silence&#8230; J&rsquo;\u00e9tais sous l&rsquo;eau ! \u00bb \u00e9crit-elle avec humour, alors qu&rsquo;on la voit se pr\u00e9lasser sous la mousse, avec des ballons de toutes les couleurs et des ailes d&rsquo;ange sur d&rsquo;autres clich\u00e9s.<\/p>\n<blockquote class=\"instagram-media\" data-instgrm-captioned=\"\" data-instgrm-permalink=\"https:\/\/www.instagram.com\/p\/DOBve6tCPRS\/?utm_source=ig_embed&amp;utm_campaign=loading\" data-instgrm-version=\"14\" style=\" background:#FFF; border:0; border-radius:3px; box-shadow:0 0 1px 0 rgba(0,0,0,0.5),0 1px 10px 0 rgba(0,0,0,0.15); margin: 1px; max-width:540px; min-width:326px; padding:0; width:99.375%; width:-webkit-calc(100% - 2px); width:calc(100% - 2px);\"\/>\n<p>Cette publication tr\u00e8s pop art dans l&rsquo;esprit, durant laquelle elle appara\u00eet libre et partiellement d\u00e9nud\u00e9e, est pour Lio une fa\u00e7on d&rsquo;annoncer son prochain projet artistique. \u00ab Album en chemin \u00bb pr\u00e9cise la musicienne, qui avait amorc\u00e9 son retour \u00e0 la musique quelques mois avant la disparition de Diego. \u00ab J&rsquo;ai envie de faire un nouveau disque : l&rsquo;album d\u00e9cid\u00e9ment pop d&rsquo;une \u00ab\u00a0senioresse\u00a0\u00bb. (&#8230;) Parce que je suis chanteuse avant tout et que c&rsquo;est cette nouvelle g\u00e9n\u00e9ration de filles qui m&rsquo;a donn\u00e9 envie de revenir. Et \u00e7a y est, j&rsquo;ai les maquettes \u00bb expliquait-elle l&rsquo;an dernier, en r\u00e9v\u00e9lant des collaborations avec Hoshi, Owlle ou Corine. Un album pour lequel elle lan\u00e7ait une cagnotte participative : \u00ab Je vais essayer de faire un nouveau disque, comme je veux le faire, qu&rsquo;avec des nanas que j&rsquo;aime, et quelques mecs aussi, mais \u00e0 ma main, pas en vendant mes droits \u00e0 des majors ou des labels qui de toute fa\u00e7on ne veulent pas de moi parce qu&rsquo;une chanteuse pop de 60 ans, il y a que moi qui en veux \u00bb. Un chantier qui semble donc en bonne voie !<\/p>\n<p><script async src=\"\/\/www.instagram.com\/embed.js\"><\/script><\/p>\n","protected":false},"excerpt":{"rendered":"Bestimage Lio a travers\u00e9 la pire des \u00e9preuves qu&rsquo;une femme puisse conna\u00eetre. Le 2 mars, le corps sans&hellip;\n","protected":false},"author":2,"featured_media":362037,"comment_status":"","ping_status":"","sticky":false,"template":"","format":"standard","meta":{"footnotes":""},"categories":[1355],"tags":[58,59,1011,27,1361,873],"class_list":{"0":"post-362036","1":"post","2":"type-post","3":"status-publish","4":"format-standard","5":"has-post-thumbnail","7":"category-musique","8":"tag-divertissement","9":"tag-entertainment","10":"tag-fr","11":"tag-france","12":"tag-music","13":"tag-musique"},"share_on_mastodon":{"url":"https:\/\/pubeurope.com\/@fr\/115137557594697615","error":""},"_links":{"self":[{"href":"https:\/\/www.europesays.com\/fr\/wp-json\/wp\/v2\/posts\/362036","targetHints":{"allow":["GET"]}}],"collection":[{"href":"https:\/\/www.europesays.com\/fr\/wp-json\/wp\/v2\/posts"}],"about":[{"href":"https:\/\/www.europesays.com\/fr\/wp-json\/wp\/v2\/types\/post"}],"author":[{"embeddable":true,"href":"https:\/\/www.europesays.com\/fr\/wp-json\/wp\/v2\/users\/2"}],"replies":[{"embeddable":true,"href":"https:\/\/www.europesays.com\/fr\/wp-json\/wp\/v2\/comments?post=362036"}],"version-history":[{"count":0,"href":"https:\/\/www.europesays.com\/fr\/wp-json\/wp\/v2\/posts\/362036\/revisions"}],"wp:featuredmedia":[{"embeddable":true,"href":"https:\/\/www.europesays.com\/fr\/wp-json\/wp\/v2\/media\/362037"}],"wp:attachment":[{"href":"https:\/\/www.europesays.com\/fr\/wp-json\/wp\/v2\/media?parent=362036"}],"wp:term":[{"taxonomy":"category","embeddable":true,"href":"https:\/\/www.europesays.com\/fr\/wp-json\/wp\/v2\/categories?post=362036"},{"taxonomy":"post_tag","embeddable":true,"href":"https:\/\/www.europesays.com\/fr\/wp-json\/wp\/v2\/tags?post=362036"}],"curies":[{"name":"wp","href":"https:\/\/api.w.org\/{rel}","templated":true}]}}