{"id":362038,"date":"2025-09-03T00:34:18","date_gmt":"2025-09-03T00:34:18","guid":{"rendered":"https:\/\/www.europesays.com\/fr\/362038\/"},"modified":"2025-09-03T00:34:18","modified_gmt":"2025-09-03T00:34:18","slug":"sans-retenue-emma-watson-raconte-sa-premiere-fois-cetait-tres-etrange","status":"publish","type":"post","link":"https:\/\/www.europesays.com\/fr\/362038\/","title":{"rendered":"Sans retenue, Emma Watson raconte sa premi\u00e8re fois : \u201cC&rsquo;\u00e9tait tr\u00e8s \u00e9trange\u201d"},"content":{"rendered":"<p><strong>Emma Watson<\/strong> est l\u00a0\u00bbic\u00f4ne de toute une<br \/>\ng\u00e9n\u00e9ration. <strong>Et m\u00eame plus, tant la saga cin\u00e9matographique<br \/>\nHarry Potter, dans laquelle elle tient le r\u00f4le<br \/>\nd\u2019Hermione Granger, traverse les \u00e2ges.<\/strong> L\u2019actrice<br \/>\nbritannique devient c\u00e9l\u00e8bre gr\u00e2ce \u00e0 ce portrait de jeune sorci\u00e8re \u00e0<br \/>\nl\u2019intelligence sup\u00e9rieure sauvant la peau de ses camarades<br \/>\n<strong>Harry Potter<\/strong> et <strong>Ron Weasley<\/strong>. Elle<br \/>\na jou\u00e9 ce personnage f\u00e9minin durant dix ans et huit films. Depuis,<br \/>\nelle a fait carri\u00e8re dans la mode, n&rsquo;arrivant pas \u00e0 se d\u00e9coller<br \/>\nl\u2019image d\u2019Hermione au cin\u00e9ma. Elle raconte sa toute premi\u00e8re<br \/>\nfois\u2026<\/p>\n<p>Emma Watson : Hermione est le r\u00f4le de sa vie<\/p>\n<p>2001, le grand public d\u00e9couvre le premier opus de la saga<br \/>\ncin\u00e9matographique Harry Potter : Harry Potter \u00e0<br \/>\nl\u2019\u00e9cole des sorciers. Il s\u2019agit d\u2019une adaptation litt\u00e9rale du<br \/>\npremier livre sign\u00e9 de l\u2019\u00e9crivaine <strong>J.K. Rowling<\/strong>.<br \/>\nSuivront sept suites, le dernier film \u00e9tant divis\u00e9 en deux parties.<br \/>\nEmma Watson, durant le premier tournage, est une adolescente comme<br \/>\nles autres. <strong>Toutefois, <a href=\"https:\/\/www.melty.fr\/people\/emma-watson-je-detestais-mes-gros-lactrice-dharry-potter-confesse-son-complexe-physique-2258260.html\" rel=\"nofollow noopener\" target=\"_blank\"><br \/>\nelle g\u00e8re tr\u00e8s bien la c\u00e9l\u00e9brit\u00e9 qui d\u00e9coule du succ\u00e8s<\/a> du film<br \/>\net de la suite.<\/strong><\/p>\n<p><strong>Hermione Granger, sorci\u00e8re talentueuse doubl\u00e9e d\u2019une<br \/>\npremi\u00e8re de la classe, est le r\u00f4le de sa vie.<\/strong> Apr\u00e8s<br \/>\nl\u2019aventure Harry Potter, elle n\u2019aura de cesse de<br \/>\nmultiplier les films pour casser son image de magicienne intello.<br \/>\nOn la retrouve alors devant la cam\u00e9ra de <strong>Sofia<br \/>\nCoppola<\/strong>, dans The Bling Ring, incarnant une<br \/>\npimb\u00eache riche et d\u00e9lur\u00e9e. Ou face au v\u00e9t\u00e9ran <strong>Ethan<br \/>\nHawke<\/strong> dans le thriller psychologique sur fond de secte,<br \/>\nR\u00e9gression. Sans succ\u00e8s, toutefois.<\/p>\n<p>Elle a (re-)trouv\u00e9 l\u2019amour sur les bancs d\u2019Oxford<\/p>\n<p><strong>De fait, Emma Watson, encore aujourd\u2019hui, en 2025, reste<br \/>\nindissociable de son r\u00f4le.<\/strong> Elle est litt\u00e9ralement<br \/>\nHermione, que cela soit pour les <strong>Potterheads<\/strong>, ces<br \/>\nfans puristes d\u2019Harry Potter, et pour les m\u00e9dias apposant<br \/>\ndes \u00e9tiquettes. <strong>Melty<\/strong>, dans ce cas pr\u00e9cis, ne<br \/>\nfaisait pas exception \u00e0 la r\u00e8gle. <strong>En parall\u00e8le de sa<br \/>\nfilmographie, l\u2019actrice britannique poursuit une carri\u00e8re r\u00e9ussie<br \/>\ndans la mode.<\/strong> En \u00e9tant \u00e9g\u00e9rie pour<br \/>\n<strong>Burberry<\/strong> ou encore r\u00e9cemment<br \/>\n<strong>Prada<\/strong>.<\/p>\n<p>Cette ann\u00e9e, l\u2019actrice fait \u00e0 nouveau parler d\u2019elle loin des<br \/>\ncam\u00e9ras ou de <strong>Poudlard<\/strong>. Non, on ne vous parle pas<br \/>\nde sa suspension de permis de conduire pour exc\u00e8s de vitesse. Mais<br \/>\nbien d\u2019une nouvelle love story. Emma Watson, apr\u00e8s une<br \/>\nrupture en 2022, a trouv\u00e9 l\u2019amour sur les bancs d\u2019Oxford.<br \/>\n<strong>Elle est actuellement en couple avec un certain Kieran<br \/>\nBrown.<\/strong> <a href=\"https:\/\/www.melty.fr\/people\/emma-watson-ca-balance-sur-son-couple-ils-ont-beaucoup-de-choses-a-se-dire-2258505.html\" rel=\"nofollow noopener\" target=\"_blank\"><br \/>\nIls se sont rencontr\u00e9s dans cette c\u00e9l\u00e8bre universit\u00e9<\/a> o\u00f9 ils<br \/>\n\u00e9tudient la <strong>litt\u00e9rature<\/strong>. Romantique, non ?<\/p>\n<p>Emma Watson, tr\u00e8s cash sur sa premi\u00e8re<br \/>\nfois<\/p>\n<p>Flashback : nous sommes en 2001. <strong>\u00c0 seulement 11 ans,<br \/>\nEmma Watson se d\u00e9brouille comme une cheffe lors de sa premi\u00e8re<br \/>\ninterview t\u00e9l\u00e9.<\/strong> \u201cIl y avait une audition dans mon<br \/>\n\u00e9cole.\u201d, raconte l\u2019interpr\u00e8te d\u2019Hermione Granger. Avant<br \/>\nd\u2019ajouter : \u201c<strong>C\u2019\u00e9tait tr\u00e8s surprenant, voire<br \/>\n\u00e9trange<\/strong> [&#8230;]\u201d Elle explique avoir d\u00e9vor\u00e9 les livres<br \/>\noriginaux en pr\u00e9cisant au passage : \u201cJe me voyais en tant<br \/>\nqu\u2019Hermione !\u201d<\/p>\n<p><strong>Puis, finalement, au terme des castings, elle a \u00e9t\u00e9<br \/>\nchoisie pour le fameux r\u00f4le.<\/strong> \u201cJe ne pouvais pas y<br \/>\ncroire\u201d, lance avec une stup\u00e9faction toujours palpable Emma<br \/>\nWatson. \u201c<strong>Mais pourquoi vous, Emma Watson<br \/>\n?<\/strong>\u201d, demande l&rsquo;intervieweur sur le ton de la<br \/>\nplaisanterie. \u201c<strong>Parce que je le vaut bien<br \/>\n!<\/strong>\u201d, r\u00e9plique l\u2019int\u00e9ress\u00e9 du tac-au-tac avec le m\u00eame<br \/>\nhumour, citant au passage un gimmick de pub pour cosm\u00e9tique.<br \/>\nHilarit\u00e9 sur le plateau, du c\u00f4t\u00e9 des pr\u00e9sentateurs comme du public.<br \/>\n<strong>\u00c0 ce moment-l\u00e0, on savait d\u00e9j\u00e0 -et peut-\u00eatre elle aussi,<br \/>\nqu\u2019Emma Watson \u00e9tait une graine de stars qui allait \u00e9clore gr\u00e2ce \u00e0<br \/>\nla saga Harry Potter.<\/strong><\/p>\n","protected":false},"excerpt":{"rendered":"Emma Watson est l\u00a0\u00bbic\u00f4ne de toute une g\u00e9n\u00e9ration. Et m\u00eame plus, tant la saga cin\u00e9matographique Harry Potter, dans&hellip;\n","protected":false},"author":2,"featured_media":362039,"comment_status":"","ping_status":"","sticky":false,"template":"","format":"standard","meta":{"footnotes":""},"categories":[1354],"tags":[905,58,39325,59,1346,1011,27,1360],"class_list":{"0":"post-362038","1":"post","2":"type-post","3":"status-publish","4":"format-standard","5":"has-post-thumbnail","7":"category-films","8":"tag-a-la-une-melty","9":"tag-divertissement","10":"tag-emma-watson","11":"tag-entertainment","12":"tag-films","13":"tag-fr","14":"tag-france","15":"tag-movies"},"share_on_mastodon":{"url":"https:\/\/pubeurope.com\/@fr\/115137561559712377","error":""},"_links":{"self":[{"href":"https:\/\/www.europesays.com\/fr\/wp-json\/wp\/v2\/posts\/362038","targetHints":{"allow":["GET"]}}],"collection":[{"href":"https:\/\/www.europesays.com\/fr\/wp-json\/wp\/v2\/posts"}],"about":[{"href":"https:\/\/www.europesays.com\/fr\/wp-json\/wp\/v2\/types\/post"}],"author":[{"embeddable":true,"href":"https:\/\/www.europesays.com\/fr\/wp-json\/wp\/v2\/users\/2"}],"replies":[{"embeddable":true,"href":"https:\/\/www.europesays.com\/fr\/wp-json\/wp\/v2\/comments?post=362038"}],"version-history":[{"count":0,"href":"https:\/\/www.europesays.com\/fr\/wp-json\/wp\/v2\/posts\/362038\/revisions"}],"wp:featuredmedia":[{"embeddable":true,"href":"https:\/\/www.europesays.com\/fr\/wp-json\/wp\/v2\/media\/362039"}],"wp:attachment":[{"href":"https:\/\/www.europesays.com\/fr\/wp-json\/wp\/v2\/media?parent=362038"}],"wp:term":[{"taxonomy":"category","embeddable":true,"href":"https:\/\/www.europesays.com\/fr\/wp-json\/wp\/v2\/categories?post=362038"},{"taxonomy":"post_tag","embeddable":true,"href":"https:\/\/www.europesays.com\/fr\/wp-json\/wp\/v2\/tags?post=362038"}],"curies":[{"name":"wp","href":"https:\/\/api.w.org\/{rel}","templated":true}]}}