{"id":362044,"date":"2025-09-03T00:37:13","date_gmt":"2025-09-03T00:37:13","guid":{"rendered":"https:\/\/www.europesays.com\/fr\/362044\/"},"modified":"2025-09-03T00:37:13","modified_gmt":"2025-09-03T00:37:13","slug":"cyril-feraud-surprise-stephane-bern-lui-chipe-sa-place","status":"publish","type":"post","link":"https:\/\/www.europesays.com\/fr\/362044\/","title":{"rendered":"Cyril Feraud : surprise, St\u00e9phane Bern lui chipe sa place"},"content":{"rendered":"<p>On conna\u00eet le successeur de <a href=\"https:\/\/www.public.fr\/tag\/cyril-feraud\" rel=\"nofollow noopener\" target=\"_blank\">Cyril F\u00e9raud<\/a> \u00e0 la t\u00eate de <strong>La Carte aux tr\u00e9sors<\/strong>. Il s\u2019agit d\u2019un animateur embl\u00e9matique du service public, que l\u2019on retrouve notamment dans <strong>Secrets d\u2019histoire<\/strong> : <a href=\"https:\/\/www.public.fr\/tag\/stephane-bern\" rel=\"nofollow noopener\" target=\"_blank\">St\u00e9phane Bern<\/a>.<\/p>\n<p>En effet, <a href=\"https:\/\/vsd.fr\/tag\/stephane-bern\/\" rel=\"nofollow noopener\" target=\"_blank\">le compagnon de Yori<\/a> vient de se faire choisir par France T\u00e9l\u00e9visions pour <strong>prendre la place de l\u2019animateur originaire de Digne-les-bains<\/strong> dans le programme pr\u00e9sent\u00e9, \u00e0 l\u2019origine, par Sylvain Augier.<\/p>\n<p>Pour rappel, Cyril F\u00e9raud a r\u00e9cemment fait part de <a href=\"https:\/\/www.public.fr\/cyril-feraud-cest-fini-il-a-decide-de-lever-le-pied\" rel=\"nofollow noopener\" target=\"_blank\">son souhait de \u00ab\u00a0lever le pied<\/a>\u00ab\u00a0. Entre T<strong>out le monde veut prendre sa place, 100% Logique, Le Quiz des champions<\/strong>, ou encore\u00a0<strong>The Floor<\/strong>, le jeune papa pr\u00e9sentait \u00e9galement <strong>La Carte aux tr\u00e9sors<\/strong> depuis 2018.\u00a0<\/p>\n<p>Cyril F\u00e9raud souhaitait \u00ab\u00a0lever le pied\u00a0\u00bb<\/p>\n<p>Si l\u2019animateur prenait du plaisir \u00e0 tourner ce programme, cela lui prenait n\u00e9anmoins beaucoup de temps \u00ab\u00a0en pr\u00e9paration, en \u00e9criture de texte, en tournage\u00a0\u00bb. <\/p>\n<p>De plus, le plus handicapant pour l\u2019animateur restait le fait de partir\u00a0<strong>\u00ab\u00a0plusieurs semaines loin de [sa] famille et de [son] fils\u00a0\u00bb<\/strong>.\u00a0Pour pouvoir passer plus de temps aux c\u00f4t\u00e9s de son enfant, l\u2019animateur de 40 ans a pr\u00e9f\u00e9r\u00e9 c\u00e9der sa place et \u00ab\u00a0quitter\u00a0\u00bb plusieurs \u00e9missions.\u00a0<\/p>\n<p>\u00ab\u00a0Je vais passer la main \u00e0 quelqu\u2019un ou quelqu\u2019une. On a cinq \u00e9pisodes avec moi qu&rsquo;on diffusera assez vite. Quelqu\u2019un reprendra le b\u00e9b\u00e9 avec grand plaisir\u00a0\u00bb, a-t-il promis au cours d\u2019une conf\u00e9rence de presse. Et la personne qui \u00ab\u00a0reprendra le b\u00e9b\u00e9\u00a0\u00bb est d\u00e9sormais connue.<\/p>\n<p>St\u00e9phane Bern succ\u00e8de \u00e0 Cyril F\u00e9raud<\/p>\n<p>Nos confr\u00e8res de <a href=\"https:\/\/www.ouest-france.fr\/medias\/television\/stephane-bern\/info-ouest-france-la-carte-aux-tresors-stephane-bern-remplace-cyril-feraud-sur-france-3-45c23388-87d6-11f0-86eb-dac26b435301\" rel=\"nofollow noopener\" target=\"_blank\">Ouest-France<\/a> annoncent, ce mardi 2 septembre 2025, que <strong>St\u00e9phane Bern va succ\u00e9der \u00e0 Cyril F\u00e9raud<\/strong> dans les prochains mois. \u00ab\u00a0St\u00e9phane Bern est la figure du patrimoine, le fin connaisseur des territoires. On a beaucoup \u00e9chang\u00e9 avec lui, il adore cette \u00e9mission et en avait donc tr\u00e8s envie\u00a0\u00bb,\u00a0indique Alexandra Redde-Amiel \u00e0 nos confr\u00e8res.<\/p>\n<p>Avant de poursuivre :\u00a0\u00ab\u00a0Il est passionn\u00e9 de la France et tr\u00e8s populaire, comme Cyril, qu\u2019on remercie particuli\u00e8rement pour ces huit ans sur cette \u00e9mission qui lui tenait \u00e0 c\u0153ur et qu\u2019il a fait grandir avec talent.\u00a0\u00bb<\/p>\n<p>France T\u00e9l\u00e9visions pr\u00e9cise que \u00ab\u00a0trois num\u00e9ros sont en cours de pr\u00e9paration avec St\u00e9phane Bern, pour une diffusion courant 2026\u00a0\u00bb.<strong> \u00ab\u00a0On va adapter l\u2019\u00e9mission pour lui. Il a envie de jouer mais aussi d\u2019apporter sa touche personnelle\u00a0\u00bb<\/strong>, indique, de son c\u00f4t\u00e9<strong>,<\/strong>\u00a0le producteur de <strong>La Carte aux tr\u00e9sors<\/strong> Pierre-Antoine Boucly.<\/p>\n<p>Ce dernier r\u00e9v\u00e8le \u00e9galement que l\u2019utilisation de l\u2019h\u00e9licopt\u00e8re sera encore r\u00e9duite, notamment dans le but de limiter les \u00e9missions de carbone : \u00ab\u00a0D\u00e8s qu\u2019on pourra s\u2019en passer, on s\u2019en passera. On va mettre plus d\u2019\u00e9nigmes anim\u00e9es depuis le sol par l\u2019animateur\u00a0\u00bb.<\/p>\n<p>Le compagnon de Yori a pu \u00e9changer avec son pr\u00e9d\u00e9cesseur <\/p>\n<p>De son c\u00f4t\u00e9, St\u00e9phane Bern se dit heureux de cette proposition. Selon ses dires, relay\u00e9s par Ouest-France, il aurait m\u00eame <strong>pu s\u2019entretenir avec Cyril F\u00e9raud<\/strong> pour \u00e9changer au sujet de ce nouveau r\u00f4le \u00e0 venir.<\/p>\n<p><strong>\u00ab\u00a0<\/strong>Je suis tr\u00e8s heureux que France T\u00e9l\u00e9visions me renouvelle sa confiance. <strong>J\u2019ai beaucoup parl\u00e9 avec Cyril F\u00e9raud, c\u2019est super ce qu\u2019il a apport\u00e9<\/strong>. Je vais essayer d\u2019apporter ma touche personnelle : toujours plus de patrimoine, et de contact avec les Fran\u00e7ais que j\u2019ai eu avec\u00a0Le Village pr\u00e9f\u00e9r\u00e9\u00a0et\u00a0Le Monument pr\u00e9f\u00e9r\u00e9 des Fran\u00e7ais\u00a0\u00bb, a-t-il confi\u00e9, impatient de pr\u00e9senter son premier num\u00e9ro de <strong>La Carte aux tr\u00e9sors.<\/strong>\u00a0<\/p>\n<p>      Mentionn\u00e9s dans cet article<\/p>\n<p>      Sur le m\u00eame sujet<\/p>\n","protected":false},"excerpt":{"rendered":"On conna\u00eet le successeur de Cyril F\u00e9raud \u00e0 la t\u00eate de La Carte aux tr\u00e9sors. Il s\u2019agit d\u2019un&hellip;\n","protected":false},"author":2,"featured_media":362045,"comment_status":"","ping_status":"","sticky":false,"template":"","format":"standard","meta":{"footnotes":""},"categories":[8],"tags":[4642,58,59,1011,27,2400,49727,18875],"class_list":{"0":"post-362044","1":"post","2":"type-post","3":"status-publish","4":"format-standard","5":"has-post-thumbnail","7":"category-divertissement","8":"tag-cyril-feraud","9":"tag-divertissement","10":"tag-entertainment","11":"tag-fr","12":"tag-france","13":"tag-france-televisions","14":"tag-la-carte-aux-tresors","15":"tag-stephane-bern"},"share_on_mastodon":{"url":"https:\/\/pubeurope.com\/@fr\/115137573258732459","error":""},"_links":{"self":[{"href":"https:\/\/www.europesays.com\/fr\/wp-json\/wp\/v2\/posts\/362044","targetHints":{"allow":["GET"]}}],"collection":[{"href":"https:\/\/www.europesays.com\/fr\/wp-json\/wp\/v2\/posts"}],"about":[{"href":"https:\/\/www.europesays.com\/fr\/wp-json\/wp\/v2\/types\/post"}],"author":[{"embeddable":true,"href":"https:\/\/www.europesays.com\/fr\/wp-json\/wp\/v2\/users\/2"}],"replies":[{"embeddable":true,"href":"https:\/\/www.europesays.com\/fr\/wp-json\/wp\/v2\/comments?post=362044"}],"version-history":[{"count":0,"href":"https:\/\/www.europesays.com\/fr\/wp-json\/wp\/v2\/posts\/362044\/revisions"}],"wp:featuredmedia":[{"embeddable":true,"href":"https:\/\/www.europesays.com\/fr\/wp-json\/wp\/v2\/media\/362045"}],"wp:attachment":[{"href":"https:\/\/www.europesays.com\/fr\/wp-json\/wp\/v2\/media?parent=362044"}],"wp:term":[{"taxonomy":"category","embeddable":true,"href":"https:\/\/www.europesays.com\/fr\/wp-json\/wp\/v2\/categories?post=362044"},{"taxonomy":"post_tag","embeddable":true,"href":"https:\/\/www.europesays.com\/fr\/wp-json\/wp\/v2\/tags?post=362044"}],"curies":[{"name":"wp","href":"https:\/\/api.w.org\/{rel}","templated":true}]}}