{"id":362046,"date":"2025-09-03T00:38:12","date_gmt":"2025-09-03T00:38:12","guid":{"rendered":"https:\/\/www.europesays.com\/fr\/362046\/"},"modified":"2025-09-03T00:38:12","modified_gmt":"2025-09-03T00:38:12","slug":"lun-des-plus-grands-icebergs-vieux-de-39-ans-fond-a-vue-doeil-au-large-de-lantarctique","status":"publish","type":"post","link":"https:\/\/www.europesays.com\/fr\/362046\/","title":{"rendered":"L\u2019un des plus grands icebergs, vieux de 39 ans, fond \u00e0 vue d\u2019\u0153il au large de l&rsquo;Antarctique"},"content":{"rendered":"<p>D\u00e9tach\u00e9 du continent depuis 1986, l\u2019iceberg baptis\u00e9 A23a pesait encore en d\u00e9but d\u2019ann\u00e9e pr\u00e8s de 1000 milliards de tonnes et couvrait pr\u00e8s de 4000 km\u00b2.<\/p>\n<p class=\"fig-paragraph\">Un iceberg g\u00e9ant form\u00e9 en se\u00a0<a href=\"http:\/\/www.lefigaro.fr\/sciences\/un-iceberg-geant-grand-comme-40-fois-paris-a-la-derive-dans-l-antarctique-20231128\" data-fig-type=\"NewsFlash\" data-gtm-custom-categorie=\"navigation\" data-gtm-custom-action=\"crossclick\" data-gtm-custom-label=\"Contextuel\" data-gtm-event=\"customEventSPE\" data-fig-domain=\"LEFIGARO\" target=\"_blank\" rel=\"noopener\">d\u00e9tachant de l&rsquo;Antarctique<\/a>\u00a0il y a 39 ans, \u00e0 un moment le plus grand du monde, est en train de fondre dans des eaux devenues plus chaudes, selon les scientifiques. En d\u00e9but d&rsquo;ann\u00e9e, ce colosse de glace baptis\u00e9 A23a pesait pr\u00e8s de 1000 milliards de tonnes et couvrait pr\u00e8s de 4000 km\u00b2, soit 50% de plus que la superficie du Luxembourg. Mais en d\u00e9rivant vers le nord, et donc dans des r\u00e9gions moins froides que l&rsquo;oc\u00e9an Austral, il a vu se d\u00e9tacher de gros morceaux.<\/p>\n<p class=\"fig-paragraph\">Sa taille est actuellement de 1770 km\u00b2, avec une largeur qui atteint jusqu&rsquo;\u00e0 60 km, selon une analyse par l&rsquo;AFP d&rsquo;images satellite du service europ\u00e9en Copernicus. \u00abJe dirais qu&rsquo;il est vraiment sur la fin (&#8230;) Il est tout simplement en train de pourrir par la racine. L&rsquo;eau est bien trop chaude pour qu&rsquo;il survive. Il est en train de fondre avec constance\u00bb, a expliqu\u00e9 \u00e0 l&rsquo;AFP un oc\u00e9anologue de l&rsquo;institut de recherche antarctique du Royaume-Uni (British Antarctic Survey), Andrew Meijers. \u00abJe m&rsquo;attends \u00e0 ce que cela continue dans les prochaines semaines, et je pr\u00e9vois qu&rsquo;il sera rendu m\u00e9connaissable en l&rsquo;espace de quelques semaines\u00bb, a-t-il ajout\u00e9.<\/p>\n<p>                                    <a class=\"fig-a11y-skip a11y-hidden\" href=\"#fig-a11y-skip-main-inarticle\"><br \/>\n        Passer la publicit\u00e9<br \/>\n    <\/a><\/p>\n<p>Menace sur l\u2019\u00e9cosyst\u00e8me<\/p>\n<p class=\"fig-paragraph\">A23a s&rsquo;\u00e9tait d\u00e9tach\u00e9 du continent en 1986 avant de s&rsquo;\u00e9chouer en mer de Weddell, o\u00f9 il est rest\u00e9 ancr\u00e9 au plancher oc\u00e9anique pendant plus de trois d\u00e9cennies. En 2020, il s&rsquo;est remis en route, port\u00e9 comme d&rsquo;autres icebergs par le puissant courant circumpolaire antarctique. Il s&rsquo;est \u00e0 nouveau \u00e9chou\u00e9 en mars 2025, non loin de la G\u00e9orgie du Sud, une \u00eele britannique de l&rsquo;Atlantique Sud. La crainte \u00e9tait qu&rsquo;il\u00a0<a href=\"http:\/\/www.lefigaro.fr\/sciences\/long-de-80-kilometres-le-plus-grand-iceberg-au-monde-menace-manchots-et-otaries-d-une-ile-britannique-20250124\" data-fig-type=\"NewsFlash\" data-gtm-custom-categorie=\"navigation\" data-gtm-custom-action=\"crossclick\" data-gtm-custom-label=\"Contextuel\" data-gtm-event=\"customEventSPE\" data-fig-domain=\"LEFIGARO\" target=\"_blank\" rel=\"noopener\">menace la subsistance<\/a>\u00a0des manchots et otaries.<\/p>\n<p class=\"fig-paragraph\">Il a fini sa course en contournant l&rsquo;\u00eele et en gagnant de la vitesse \u00e0 mesure que les vagues puissantes et les eaux moins froides de cet oc\u00e9an le mettaient \u00e0 mal. Les scientifiques ont \u00e9t\u00e9 \u00absurpris\u00bb de le voir tenir aussi longtemps. \u00abLa plupart des icebergs ne vont pas aussi loin\u00bb, \u00e9tant \u00abcondamn\u00e9s\u00bb une fois qu&rsquo;ils quittent la protection du climat antarctique, a ajout\u00e9 Andrew Meijers. La formation d&rsquo;icebergs est un processus naturel dont les scientifiques estiment que le rythme auquel l&rsquo;Antarctique en produit s&rsquo;est accru, probablement en raison du changement climatique d\u00fb aux activit\u00e9s humaines.<\/p>\n","protected":false},"excerpt":{"rendered":"D\u00e9tach\u00e9 du continent depuis 1986, l\u2019iceberg baptis\u00e9 A23a pesait encore en d\u00e9but d\u2019ann\u00e9e pr\u00e8s de 1000 milliards de&hellip;\n","protected":false},"author":2,"featured_media":362047,"comment_status":"","ping_status":"","sticky":false,"template":"","format":"standard","meta":{"footnotes":""},"categories":[7],"tags":[5764,1011,27,49728,43,40,41,39,42,44],"class_list":{"0":"post-362046","1":"post","2":"type-post","3":"status-publish","4":"format-standard","5":"has-post-thumbnail","7":"category-sciences-et-technologies","8":"tag-antarctique","9":"tag-fr","10":"tag-france","11":"tag-iceberg","12":"tag-science","13":"tag-science-and-technology","14":"tag-sciences","15":"tag-sciences-et-technologies","16":"tag-technologies","17":"tag-technology"},"share_on_mastodon":{"url":"https:\/\/pubeurope.com\/@fr\/115137577462020578","error":""},"_links":{"self":[{"href":"https:\/\/www.europesays.com\/fr\/wp-json\/wp\/v2\/posts\/362046","targetHints":{"allow":["GET"]}}],"collection":[{"href":"https:\/\/www.europesays.com\/fr\/wp-json\/wp\/v2\/posts"}],"about":[{"href":"https:\/\/www.europesays.com\/fr\/wp-json\/wp\/v2\/types\/post"}],"author":[{"embeddable":true,"href":"https:\/\/www.europesays.com\/fr\/wp-json\/wp\/v2\/users\/2"}],"replies":[{"embeddable":true,"href":"https:\/\/www.europesays.com\/fr\/wp-json\/wp\/v2\/comments?post=362046"}],"version-history":[{"count":0,"href":"https:\/\/www.europesays.com\/fr\/wp-json\/wp\/v2\/posts\/362046\/revisions"}],"wp:featuredmedia":[{"embeddable":true,"href":"https:\/\/www.europesays.com\/fr\/wp-json\/wp\/v2\/media\/362047"}],"wp:attachment":[{"href":"https:\/\/www.europesays.com\/fr\/wp-json\/wp\/v2\/media?parent=362046"}],"wp:term":[{"taxonomy":"category","embeddable":true,"href":"https:\/\/www.europesays.com\/fr\/wp-json\/wp\/v2\/categories?post=362046"},{"taxonomy":"post_tag","embeddable":true,"href":"https:\/\/www.europesays.com\/fr\/wp-json\/wp\/v2\/tags?post=362046"}],"curies":[{"name":"wp","href":"https:\/\/api.w.org\/{rel}","templated":true}]}}