{"id":362050,"date":"2025-09-03T00:40:26","date_gmt":"2025-09-03T00:40:26","guid":{"rendered":"https:\/\/www.europesays.com\/fr\/362050\/"},"modified":"2025-09-03T00:40:26","modified_gmt":"2025-09-03T00:40:26","slug":"un-enfant-tue-alors-quil-faisait-des-canulars-aux-sonnettes-dans-le-voisinage","status":"publish","type":"post","link":"https:\/\/www.europesays.com\/fr\/362050\/","title":{"rendered":"Un enfant tu\u00e9 alors qu&rsquo;il faisait des canulars aux sonnettes dans le voisinage"},"content":{"rendered":"<p class=\"app_entry_lead\">\n<p>                    <a title=\"\u00a0\u00a9\u00a0123rf\" href=\"https:\/\/www.europesays.com\/fr\/wp-content\/uploads\/2025\/09\/79704652.jpg\" class=\"fancy\"><\/p>\n<p>                            <img loading=\"lazy\" decoding=\"async\" src=\"https:\/\/www.europesays.com\/fr\/wp-content\/uploads\/2025\/09\/79704652.jpg\" alt=\"Un enfant tu\u00e9 alors qu'il faisait des canulars aux sonnettes dans le voisinage\" width=\"1500\" height=\"1000\"\/><\/p>\n<p>                    <\/a><\/p>\n<p>                Un jeune gar\u00e7on de onze ans a \u00e9t\u00e9 abattu alors qu&rsquo;il s&rsquo;amusait \u00e0 sonner aux portes avant de s&rsquo;enfuir dans sa rue. La police a encercl\u00e9 la maison du tireur, mais n&rsquo;a rien pu faire.<\/p>\n<p>Un\u00a0bien triste fait divers. Alors qu&rsquo;il s&rsquo;amusait \u00e0 sonner aux portes avant de s&rsquo;enfuir, comme beaucoup d&rsquo;enfants l&rsquo;ont d\u00e9j\u00e0 fait pendant leur jeunesse, un gar\u00e7on\u00a0de onze ans a \u00e9t\u00e9 tu\u00e9 par balle dans des circonstances terribles.\u00a0Il jouait avec ses amis \u00e0 \u00ab\u00a0ding dong ditch\u00a0\u00bb, ce jeu dont la r\u00e8gle est de sonner \u00e0 une porte alors que les propri\u00e9taires des lieux sont \u00e0 l&rsquo;int\u00e9rieur, avant de prendre la fuite le plus rapidement possible, sans se faire prendre. Mais samedi dernier, \u00e0 Houston (Etats-Unis), un individu est sorti de la maison en question, situ\u00e9e en bas de la rue du gar\u00e7on, et a ouvert le feu.\u00a0<\/p>\n<p>Un t\u00e9moin a d\u00e9clar\u00e9 que le gar\u00e7on s&rsquo;enfuyait de la maison de Racine Street apr\u00e8s avoir sonn\u00e9 \u00e0 la porte lorsqu&rsquo;il a \u00e9t\u00e9 abattu, a indiqu\u00e9 la police. Il a \u00e9t\u00e9\u00a0transport\u00e9 \u00e0 l&rsquo;h\u00f4pital et d\u00e9clar\u00e9 mort dimanche. \u00ab\u00a0Peu avant 23\u00a0heures samedi, un individu \u00e0 l&rsquo;int\u00e9rieur de la maison est sorti et a tir\u00e9 sur le gar\u00e7on\u00a0\u00bb, a indiqu\u00e9 la police de Houston. Selon les informations de <a href=\"https:\/\/edition.cnn.com\/2025\/09\/01\/us\/ding-dong-ditch-boy-shot-houston-hnk\" rel=\"nofollow noopener\" target=\"_blank\">CNN<\/a>, une personne a \u00e9t\u00e9 interpell\u00e9e et attend de subir un interrogatoire.\u00a0Les forces de l&rsquo;ordre ont rapidement encercl\u00e9 la maison d&rsquo;o\u00f9 le coup de feu avait \u00e9t\u00e9 tir\u00e9, aucun autre bless\u00e9 n&rsquo;est \u00e0 d\u00e9plorer.<\/p>\n<p>Alors qu&rsquo;une enqu\u00eate est en cours, les membres de la police de Houston\u00a0examinent actuellement les vid\u00e9os de surveillance et collaborent avec le bureau du procureur du comt\u00e9 de Harris sur d&rsquo;\u00e9ventuelles accusations, a rapport\u00e9 KHOU, une cha\u00eene affili\u00e9e \u00e0 CNN. Certains faits similaires se sont d\u00e9j\u00e0 d\u00e9roul\u00e9s aux Etats-Unis, avec des peines de prison \u00e0 la cl\u00e9.<\/p>\n<p>Le sergent Michael Cass explique qu&rsquo;il \u00ab\u00a0s&rsquo;agira tr\u00e8s probablement d&rsquo;une accusation de meurtre\u00a0\u00bb, dans cette affaire. En revanche, la mort du gar\u00e7on ne semble pas \u00eatre li\u00e9e \u00e0 la l\u00e9gitime d\u00e9fense, car la fusillade \u00ab\u00a0n&rsquo;a pas eu lieu pr\u00e8s de la maison\u00a0\u00bb. De son c\u00f4t\u00e9, un habitant du quartier d\u00e9clare \u00eatre abasourdi par la nouvelle au micro de KPRC, cha\u00eene partenaire de CNN. Son propre petit-fils joue r\u00e9guli\u00e8rement dans le quartier, d&rsquo;o\u00f9\u00a0son \u00e9motion au moment d&rsquo;\u00e9voquer la trag\u00e9die :\u00a0\u00ab\u00a0Moi et quelques voisins, nous \u00e9tions vraiment tristes qu&rsquo;une telle chose soit arriv\u00e9e \u00e0 un enfant (&#8230;) \u00c0 dix ans, on a encore beaucoup de chemin \u00e0 parcourir\u00a0\u00bb, regrette-t-il.<\/p>\n<p>Le \u00ab\u00a0ding dong ditch\u00a0\u00bb est une farce ancestrale qui a gagn\u00e9 en popularit\u00e9 ces derni\u00e8res ann\u00e9es et est devenue un d\u00e9fi sur les r\u00e9seaux sociaux. Les vid\u00e9os TikTok pr\u00e9sentent souvent des variantes o\u00f9 les farceurs frappent ou donnent des coups de pied aux portes d&rsquo;entr\u00e9e des gens. Fin juillet, dans une banlieue de Dallas, un homme a tir\u00e9 sur une voiture en fuite apr\u00e8s que quelqu&rsquo;un a\u00a0frapp\u00e9 \u00e0 sa porte, d&rsquo;apr\u00e8s les mots de la police locale. En mai dernier, un lyc\u00e9en de 18\u00a0ans\u00a0a \u00e9t\u00e9 tu\u00e9 en Virginie par balle alors qu&rsquo;il filmait un \u00ab\u00a0ding dong ditch\u00a0\u00bb pour le publier sur TikTok, a rapport\u00e9 le New York Times.<\/p>\n","protected":false},"excerpt":{"rendered":"Un jeune gar\u00e7on de onze ans a \u00e9t\u00e9 abattu alors qu&rsquo;il s&rsquo;amusait \u00e0 sonner aux portes avant de&hellip;\n","protected":false},"author":2,"featured_media":362051,"comment_status":"","ping_status":"","sticky":false,"template":"","format":"standard","meta":{"footnotes":""},"categories":[5],"tags":[11,1011,27,14,12,28],"class_list":{"0":"post-362050","1":"post","2":"type-post","3":"status-publish","4":"format-standard","5":"has-post-thumbnail","7":"category-international","8":"tag-actualites","9":"tag-fr","10":"tag-france","11":"tag-international","12":"tag-news","13":"tag-world"},"share_on_mastodon":{"url":"https:\/\/pubeurope.com\/@fr\/115137585109141438","error":""},"_links":{"self":[{"href":"https:\/\/www.europesays.com\/fr\/wp-json\/wp\/v2\/posts\/362050","targetHints":{"allow":["GET"]}}],"collection":[{"href":"https:\/\/www.europesays.com\/fr\/wp-json\/wp\/v2\/posts"}],"about":[{"href":"https:\/\/www.europesays.com\/fr\/wp-json\/wp\/v2\/types\/post"}],"author":[{"embeddable":true,"href":"https:\/\/www.europesays.com\/fr\/wp-json\/wp\/v2\/users\/2"}],"replies":[{"embeddable":true,"href":"https:\/\/www.europesays.com\/fr\/wp-json\/wp\/v2\/comments?post=362050"}],"version-history":[{"count":0,"href":"https:\/\/www.europesays.com\/fr\/wp-json\/wp\/v2\/posts\/362050\/revisions"}],"wp:featuredmedia":[{"embeddable":true,"href":"https:\/\/www.europesays.com\/fr\/wp-json\/wp\/v2\/media\/362051"}],"wp:attachment":[{"href":"https:\/\/www.europesays.com\/fr\/wp-json\/wp\/v2\/media?parent=362050"}],"wp:term":[{"taxonomy":"category","embeddable":true,"href":"https:\/\/www.europesays.com\/fr\/wp-json\/wp\/v2\/categories?post=362050"},{"taxonomy":"post_tag","embeddable":true,"href":"https:\/\/www.europesays.com\/fr\/wp-json\/wp\/v2\/tags?post=362050"}],"curies":[{"name":"wp","href":"https:\/\/api.w.org\/{rel}","templated":true}]}}