{"id":362052,"date":"2025-09-03T00:41:11","date_gmt":"2025-09-03T00:41:11","guid":{"rendered":"https:\/\/www.europesays.com\/fr\/362052\/"},"modified":"2025-09-03T00:41:11","modified_gmt":"2025-09-03T00:41:11","slug":"pour-le-10-septembre-louis-boyard-veut-bloquer-les-lycees-et-les-universites","status":"publish","type":"post","link":"https:\/\/www.europesays.com\/fr\/362052\/","title":{"rendered":"Pour le 10\u00a0septembre, Louis Boyard veut \u00ab\u00a0bloquer\u00a0\u00bb les lyc\u00e9es et les universit\u00e9s"},"content":{"rendered":"<p class=\"paragraph text_align_left lp-f-body-02\">Depuis plusieurs semaines, la France insoumise d\u00e9ploie toutes ses forces pour tenter de faire du <a href=\"https:\/\/www.leparisien.fr\/politique\/maintenant-continuons-les-partisans-du-mouvement-du-10-septembre-ne-desarment-pas-29-08-2025-6N4LDU4JPFC3NPTXSH4N3JYWPQ.php\" target=\"_blank\" rel=\"noreferrer nofollow noopener\">10 septembre<\/a> une journ\u00e9e de mobilisation de masse. Dans l\u2019espoir d\u2019engager la jeunesse dans cet \u00e9lan citoyen dont l\u2019aboutissement demeure flou, le mouvement de Jean-Luc M\u00e9lenchon a missionn\u00e9 <a href=\"https:\/\/www.leparisien.fr\/val-de-marne-94\/je-suis-insoumis-et-je-le-resterai-louis-boyard-verbalise-a-villeneuve-saint-georges-26-07-2025-7TF4S3TRENBJHGXXZ2TIFQGAIQ.php\" target=\"_blank\" rel=\"noreferrer nofollow noopener\">Louis Boyard<\/a>, d\u00e9put\u00e9 et ancien responsable lyc\u00e9en, pour mener une campagne devant les lyc\u00e9es et les facult\u00e9s.<\/p>\n<p class=\"paragraph text_align_left lp-f-body-02\">Avec les jeunes insoumis, le bateleur de LFI va donc entamer, \u00e0 partir de la semaine prochaine, une tourn\u00e9e des lyc\u00e9es et des facult\u00e9s avec un paquet de \u00ab 150 000 tracts \u00bb flambant neufs sous le bras. Distribu\u00e9 \u00e0 partir de ce mardi par les jeunes militants insoumis, ce document insiste sur les pr\u00e9occupations des lyc\u00e9ens, comme leurs emplois du temps et leur sant\u00e9 mentale. Anxi\u00e9t\u00e9, surcharge de travail, sommeil\u2026 Un petit questionnaire accompagne le tract en forme de recueil des \u00ab dol\u00e9ances \u00bb que le d\u00e9put\u00e9 veut faire remonter au pr\u00e9sident de la R\u00e9publique.<\/p>\n<p class=\"paragraph text_align_left lp-f-body-02\">\u00ab J\u2019irai avec une brouette les donner \u00e0 l\u2019\u00c9lys\u00e9e, s\u2019il le faut ! \u00bb , se targue Louis Boyard au Parisien. L\u2019\u00e9lu esp\u00e8re notamment se rendre \u00e0 Al\u00e8s, \u00e0 Toulouse, Marseille, Lille ou encore Angers.<\/p>\n<p class=\"paragraph text_align_left lp-f-body-02\">\u00ab L\u2019objectif c\u2019est de lier les dol\u00e9ances des lyc\u00e9ens avec le 10 septembre \u00bb, assume-t-il sans d\u00e9tour, d\u00e9taillant un \u00ab mode op\u00e9ratoire \u00bb bien rod\u00e9. \u00ab Id\u00e9alement, je vais quelque part, et le lendemain, le lyc\u00e9e est bloqu\u00e9 \u00bb, se vante-t-il. La semaine derni\u00e8re, l\u2019Union syndicale lyc\u00e9enne, principale organisation dans le secondaire, appelait d\u00e9j\u00e0 \u00e0 rejoindre la mobilisation.<\/p>\n","protected":false},"excerpt":{"rendered":"Depuis plusieurs semaines, la France insoumise d\u00e9ploie toutes ses forces pour tenter de faire du 10 septembre une&hellip;\n","protected":false},"author":2,"featured_media":362053,"comment_status":"","ping_status":"","sticky":false,"template":"","format":"standard","meta":{"footnotes":""},"categories":[4],"tags":[11,1011,27,12,316,25],"class_list":{"0":"post-362052","1":"post","2":"type-post","3":"status-publish","4":"format-standard","5":"has-post-thumbnail","7":"category-france","8":"tag-actualites","9":"tag-fr","10":"tag-france","11":"tag-news","12":"tag-politique","13":"tag-republique-francaise"},"share_on_mastodon":{"url":"https:\/\/pubeurope.com\/@fr\/115137589184400953","error":""},"_links":{"self":[{"href":"https:\/\/www.europesays.com\/fr\/wp-json\/wp\/v2\/posts\/362052","targetHints":{"allow":["GET"]}}],"collection":[{"href":"https:\/\/www.europesays.com\/fr\/wp-json\/wp\/v2\/posts"}],"about":[{"href":"https:\/\/www.europesays.com\/fr\/wp-json\/wp\/v2\/types\/post"}],"author":[{"embeddable":true,"href":"https:\/\/www.europesays.com\/fr\/wp-json\/wp\/v2\/users\/2"}],"replies":[{"embeddable":true,"href":"https:\/\/www.europesays.com\/fr\/wp-json\/wp\/v2\/comments?post=362052"}],"version-history":[{"count":0,"href":"https:\/\/www.europesays.com\/fr\/wp-json\/wp\/v2\/posts\/362052\/revisions"}],"wp:featuredmedia":[{"embeddable":true,"href":"https:\/\/www.europesays.com\/fr\/wp-json\/wp\/v2\/media\/362053"}],"wp:attachment":[{"href":"https:\/\/www.europesays.com\/fr\/wp-json\/wp\/v2\/media?parent=362052"}],"wp:term":[{"taxonomy":"category","embeddable":true,"href":"https:\/\/www.europesays.com\/fr\/wp-json\/wp\/v2\/categories?post=362052"},{"taxonomy":"post_tag","embeddable":true,"href":"https:\/\/www.europesays.com\/fr\/wp-json\/wp\/v2\/tags?post=362052"}],"curies":[{"name":"wp","href":"https:\/\/api.w.org\/{rel}","templated":true}]}}