{"id":362054,"date":"2025-09-03T00:42:11","date_gmt":"2025-09-03T00:42:11","guid":{"rendered":"https:\/\/www.europesays.com\/fr\/362054\/"},"modified":"2025-09-03T00:42:11","modified_gmt":"2025-09-03T00:42:11","slug":"psg-ce-que-le-transfert-de-kolo-muani-doit-aussi-rapporter-au-fc-nantes","status":"publish","type":"post","link":"https:\/\/www.europesays.com\/fr\/362054\/","title":{"rendered":"PSG. Ce que le transfert de Kolo Muani doit aussi rapporter au FC Nantes"},"content":{"rendered":"<p><img fetchpriority=\"high\" decoding=\"async\" width=\"620\" height=\"413\" src=\"https:\/\/www.europesays.com\/fr\/wp-content\/uploads\/2025\/09\/Randal-Kolo-Muani-620x413.jpeg\" alt=\"\" class=\"wp-image-377720\"  \/>Apr\u00e8s la Ligue 1, la Bundesliga et la S\u00e9rie A, Kolo Muani va d\u00e9couvrir la Premier League.<\/p>\n<p>Un nouveau pr\u00eat pour Randal Kolo Muani, qui ne disputera donc pas la saison 2025-2026 avec le <a href=\"https:\/\/sportune.20minutes.fr\/paris-saint-germain-psg\" target=\"_blank\" rel=\"noopener\">Paris Saint-Germain<\/a>, mais o\u00f9 il demeure sous contrat jusqu\u2019en 2028. L\u2019attaquant international fran\u00e7ais ne reviendra pas \u00e0 la <a href=\"https:\/\/sportune.20minutes.fr\/juventus-fc\" target=\"_blank\" rel=\"noopener\">Juventus Turin<\/a>, bien qu\u2019il y ait \u00e9t\u00e9 longtemps annonc\u00e9, c\u2019est \u00e0 l\u2019oppos\u00e9 g\u00e9ographique qu\u2019il a pos\u00e9 ses valises ce lundi, en s\u2019engageant avec les Spurs de <a href=\"https:\/\/sportune.20minutes.fr\/tottenham-hotspur\" target=\"_blank\" rel=\"noopener\">Tottenham<\/a>.<\/p>\n<p>Un pr\u00eat payant du PSG \u00e0 Tottenham<\/p>\n<p>Selon plusieurs m\u00e9dias (RMC, L\u2019Equipe, Le Parisien), le pr\u00eat est payant au b\u00e9n\u00e9fice du <a href=\"https:\/\/sportune.20minutes.fr\/paris-saint-germain-psg\" target=\"_blank\" rel=\"noopener\">PSG<\/a> et il n\u2019y a pas d\u2019option d\u2019achat au terme de celui-ci. Il est question d\u2019une compensation \u00e0 hauteur de 5 millions d\u2019euros. Et dans ce cas, selon nos calculs, il doit en revenir une part au <a href=\"https:\/\/sportune.20minutes.fr\/fc-nantes\" target=\"_blank\" rel=\"noopener\">FC Nantes<\/a> qui l\u2019a le plus longuement form\u00e9 dans son adolescence et jusqu\u2019\u00e0 l\u2019apprentissage du monde professionnel.<\/p>\n<p>Le FC Nantes r\u00e9cup\u00e8re quelques b\u00e9n\u00e9fices de son d\u00e9part<\/p>\n<p>Cela, au titre du m\u00e9canisme de solidarit\u00e9 de la FIFA qui pr\u00e9voit une gratification au club fr\u00e9quent\u00e9 de l\u2019\u00e2ge de 12 \u00e0 23 ans. En l\u2019esp\u00e8ce, sur un transfert \u00e0 5 millions d\u2019euros, il doit en revenir 150 000 euros aux Canaris qui, rappelons-le, n\u2019ont rien per\u00e7u au d\u00e9part de l\u2019attaquant de 26 ans, quand il a rejoint libre l\u2019<a href=\"https:\/\/sportune.20minutes.fr\/eintracht-francfort\" target=\"_blank\" rel=\"noopener\">Eintracht Francfort<\/a>, en 2022.<\/p>\n","protected":false},"excerpt":{"rendered":"Apr\u00e8s la Ligue 1, la Bundesliga et la S\u00e9rie A, Kolo Muani va d\u00e9couvrir la Premier League. Un&hellip;\n","protected":false},"author":2,"featured_media":362055,"comment_status":"","ping_status":"","sticky":false,"template":"","format":"standard","meta":{"footnotes":""},"categories":[2],"tags":[11,462,1011,27,12,93,7157,969],"class_list":{"0":"post-362054","1":"post","2":"type-post","3":"status-publish","4":"format-standard","5":"has-post-thumbnail","7":"category-actualites","8":"tag-actualites","9":"tag-fc-nantes","10":"tag-fr","11":"tag-france","12":"tag-news","13":"tag-psg","14":"tag-randal-kolo-muani","15":"tag-transfert"},"share_on_mastodon":{"url":"https:\/\/pubeurope.com\/@fr\/115137592914999461","error":""},"_links":{"self":[{"href":"https:\/\/www.europesays.com\/fr\/wp-json\/wp\/v2\/posts\/362054","targetHints":{"allow":["GET"]}}],"collection":[{"href":"https:\/\/www.europesays.com\/fr\/wp-json\/wp\/v2\/posts"}],"about":[{"href":"https:\/\/www.europesays.com\/fr\/wp-json\/wp\/v2\/types\/post"}],"author":[{"embeddable":true,"href":"https:\/\/www.europesays.com\/fr\/wp-json\/wp\/v2\/users\/2"}],"replies":[{"embeddable":true,"href":"https:\/\/www.europesays.com\/fr\/wp-json\/wp\/v2\/comments?post=362054"}],"version-history":[{"count":0,"href":"https:\/\/www.europesays.com\/fr\/wp-json\/wp\/v2\/posts\/362054\/revisions"}],"wp:featuredmedia":[{"embeddable":true,"href":"https:\/\/www.europesays.com\/fr\/wp-json\/wp\/v2\/media\/362055"}],"wp:attachment":[{"href":"https:\/\/www.europesays.com\/fr\/wp-json\/wp\/v2\/media?parent=362054"}],"wp:term":[{"taxonomy":"category","embeddable":true,"href":"https:\/\/www.europesays.com\/fr\/wp-json\/wp\/v2\/categories?post=362054"},{"taxonomy":"post_tag","embeddable":true,"href":"https:\/\/www.europesays.com\/fr\/wp-json\/wp\/v2\/tags?post=362054"}],"curies":[{"name":"wp","href":"https:\/\/api.w.org\/{rel}","templated":true}]}}