{"id":362056,"date":"2025-09-03T00:45:28","date_gmt":"2025-09-03T00:45:28","guid":{"rendered":"https:\/\/www.europesays.com\/fr\/362056\/"},"modified":"2025-09-03T00:45:28","modified_gmt":"2025-09-03T00:45:28","slug":"mercato-asse-des-mouvements-pourraient-encore-avoir-lieu","status":"publish","type":"post","link":"https:\/\/www.europesays.com\/fr\/362056\/","title":{"rendered":"Mercato ASSE : Des mouvements pourraient encore avoir lieu !"},"content":{"rendered":"<p><strong>Le mercato estival 2025 a ferm\u00e9 ses portes ce lundi 1er septembre \u00e0 20h en France. Si les clubs hexagonaux ne peuvent plus recruter, certains d\u00e9parts restent envisageables pour l&rsquo;ASSE vers des championnats o\u00f9 <a href=\"https:\/\/www.transfermarkt.fr\/transfer-statistik\/transferfenster\/statistik\/stat\/art\/w?period=first\" target=\"_blank\" rel=\"noreferrer nofollow noopener\">le march\u00e9 est encore ouvert.<\/a> Plusieurs joueurs st\u00e9phanois sont toujours en suspens.<\/strong><\/p>\n<p>Clap de fin pour le mercato d\u2019\u00e9t\u00e9 en France. Depuis ce lundi 1er septembre \u00e0 20h, les clubs de Ligue 1 et Ligue 2 ne peuvent plus officialiser de renforts. Une p\u00e9riode de transferts anim\u00e9e du c\u00f4t\u00e9 de l&rsquo;ASSE. Pourtant, si les entr\u00e9es sont d\u00e9sormais fig\u00e9es sauf joker, les sorties vers l\u2019\u00e9tranger restent juridiquement possibles, et l\u2019AS Saint-Etienne pourrait encore ajuster son effectif dans les prochains jours.<\/p>\n<p>En effet, de nombreux pays n&rsquo;ont pas encore referm\u00e9 leur march\u00e9, notamment en Europe de l\u2019Est, au Moyen-Orient, en Afrique ou encore en Am\u00e9rique du Sud. Cela laisse une fen\u00eatre strat\u00e9gique \u00e0 la direction st\u00e9phanoise pour bouger certains joueurs dont la situation demeure floue ou instable.<\/p>\n<p>Batubinsika, Ma\u00e7on, Ekwah\u2026 les dossiers encore ouverts \u00e0 l&rsquo;ASSE<\/p>\n<p>\u00c0 moins de deux semaines de la reprise post tr\u00eave internationale, plusieurs Verts n&rsquo;ont pas encore de visibilit\u00e9 sur leur avenir.<\/p>\n<p>Batubinsika toujours sans issue\u2026 mais le Golfe et la Turquie patientent<\/p>\n<p>Mis \u00e0 l\u2019\u00e9cart du groupe professionnel de l&rsquo;ASSE depuis plusieurs semaines, Dylan Batubinsika n\u2019a pas trouv\u00e9 preneur avant la fermeture du march\u00e9 fran\u00e7ais. Annonc\u00e9 en Turquie, en Isra\u00ebl ou au Portugal, l\u2019international congolais a vu plusieurs pistes \u00e9chouer dans les derni\u00e8res heures du mercato. Son nom circulait avec insistance du c\u00f4t\u00e9 du club turc de Kocaelispor, o\u00f9 les discussions n&rsquo;ont pour le moment pas abouti. Cependant, le march\u00e9 turc reste ouvert jusqu\u2019au 12 septembre, tout comme celui de l&rsquo;Arabie Saoudite (11 septembre), de la Russie (12) ou encore de la Gr\u00e8ce (12). Autant de destinations qui pourraient permettre \u00e0 Batubinsika de rebondir hors Hexagone.<\/p>\n<p>Yvann Ma\u00e7on, en qu\u00eate d\u2019un nouveau d\u00e9part<\/p>\n<p>Autre joueur sur la sellette, Yvann Ma\u00e7on vit lui aussi une situation d\u00e9licate \u00e0 l&rsquo;ASSE. Comme son co\u00e9quipier Batubinsika, il a \u00e9t\u00e9 \u00e9cart\u00e9 du groupe pro. Un d\u00e9part vers la Suisse, et plus pr\u00e9cis\u00e9ment le Servette FC, a un temps \u00e9t\u00e9 envisag\u00e9. Mais des soucis m\u00e9dicaux ont fait capoter l&rsquo;op\u00e9ration. Depuis, le lat\u00e9ral droit a chang\u00e9 d\u2019agent, et tente de relancer son d\u00e9part vers un championnat encore accessible. La Suisse (9 septembre), la Belgique (8 septembre) ou encore le Qatar (16 septembre) pourraient offrir une issue.<\/p>\n<p>Pierre Ekwah, entre tensions internes et convoitises<\/p>\n<p>Le cas Pierre Ekwah reste sensible. En conflit avec le club, le milieu souhaite quitter le Forez. Son nom a circul\u00e9 du c\u00f4t\u00e9 de Levante (Espagne) ces derni\u00e8res heures. Mais le dossier n&rsquo;a pas abouti. L&rsquo;ASSE s&rsquo;est oppos\u00e9e jusqu&rsquo;au bout au d\u00e9part de son milieu de terrain. Reste \u00e0 savoir si une destination plus exotique pourrait \u00eatre envisag\u00e9e&#8230;<\/p>\n<p>Stassin, Davitashvili, Bouchouari toujours l\u00e0<\/p>\n<p>Concernant <a href=\"https:\/\/peuple-vert.fr\/joueurs\/lucas-stassin\/\" target=\"_blank\" rel=\"noreferrer nofollow noopener\">Lucas Stassin<\/a>, courtis\u00e9 cet \u00e9t\u00e9 par Brentford, Rennes ou encore le Paris FC, la direction ne s\u2019est pas montr\u00e9e ouverte \u00e0 un d\u00e9part, sauf offre XXL. Si le club de la capitale a acc\u00e9l\u00e9r\u00e9 dans la journ\u00e9e d&rsquo;hier, les Verts ont demand\u00e9 jusqu&rsquo;\u00e0 42 millions d&rsquo;euros bonus compris, selon Le Parisien. De quoi refroidir les ardeurs du Paris FC et obliger Stassin \u00e0 rester.<\/p>\n<p>Zuriko Davitashvili, de son c\u00f4t\u00e9, a vu quelques clubs, notamment en Turquie, frapper \u00e0 la porte. Mais, comme pour Lucas Stassin, l&rsquo;AS Saint-Etienne n&rsquo;avait pas pour objectif de laisser filer son attaquant. Le mercato turc sera clos le 12 septembre prochain. De quoi laisser encore du temps pour un \u00e9ventuel d\u00e9part ? L&rsquo;ASSE aura en tout cas le dernier mot, comme pour l&rsquo;ensemble de son effectif. Enfin, Benjamin Bouchouari reste un joueur surveill\u00e9. Cependant, touch\u00e9 au dos, sa pr\u00e9paration estivale n&rsquo;a pas \u00e9t\u00e9 optimale. Bient\u00f4t sur le retour, il n&rsquo;a pas encore disput\u00e9 la moindre minute sous le maillot st\u00e9phanois cette saison.<\/p>\n<p>Un mercato encore actif \u00e0 l\u2019international<\/p>\n<p>M\u00eame si la France, l\u2019Italie, l\u2019Angleterre, l\u2019Allemagne et l\u2019Espagne ont referm\u00e9 le march\u00e9 ce 1er septembre, <strong>plus de 30 championnats<\/strong> offrent encore des <strong>fen\u00eatres de transfert<\/strong> :<\/p>\n<p>Cela signifie que l\u2019ASSE peut toujours enregistrer des d\u00e9parts payants ou en pr\u00eat, tout en \u00e9vitant de garder des joueurs d\u00e9mobilis\u00e9s.<\/p>\n<p>Un effectif encore mouvant \u00e0 l&rsquo;ASSE<\/p>\n<p>Si Eirik Horneland et sa direction sportive ont boucl\u00e9 le recrutement (sauf joker), des ajustements de l\u2019effectif restent possibles jusqu\u2019\u00e0 mi-septembre. La gestion des joueurs \u00ab hors groupe \u00bb reste une priorit\u00e9 du club. Et dans un march\u00e9 mondial encore ouvert, il suffit d\u2019un appel, d\u2019une blessure dans un club \u00e9tranger, ou d\u2019un joueur partant de derni\u00e8re minute pour que tout s\u2019acc\u00e9l\u00e8re. L\u2019ASSE devra donc rester en alerte dans les prochains jours, en esp\u00e9rant conclure certains dossiers.<\/p>\n<p><a class=\"PublisherImprintLink_container__RL6Zd title-7-medium\" href=\"https:\/\/peuple-vert.fr\/politique-de-confidentialite\/\" rel=\"noreferrer nofollow noopener\" target=\"_blank\"><img alt=\"\" decoding=\"async\" loading=\"lazy\" width=\"24\" height=\"24\" data-nimg=\"1\" style=\"color:transparent\"  src=\"https:\/\/image-service.onefootball.com\/transform?w=48&amp;dpr=2&amp;image=https:\/\/images.onefootball.com\/cw\/icons\/info-light.svg\"\/>Ver detalles de la publicaci\u00f3n<\/a>Compartir este art\u00edculo<img alt=\"string\" decoding=\"async\" loading=\"lazy\" width=\"24\" height=\"24\" data-nimg=\"1\" class=\"Snackbar_iconImage__XXOz2\" style=\"color:transparent\"  src=\"https:\/\/image-service.onefootball.com\/transform?w=48&amp;dpr=2&amp;image=https:\/\/images.onefootball.com\/cw\/icons\/close-light.svg\"\/><\/p>\n","protected":false},"excerpt":{"rendered":"Le mercato estival 2025 a ferm\u00e9 ses portes ce lundi 1er septembre \u00e0 20h en France. Si les&hellip;\n","protected":false},"author":2,"featured_media":362057,"comment_status":"","ping_status":"","sticky":false,"template":"","format":"standard","meta":{"footnotes":""},"categories":[9653],"tags":[1111,11,2430,1777,674,1011,27,12,25,4001],"class_list":{"0":"post-362056","1":"post","2":"type-post","3":"status-publish","4":"format-standard","5":"has-post-thumbnail","7":"category-saint-etienne","8":"tag-actu","9":"tag-actualites","10":"tag-auvergne-rhone-alpes","11":"tag-eu","12":"tag-europe","13":"tag-fr","14":"tag-france","15":"tag-news","16":"tag-republique-francaise","17":"tag-saint-etienne"},"share_on_mastodon":{"url":"https:\/\/pubeurope.com\/@fr\/115137604825269661","error":""},"_links":{"self":[{"href":"https:\/\/www.europesays.com\/fr\/wp-json\/wp\/v2\/posts\/362056","targetHints":{"allow":["GET"]}}],"collection":[{"href":"https:\/\/www.europesays.com\/fr\/wp-json\/wp\/v2\/posts"}],"about":[{"href":"https:\/\/www.europesays.com\/fr\/wp-json\/wp\/v2\/types\/post"}],"author":[{"embeddable":true,"href":"https:\/\/www.europesays.com\/fr\/wp-json\/wp\/v2\/users\/2"}],"replies":[{"embeddable":true,"href":"https:\/\/www.europesays.com\/fr\/wp-json\/wp\/v2\/comments?post=362056"}],"version-history":[{"count":0,"href":"https:\/\/www.europesays.com\/fr\/wp-json\/wp\/v2\/posts\/362056\/revisions"}],"wp:featuredmedia":[{"embeddable":true,"href":"https:\/\/www.europesays.com\/fr\/wp-json\/wp\/v2\/media\/362057"}],"wp:attachment":[{"href":"https:\/\/www.europesays.com\/fr\/wp-json\/wp\/v2\/media?parent=362056"}],"wp:term":[{"taxonomy":"category","embeddable":true,"href":"https:\/\/www.europesays.com\/fr\/wp-json\/wp\/v2\/categories?post=362056"},{"taxonomy":"post_tag","embeddable":true,"href":"https:\/\/www.europesays.com\/fr\/wp-json\/wp\/v2\/tags?post=362056"}],"curies":[{"name":"wp","href":"https:\/\/api.w.org\/{rel}","templated":true}]}}