{"id":362058,"date":"2025-09-03T00:46:26","date_gmt":"2025-09-03T00:46:26","guid":{"rendered":"https:\/\/www.europesays.com\/fr\/362058\/"},"modified":"2025-09-03T00:46:26","modified_gmt":"2025-09-03T00:46:26","slug":"pourquoi-la-porte-de-citadelle-nest-elle-toujours-pas-rouverte-pres-dun-an-apres-sa-fermeture","status":"publish","type":"post","link":"https:\/\/www.europesays.com\/fr\/362058\/","title":{"rendered":"pourquoi la porte de Citadelle n&rsquo;est-elle toujours pas rouverte, pr\u00e8s d&rsquo;un an apr\u00e8s\u00a0sa\u00a0fermeture\u00a0?"},"content":{"rendered":"<p>            Par<br \/>\n        <strong><br \/>\n            <a href=\"https:\/\/actu.fr\/auteur\/pierre-emile-bouchy-actu-fr\" title=\"Consulter tous les articles de Paul-Emile Bouchy\" target=\"_blank\" rel=\"noopener\">Paul-Emile Bouchy<\/a><br \/>\n        <\/strong><\/p>\n<p>        Publi\u00e9 le<\/p>\n<p>            2 sept. 2025 \u00e0 13h06        <\/p>\n<p>Samedi 19\u00a0octobre 2024, <a href=\"https:\/\/actu.fr\/grand-est\/nancy_54395\/nancy-la-porte-de-la-citadelle-interdite-aux-voitures-voici-pourquoi_61775124.html\" target=\"_blank\" rel=\"noopener\">la porte de la Citadelle a \u00e9t\u00e9 interdite aux voitures<\/a> et ferm\u00e9e avec des barri\u00e8res <strong>\u00e0 la suite de la chute d\u2019une pierre<\/strong>. D\u2019apr\u00e8s Thomas Souverain, adjoint d\u00e9l\u00e9gu\u00e9 au territoire centre \u00e0 la Ville de <a href=\"https:\/\/actu.fr\/grand-est\/nancy_54395\" target=\"_blank\" rel=\"noopener\">Nancy<\/a>, interrog\u00e9 \u00e0 la suite de l\u2019incident, elle \u00ab\u2009serait due \u00e0 <strong>un camion qui serait pass\u00e9 sous la porte et, en la touchant, aurait fragilis\u00e9 la vo\u00fbte principale<\/strong>\u2009\u00bb.<\/p>\n<p class=\" wall-content\">Or, depuis cette date, la circulation est toujours ferm\u00e9e. <strong>Pourquoi la porte de la Citadelle n\u2019est pas encore rouverte\u2009?<\/strong> On a pos\u00e9 la question au groupe Batig\u00e8re Habitat, porteur d\u00e9sormais du projet de sa r\u00e9habilitation.<\/p>\n<p>L\u2019achat de la porte de la Citadelle et du rectorat retard\u00e9<\/p>\n<p class=\" wall-content\">En d\u00e9cembre\u00a02024, lors d\u2019une visite sur site, Batig\u00e8re Habitat avait pr\u00e9sent\u00e9 <a href=\"https:\/\/actu.fr\/grand-est\/nancy_54395\/logements-a-nancy-decouvrez-a-quoi-vont-ressembler-l-ancien-rectorat-et-la-porte-de-la-citadelle_61997884.html\" target=\"_blank\" rel=\"noopener\">la future transformation de l\u2019ancien rectorat et de la porte de la Citadelle<\/a> pour y <strong>cr\u00e9er des logements sociaux et des services<\/strong>.<\/p>\n<p class=\" wall-content\">Les travaux d\u2019urgence sur la porte de la Citadelle devaient avoir lieu d\u00e9but 2025 \u00e0 la suite de cet achat. Or celui-ci a \u00e9t\u00e9 retard\u00e9, indique le groupe\u2009: \u00ab<strong>\u2009Un retard ind\u00e9pendant de notre volont\u00e9 a repouss\u00e9 l\u2019achat<\/strong> du rectorat et de la porte de la citadelle par Batig\u00e8re Habitat. Aussi, les d\u00e9lais annonc\u00e9s pour la partie travaux de la porte de la Citadelle ont \u00e9t\u00e9 impact\u00e9s. La vente a eu lieu <strong>fin avril\u00a02025 au lieu de fin d\u00e9cembre\u00a02024.<\/strong>\u2009\u00bb<\/p>\n<p>La date de r\u00e9ouverture toujours inconnue<\/p>\n<p class=\" wall-content\">Alors que les travaux de consolidation envisag\u00e9s ont d\u00e9j\u00e0 \u00e9t\u00e9 valid\u00e9s par la DRAC (Direction r\u00e9gionale des affaires culturelles), les devis sont en cours aupr\u00e8s d\u2019entreprises.<\/p>\n<p class=\" wall-content\">\u00ab\u2009Les travaux devraient \u00eatre relativement rapides et porteront sur <strong>la s\u00e9curisation de chemin\u00e9es et le renforcement du passage vo\u00fbt\u00e9 avec une arche en bois<\/strong>. C\u2019est notamment cette arche qui prendra le plus de temps au regard de sa nature\u2009\u00bb, d\u00e9taille Batig\u00e8re Habitat.<\/p>\n<p>Votre r\u00e9gion, votre actu !<\/p>\n<p>Recevez chaque jour les infos qui comptent pour vous.<\/p>\n<p>\t<a href=\"https:\/\/actu.fr\/newsletter\" class=\"ac-btn ac-btn--corner ac-btn--medium ac-btn--blue800\" target=\"_blank\" rel=\"noopener\">S&rsquo;incrire<\/a><\/p>\n<p class=\" wall-content\"><strong>Une fois les devis re\u00e7us et valid\u00e9s, les travaux pourront \u00eatre programm\u00e9s<\/strong>. Pour le moment, la date de la r\u00e9ouverture de la porte de la Citadelle aux voitures n\u2019est pas connue.<\/p>\n<p class=\" wall-content\">Personnalisez votre actualit\u00e9 en ajoutant vos villes et m\u00e9dias en favori avec <a href=\"https:\/\/moncompte.actu.fr\" title=\"D\u00e9couvez Mon Actu\" rel=\"nofollow noopener\" data-trk=\"{&quot;cta&quot;:{&quot;action&quot;:&quot;https:\\\/\\\/moncompte.actu.fr&quot;,&quot;category&quot;:&quot;mon compte&quot;,&quot;from&quot;:&quot;article footer&quot;,&quot;name&quot;:&quot;Mon actu&quot;,&quot;type&quot;:&quot;cta&quot;}}\" target=\"_blank\">Mon Actu<\/a>.<\/p>\n","protected":false},"excerpt":{"rendered":"Par Paul-Emile Bouchy Publi\u00e9 le 2 sept. 2025 \u00e0 13h06 Samedi 19\u00a0octobre 2024, la porte de la Citadelle&hellip;\n","protected":false},"author":2,"featured_media":362059,"comment_status":"","ping_status":"","sticky":false,"template":"","format":"standard","meta":{"footnotes":""},"categories":[9635],"tags":[1111,11,3542,1777,674,1011,27,775,1702,12,2551,25,104],"class_list":{"0":"post-362058","1":"post","2":"type-post","3":"status-publish","4":"format-standard","5":"has-post-thumbnail","7":"category-nancy","8":"tag-actu","9":"tag-actualites","10":"tag-circulation","11":"tag-eu","12":"tag-europe","13":"tag-fr","14":"tag-france","15":"tag-grand-est","16":"tag-nancy","17":"tag-news","18":"tag-patrimoine","19":"tag-republique-francaise","20":"tag-societe"},"share_on_mastodon":{"url":"https:\/\/pubeurope.com\/@fr\/115137608776111604","error":""},"_links":{"self":[{"href":"https:\/\/www.europesays.com\/fr\/wp-json\/wp\/v2\/posts\/362058","targetHints":{"allow":["GET"]}}],"collection":[{"href":"https:\/\/www.europesays.com\/fr\/wp-json\/wp\/v2\/posts"}],"about":[{"href":"https:\/\/www.europesays.com\/fr\/wp-json\/wp\/v2\/types\/post"}],"author":[{"embeddable":true,"href":"https:\/\/www.europesays.com\/fr\/wp-json\/wp\/v2\/users\/2"}],"replies":[{"embeddable":true,"href":"https:\/\/www.europesays.com\/fr\/wp-json\/wp\/v2\/comments?post=362058"}],"version-history":[{"count":0,"href":"https:\/\/www.europesays.com\/fr\/wp-json\/wp\/v2\/posts\/362058\/revisions"}],"wp:featuredmedia":[{"embeddable":true,"href":"https:\/\/www.europesays.com\/fr\/wp-json\/wp\/v2\/media\/362059"}],"wp:attachment":[{"href":"https:\/\/www.europesays.com\/fr\/wp-json\/wp\/v2\/media?parent=362058"}],"wp:term":[{"taxonomy":"category","embeddable":true,"href":"https:\/\/www.europesays.com\/fr\/wp-json\/wp\/v2\/categories?post=362058"},{"taxonomy":"post_tag","embeddable":true,"href":"https:\/\/www.europesays.com\/fr\/wp-json\/wp\/v2\/tags?post=362058"}],"curies":[{"name":"wp","href":"https:\/\/api.w.org\/{rel}","templated":true}]}}