{"id":362062,"date":"2025-09-03T00:49:31","date_gmt":"2025-09-03T00:49:31","guid":{"rendered":"https:\/\/www.europesays.com\/fr\/362062\/"},"modified":"2025-09-03T00:49:31","modified_gmt":"2025-09-03T00:49:31","slug":"le-futur-du-couple-franco-allemand-se-dessine-depuis-toulon","status":"publish","type":"post","link":"https:\/\/www.europesays.com\/fr\/362062\/","title":{"rendered":"Le futur du couple franco-allemand se dessine depuis Toulon"},"content":{"rendered":"<p>Pendant qu\u2019en contrebas, sur la plage de l\u2019anse M\u00e9jean, les estivants profitent des derniers rayons de soleil avant la rentr\u00e9e, la journ\u00e9e de ce 29 ao\u00fbt \u00e9tait studieuse au sommet du <strong>fort du Cap Brun \u00e0 Toulon<\/strong>. <\/p>\n<p>C\u2019est dans cette enceinte militaire, si\u00e8ge de la pr\u00e9fecture maritime de M\u00e9diterran\u00e9e et r\u00e9sidence du pr\u00e9fet, que le pr\u00e9sident de la R\u00e9publique <strong>Emmanuel Macron<\/strong> et le chancelier allemand <strong>Friedrich Merz<\/strong> ont chacun r\u00e9uni dix de leurs ministres dans le cadre du <a href=\"https:\/\/mesinfos.fr\/83000-toulon\/emmanuel-macron-a-toulon-pour-un-conseil-des-ministres-franco-allemand-228627.html\" rel=\"noopener nofollow\" target=\"_blank\">25e Conseil des ministres franco-allemand<\/a>. <\/p>\n<p>Depuis Toulon, une r\u00e9union d\u2019avenir avec un gouvernement en sursis <\/p>\n<p>C\u00f4t\u00e9 fran\u00e7ais, les ministres Bruno Retailleau pour l\u2019Int\u00e9rieur, Eric Lombard, \u00e0 l\u2019Economie, <a href=\"https:\/\/mesinfos.fr\/83000-toulon\/sebastien-lecornu-la-base-navale-de-toulon-a-un-grand-avenir-226002.html\" rel=\"noopener nofollow\" target=\"_blank\">S\u00e9bastien Lecornu aux Arm\u00e9es<\/a>, ou encore Jean-No\u00ebl Barrot pour les Affaires \u00e9trang\u00e8res et Benjamin Haddad pour l\u2019Europe \u00e9taient pr\u00e9sents dans la rade. <\/p>\n<p>Un gouvernement pourtant en sursis jusqu\u2019au <strong>lundi 8 septembre, date du vote de confiance<\/strong> \u00e0 l\u2019Assembl\u00e9e nationale. <\/p>\n<p>Mais cette \u00e9ventualit\u00e9 ne rend pas caducs les \u00e9changes du jour\u00a0estime Emmanuel Macron\u00a0: \u00ab\u00a0Je vous parle d\u2019un endroit o\u00f9 je serai encore pendant les 20 mois qui viennent ce qui assure une continuit\u00e9.\u00a0\u00bb Le pr\u00e9sident confirme l\u00e0 son intention de ne pas d\u00e9missionner, comme le demande notamment le Rassemblement National de Jordan Bardella. \u00ab\u00a0Je crois dans la d\u00e9mocratie\u00a0: j\u2019exercerai mon mandat jusqu\u2019\u00e0 son terme, n\u2019en d\u00e9plaise \u00e0 ceux qui ont perdu cette m\u00eame \u00e9lection.\u00a0\u00bb<\/p>\n<p> <img decoding=\"async\" alt=\"\" class=\"img-align-center\" data-zoomable=\"\" loading=\"lazy\" src=\"https:\/\/www.europesays.com\/fr\/wp-content\/uploads\/2025\/09\/ministres-macron-merz.jpg\" width=\"100%\"\/> \u00a9 Manon Cruz \/ Pool \/ AFP &#8211; Les ministres fran\u00e7ais et allemands aux c\u00f4t\u00e9s des chefs d&rsquo;Etat. Le retour du \u00ab r\u00e9flexe \u00bb franco-allemand <\/p>\n<p>Le <strong>Conseil des ministres franco-allemand<\/strong> a permis de faire le point sur les travaux entrepris depuis le mois de mai et l\u2019\u00e9lection de Friedrich Merz \u00e0 la t\u00eate du gouvernement allemand pour renforcer ce que l\u2019Elys\u00e9e nomme le \u00ab r\u00e9flexe franco-allemand \u00bb. <\/p>\n<p>Il s\u2019inscrit dans la continuit\u00e9 de pr\u00e9c\u00e9dents \u00e9changes\u00a0: une tribune sign\u00e9e des deux chefs d\u2019\u00c9tat d\u00e8s le mois de mai sur l\u2019avenir de l\u2019Europe, des d\u00e9placements communs \u00e0 Washington cet \u00e9t\u00e9 et plus r\u00e9cemment en Moldavie\u2026 Et la veille, la venue du chancelier allemand, sur invitation du pr\u00e9sident de la R\u00e9publique, au <strong>fort de Br\u00e9gan\u00e7on<\/strong>, un honneur rare signe d\u2019une volont\u00e9 de coop\u00e9ration.<\/p>\n<blockquote>\n<p>\u00ab\u00a0La politique n\u2019est pas faite par des institutions mais par des personnes qui doivent avoir le temps de se retrouver. Nous l\u2019avons pris ces derniers mois. C\u2019est la base d\u2019une bonne coop\u00e9ration dans un climat de confiance \u00bb, se f\u00e9licite le chancelier allemand. <\/p>\n<\/blockquote>\n<p>  Un agenda autour de la souverainet\u00e9, des finances, de la d\u00e9fense <\/p>\n<p>Durant la session pl\u00e9ni\u00e8re du matin et le d\u00e9jeuner de travail, il a surtout \u00e9t\u00e9 question de <strong>coordination bilat\u00e9rale en vue d\u2019une Europe plus souveraine<\/strong>. <\/p>\n<p>\u00ab\u00a0Nous partageons le m\u00eame regard lucide sur les enjeux int\u00e9rieurs et ext\u00e9rieurs auxquels nos pays sont confront\u00e9s et nous avons la volont\u00e9 de surmonter ces d\u00e9fis ensemble\u00a0\u00bb, relate le chancelier Friedrich Merz. <\/p>\n<p>Il en r\u00e9sulte un agenda \u00e9conomique comprenant <strong>huit documents strat\u00e9giques, \u00ab\u00a0huit pierres pour b\u00e2tir l\u2019avenir\u00a0\u00bb selon Emmanuel Macron, et 27 projets phares<\/strong> sur l\u2019\u00e9nergie, le commerce et la s\u00e9curit\u00e9 \u00e9conomique, l\u2019industrie, les technologies de pointe, la souverainet\u00e9 \u00e9conomique, le march\u00e9 unique et la simplification, la convergence dans les politiques sociales et du march\u00e9 du travail, les finances.<\/p>\n<p>\u00ab\u00a0C\u2019est pour nous un agenda absolument cl\u00e9\u00a0pour une Europe plus productive, plus comp\u00e9titive \u00bb avait la veille confi\u00e9 Emmanuel Macron depuis le fort de Br\u00e9gan\u00e7on.\u00a0Des projets qui se veulent concrets. Un premier point pr\u00e9cis sera effectu\u00e9 d\u2019ici la fin de l\u2019ann\u00e9e 2025.\u00a0 <\/p>\n<p>La journ\u00e9e s\u2019est termin\u00e9e par une r\u00e9union du <strong>Conseil franco-allemand de d\u00e9fense et s\u00e9curit\u00e9<\/strong>. <\/p>\n<p>Quel positionnement par rapport \u00e0 l\u2019Ukraine\u00a0? <\/p>\n<p>\u00ab\u00a0Les efforts pour une paix durable est au c\u0153ur de notre agenda\u00a0\u00bb, soutient Emmanuel Macron en conf\u00e9rence de presse. \u00ab\u00a0Les prochains jours seront d\u00e9terminants \u00bb, rappelle-t-il : le 1er septembre marque en effet la fin du d\u00e9lai accord\u00e9 par le pr\u00e9sident des Etats-Unis Donald Trump \u00e0 Vladimir Poutine pour convenir d\u2019une r\u00e9union bilat\u00e9rale avec Volodymyr Zelensky. <\/p>\n<blockquote>\n<p>\u00ab\u00a0Si cette r\u00e9union n\u2019a pas lieu, alors cela veut dire que Vladimir Poutine se sera encore jou\u00e9 de Trump et ce n\u2019est pas une bonne chose. Cela ne peut pas rester sans r\u00e9ponse\u00a0\u00bb, affirme le pr\u00e9sident la R\u00e9publique qui confirme son propos d&rsquo;avoir qualifi\u00e9 le pr\u00e9sident russe d&rsquo;ogre. <\/p>\n<\/blockquote>\n<p>Concernant la <strong>politique internationale<\/strong>, le chancelier allemand a indiqu\u00e9 cesser la fin des exportations de tout armement pouvant \u00eatre utilis\u00e9 contre Gaza. \u00ab\u00a0Nous partageons la conviction qu\u2019il faut cesser le combat\u00a0\u00bb indique Emmanuel Macron. <\/p>\n<p>Le pr\u00e9sident de la R\u00e9publique \u00e9voque par ailleurs une position de fermet\u00e9 vis-\u00e0-vis de l\u2019Iran avec l\u2019imposition de sanctions \u00ab\u00a0\u00e0 moins qu\u2019il ne rentre dans des n\u00e9gociations \u00bb.<\/p>\n<p> Emmanuel Macron soutient son Premier ministre Fran\u00e7ois Bayrou <\/p>\n<p>Pour le pr\u00e9sident de la R\u00e9publique, \u00ab\u00a0le Premier ministre a eu raison de mettre en responsabilit\u00e9\u00a0\u00bb son gouvernement concernant le<strong> budget 2026<\/strong>. \u00ab La question pos\u00e9e est : \u00ab\u00a0\u00eates-vous d\u2019accord avec le constat et le principe que nous dressons ?\u00a0\u00bb Car sinon, on ne pourra pas se mettre d\u2019accord sur des discussions plus techniques \u00bb estime-t-il. <\/p>\n<p>\u00ab\u00a0M\u00eame s\u2019il y a des d\u00e9saccords sur les mesures techniques, il peut y avoir des accords sur les constats\u00a0\u00bb poursuit-il, \u00e9voquant l\u2019exemple \u00ab\u00a0de l\u2019autre c\u00f4t\u00e9 du Rhin \u00bb o\u00f9 un gouvernement de coalition \u00ab\u00a0noir-rouge\u00a0\u00bb s\u2019est form\u00e9e.<\/p>\n","protected":false},"excerpt":{"rendered":"Pendant qu\u2019en contrebas, sur la plage de l\u2019anse M\u00e9jean, les estivants profitent des derniers rayons de soleil avant&hellip;\n","protected":false},"author":2,"featured_media":362063,"comment_status":"","ping_status":"","sticky":false,"template":"","format":"standard","meta":{"footnotes":""},"categories":[9619],"tags":[1111,11,1777,674,1011,27,12,882,25,2310],"class_list":{"0":"post-362062","1":"post","2":"type-post","3":"status-publish","4":"format-standard","5":"has-post-thumbnail","7":"category-toulon","8":"tag-actu","9":"tag-actualites","10":"tag-eu","11":"tag-europe","12":"tag-fr","13":"tag-france","14":"tag-news","15":"tag-provence-alpes-cote-dazur","16":"tag-republique-francaise","17":"tag-toulon"},"share_on_mastodon":{"url":"https:\/\/pubeurope.com\/@fr\/115137620590031904","error":""},"_links":{"self":[{"href":"https:\/\/www.europesays.com\/fr\/wp-json\/wp\/v2\/posts\/362062","targetHints":{"allow":["GET"]}}],"collection":[{"href":"https:\/\/www.europesays.com\/fr\/wp-json\/wp\/v2\/posts"}],"about":[{"href":"https:\/\/www.europesays.com\/fr\/wp-json\/wp\/v2\/types\/post"}],"author":[{"embeddable":true,"href":"https:\/\/www.europesays.com\/fr\/wp-json\/wp\/v2\/users\/2"}],"replies":[{"embeddable":true,"href":"https:\/\/www.europesays.com\/fr\/wp-json\/wp\/v2\/comments?post=362062"}],"version-history":[{"count":0,"href":"https:\/\/www.europesays.com\/fr\/wp-json\/wp\/v2\/posts\/362062\/revisions"}],"wp:featuredmedia":[{"embeddable":true,"href":"https:\/\/www.europesays.com\/fr\/wp-json\/wp\/v2\/media\/362063"}],"wp:attachment":[{"href":"https:\/\/www.europesays.com\/fr\/wp-json\/wp\/v2\/media?parent=362062"}],"wp:term":[{"taxonomy":"category","embeddable":true,"href":"https:\/\/www.europesays.com\/fr\/wp-json\/wp\/v2\/categories?post=362062"},{"taxonomy":"post_tag","embeddable":true,"href":"https:\/\/www.europesays.com\/fr\/wp-json\/wp\/v2\/tags?post=362062"}],"curies":[{"name":"wp","href":"https:\/\/api.w.org\/{rel}","templated":true}]}}