{"id":362064,"date":"2025-09-03T00:50:13","date_gmt":"2025-09-03T00:50:13","guid":{"rendered":"https:\/\/www.europesays.com\/fr\/362064\/"},"modified":"2025-09-03T00:50:13","modified_gmt":"2025-09-03T00:50:13","slug":"et-si-cetait-le-bon-moment-pour-vous-engager-et-creer-une-entreprise-qui-change-la-donne","status":"publish","type":"post","link":"https:\/\/www.europesays.com\/fr\/362064\/","title":{"rendered":"Et si c&rsquo;\u00e9tait le bon moment pour vous engager et cr\u00e9er une entreprise qui change la donne ?"},"content":{"rendered":"<p>Nous sommes ravi\u00b7es de vous annoncer que le r\u00e9seau Alter&rsquo;Incub lance son troisi\u00e8me appel \u00e0 projets 2025. Vous pouvez candidater jusqu\u2019au 28 septembre 2025.<\/p>\n<p><strong>\u00a0Pourquoi rejoindre le parcours Alter\u2019Incub ?<\/strong><\/p>\n<ul>\n<li>Un accompagnement sp\u00e9cialis\u00e9\u00a0adapt\u00e9 aux projets d\u2019innovation sociale entrepreneuriale : formations collectives, ateliers th\u00e9matiques, suivi individuel personnalis\u00e9, &#8230;<\/li>\n<li>Une mise en r\u00e9seau\u00a0dans l\u2019\u00e9cosyst\u00e8me r\u00e9gional<\/li>\n<li>Un partage d&rsquo;exp\u00e9rience\u00a0avec les autres porteurs de projet<\/li>\n<li>Des\u00a0temps collectifs de formation<\/li>\n<li>Un service d\u2019h\u00e9bergement :\u00a0acc\u00e8s libre \u00e0 un\u00a0****espace de co-working, des bureaux, des salles de r\u00e9union<\/li>\n<li>La progression dans la posture entrepreneuriale\u00a0en d\u00e9veloppant vos comp\u00e9tences<\/li>\n<li>Pour s&rsquo;informer sur l&rsquo;appel \u00e0 projets Alter&rsquo;Incub et candidater\u00a0: <a href=\"https:\/\/ocmed.alterincub.coop\/la-selection\" rel=\"nofollow noopener\" target=\"_blank\">Dossier de candidature<\/a><\/li>\n<\/ul>\n<p>Pour s&rsquo;inscrire aux r\u00e9unions d\u2019information en visio et aux sessions questions \/r\u00e9ponses\u00a0\u201dFAQ\u2019Incub\u201d : <a href=\"https:\/\/ocmed.alterincub.coop\/reunions-d-info\" rel=\"nofollow noopener\" target=\"_blank\">R\u00e9unions d&rsquo;infos<\/a><\/p>\n<p>Int\u00e9grer Alter\u2019Incub, c\u2019est choisir le bon moment pour le maximum d\u2019impact de votre accompagnement.<\/p>\n","protected":false},"excerpt":{"rendered":"Nous sommes ravi\u00b7es de vous annoncer que le r\u00e9seau Alter&rsquo;Incub lance son troisi\u00e8me appel \u00e0 projets 2025. Vous&hellip;\n","protected":false},"author":2,"featured_media":362065,"comment_status":"","ping_status":"","sticky":false,"template":"","format":"standard","meta":{"footnotes":""},"categories":[9599],"tags":[1111,11,1777,674,1011,27,2208,12,2680,25],"class_list":{"0":"post-362064","1":"post","2":"type-post","3":"status-publish","4":"format-standard","5":"has-post-thumbnail","7":"category-montpellier","8":"tag-actu","9":"tag-actualites","10":"tag-eu","11":"tag-europe","12":"tag-fr","13":"tag-france","14":"tag-montpellier","15":"tag-news","16":"tag-occitanie","17":"tag-republique-francaise"},"share_on_mastodon":{"url":"https:\/\/pubeurope.com\/@fr\/115137624428735950","error":""},"_links":{"self":[{"href":"https:\/\/www.europesays.com\/fr\/wp-json\/wp\/v2\/posts\/362064","targetHints":{"allow":["GET"]}}],"collection":[{"href":"https:\/\/www.europesays.com\/fr\/wp-json\/wp\/v2\/posts"}],"about":[{"href":"https:\/\/www.europesays.com\/fr\/wp-json\/wp\/v2\/types\/post"}],"author":[{"embeddable":true,"href":"https:\/\/www.europesays.com\/fr\/wp-json\/wp\/v2\/users\/2"}],"replies":[{"embeddable":true,"href":"https:\/\/www.europesays.com\/fr\/wp-json\/wp\/v2\/comments?post=362064"}],"version-history":[{"count":0,"href":"https:\/\/www.europesays.com\/fr\/wp-json\/wp\/v2\/posts\/362064\/revisions"}],"wp:featuredmedia":[{"embeddable":true,"href":"https:\/\/www.europesays.com\/fr\/wp-json\/wp\/v2\/media\/362065"}],"wp:attachment":[{"href":"https:\/\/www.europesays.com\/fr\/wp-json\/wp\/v2\/media?parent=362064"}],"wp:term":[{"taxonomy":"category","embeddable":true,"href":"https:\/\/www.europesays.com\/fr\/wp-json\/wp\/v2\/categories?post=362064"},{"taxonomy":"post_tag","embeddable":true,"href":"https:\/\/www.europesays.com\/fr\/wp-json\/wp\/v2\/tags?post=362064"}],"curies":[{"name":"wp","href":"https:\/\/api.w.org\/{rel}","templated":true}]}}