{"id":362066,"date":"2025-09-03T00:51:14","date_gmt":"2025-09-03T00:51:14","guid":{"rendered":"https:\/\/www.europesays.com\/fr\/362066\/"},"modified":"2025-09-03T00:51:14","modified_gmt":"2025-09-03T00:51:14","slug":"pourquoi-le-demantelement-dun-bidonville-fait-polemique-alors-que-letat-assure-avoir-reloge-tout-le-monde","status":"publish","type":"post","link":"https:\/\/www.europesays.com\/fr\/362066\/","title":{"rendered":"pourquoi le d\u00e9mant\u00e8lement d&rsquo;un bidonville fait pol\u00e9mique alors que l&rsquo;\u00c9tat assure avoir relog\u00e9 tout le monde"},"content":{"rendered":"<p class=\"article__intro\">Le bidonville de la Jasse de Maurin a \u00e9t\u00e9 \u00e9vacu\u00e9 jeudi 28 ao\u00fbt 2025. Ce mardi 2 septembre, le pr\u00e9fet de l&rsquo;H\u00e9rault et le maire de Montpellier sont revenus sur place pour expliquer leur action. De leur c\u00f4t\u00e9, certaines familles se plaignent de n&rsquo;avoir pas \u00e9t\u00e9 relog\u00e9es.<\/p>\n<p>\n      La Quotidienne Soci\u00e9t\u00e9\n    <\/p>\n<p>\n      De la vie quotidienne aux grands enjeux, recevez tous les jours les sujets qui font la soci\u00e9t\u00e9 locale, comme la justice, l\u2019\u00e9ducation, la sant\u00e9 et la famille.\n    <\/p>\n<p>    France T\u00e9l\u00e9visions utilise votre adresse e-mail afin de vous envoyer la newsletter \u00ab\u00a0La Quotidienne Soci\u00e9t\u00e9\u00a0\u00bb. Vous pouvez vous d\u00e9sinscrire \u00e0 tout moment via le lien en bas de cette newsletter. <a target=\"_blank\" href=\"https:\/\/www.francetelevisions.fr\/groupe\/confidentialite\/politique-de-confidentialite\/politique-de-confidentialite-de-france-televisions-6503\" rel=\"nofollow noopener\">Notre politique de confidentialit\u00e9<\/a><\/p>\n<p>Le terrain de la Jasse de Maurin, \u00e0 Lattes, a chang\u00e9 de visage en quelques jours. Ce mardi matin, une pelleteuse d\u00e9gage encore les d\u00e9bris laiss\u00e9s par les caravanes et cabanes ras\u00e9es.<\/p>\n<p>Sur ce site de 1,8 hectare, situ\u00e9 en zone inondable, il reste des poussettes, des peluches, des chaussures et des bonbonnes de gaz.<\/p>\n<\/p>\n<p>Le pr\u00e9fet de l\u2019H\u00e9rault, Fran\u00e7ois-Xavier Lauch, est revenu sur les engagements pris par l\u2019\u00c9tat et les collectivit\u00e9s.<\/p>\n<p>\u00ab\u00a0Les 91 personnes, dont 36 enfants, pr\u00e9sentes ici ont pu b\u00e9n\u00e9ficier d\u2019une solution de logement transitoire, en attendant une solution durable \u00e0 \u00e9ch\u00e9ance de 24 mois. Il reste d\u00e9sormais 12 bidonvilles \u00e0 r\u00e9sorber occup\u00e9s par 441 personnes. Un tiers du travail a \u00e9t\u00e9 fait, le travail continue en partenariat\u00a0\u00bb, a-t-il expliqu\u00e9.<\/p>\n<p><a data-article-figure=\"\" href=\"https:\/\/france3-regions.franceinfo.fr\/image\/vR_MIemygVp8GAqBqcGbQyYIgxk\/4300x2868\/regions\/2025\/09\/02\/maxnewsfrfour946324-68b71ab1ac11e764257157.jpg\" data-pswp-width=\"4300\" data-pswp-height=\"2868\" target=\"_blank\" rel=\"nofollow noopener\"><\/p>\n<p>          <img width=\"600\" height=\"400\" class=\"article-image lazy\" data-src=\"https:\/\/www.europesays.com\/fr\/wp-content\/uploads\/2025\/09\/maxnewsfrfour946324-68b71ab1ac11e764257157.jpg\" alt=\"Montpellier-Lattes - le bidonville de la Jasse de Maurin, en 2022. Un site \u00e9vacu\u00e9 fin ao\u00fbt 2025.\" fetchpriority=\"high\" as=\"image\"\/><\/p>\n<p>\n            Montpellier-Lattes &#8211; le bidonville de la Jasse de Maurin, en 2022. Un site \u00e9vacu\u00e9 fin ao\u00fbt 2025.<br \/>\n                           \u2022<br \/>\n                                      \u00a9 JEAN-MARC LALLEMAND \/ MAXPPP\n                      <\/p>\n<p><\/a><\/p>\n<p>Il a aussi pr\u00e9venu que l\u2019\u00c9tat ne laisserait pas de nouvelles familles s\u2019installer dans les campements encore pr\u00e9sents \u00e0 Montpellier. \u00ab\u00a0Nous n\u2019acceptons pas l\u2019arriv\u00e9e de nouvelles familles dans les bidonvilles qui existent encore, comme au Z\u00e9nith ou \u00e0 Bonnier de la Mosson. Ce sont des choix tr\u00e8s forts\u00a0\u00bb, a ajout\u00e9 le pr\u00e9fet.<\/p>\n<p>Le maire, Micha\u00ebl Delafosse, a insist\u00e9 sur les risques li\u00e9s \u00e0 ce site cach\u00e9 pr\u00e8s du d\u00e9p\u00f4t de la TAM.<\/p>\n<p>\u00ab\u00a0Les occupants de ce bidonville \u00e9taient en danger en cas d\u2019inondation ou d\u2019incendie. L\u2019ann\u00e9e derni\u00e8re, il y a eu un feu de v\u00e9g\u00e9tation et de v\u00e9hicules, fort heureusement sans faire de victime\u00a0\u00bb, a-t-il rappel\u00e9.<\/p>\n<p><a data-article-figure=\"\" href=\"https:\/\/france3-regions.franceinfo.fr\/image\/W_JWNSGDpL0nIYePfYikcbbrcpc\/2048x1151\/regions\/2025\/09\/02\/whatsapp-image-2025-09-02-at-10-47-14-68b7258772a65131513516.jpg\" data-pswp-width=\"2048\" data-pswp-height=\"1151\" target=\"_blank\" rel=\"nofollow noopener\"><\/p>\n<p>          <img width=\"600\" height=\"400\" class=\"article-image lazy\" data-src=\"https:\/\/www.europesays.com\/fr\/wp-content\/uploads\/2025\/09\/whatsapp-image-2025-09-02-at-10-47-14-68b7258772a65131513516.jpg\" alt=\"Montpellier - le maire et le pr\u00e9fet de l'H\u00e9rault sur le site du bidonville de la Jasse de Maurin, une semaine apr\u00e8s son \u00e9vacuation - 2 septembre 2025.\" fetchpriority=\"high\" as=\"image\"\/><\/p>\n<p>\n            Montpellier &#8211; le maire et le pr\u00e9fet de l&rsquo;H\u00e9rault sur le site du bidonville de la Jasse de Maurin, une semaine apr\u00e8s son \u00e9vacuation &#8211; 2 septembre 2025.<br \/>\n                           \u2022<br \/>\n                                      \u00a9 FTV E. David.\n                      <\/p>\n<p><\/a><\/p>\n<p>Mais toutes les familles \u00e9vacu\u00e9es n\u2019ont pas trouv\u00e9 de solution. Jos\u00e9 Lagorce, directeur de l\u2019association Area, affirme que \u00ab\u00a0toutes les personnes n\u2019ont pas \u00e9t\u00e9 relog\u00e9es. Aujourd\u2019hui, c\u2019est 13 personnes, 5 m\u00e9nages sans solution. On les accompagne encore vers la recherche d\u2019un h\u00e9bergement, parce qu\u2019elles dorment encore \u00e0 la rue.\u00a0\u00bb.<\/p>\n<p>Il reconna\u00eet toutefois que le travail men\u00e9 \u00e0 Montpellier reste unique en France. \u00ab\u00a0Dans d\u2019autres d\u00e9partements, les gens sont expuls\u00e9s de fa\u00e7on s\u00e8che et sans solution, sans m\u00eame parfois de d\u00e9cision de justice\u00a0\u00bb, souligne-t-il.<\/p>\n<p>Le chantier de la r\u00e9sorption des bidonvilles se poursuit donc dans la m\u00e9tropole de Montpellier. Mais pour les associations d&rsquo;aides, il laisse encore des zones d\u2019ombre, avec des familles toujours sans toit.<\/p>\n","protected":false},"excerpt":{"rendered":"Le bidonville de la Jasse de Maurin a \u00e9t\u00e9 \u00e9vacu\u00e9 jeudi 28 ao\u00fbt 2025. Ce mardi 2 septembre,&hellip;\n","protected":false},"author":2,"featured_media":362067,"comment_status":"","ping_status":"","sticky":false,"template":"","format":"standard","meta":{"footnotes":""},"categories":[9599],"tags":[1111,11,1777,674,1011,27,2208,12,2680,25],"class_list":{"0":"post-362066","1":"post","2":"type-post","3":"status-publish","4":"format-standard","5":"has-post-thumbnail","7":"category-montpellier","8":"tag-actu","9":"tag-actualites","10":"tag-eu","11":"tag-europe","12":"tag-fr","13":"tag-france","14":"tag-montpellier","15":"tag-news","16":"tag-occitanie","17":"tag-republique-francaise"},"share_on_mastodon":{"url":"https:\/\/pubeurope.com\/@fr\/115137628237138066","error":""},"_links":{"self":[{"href":"https:\/\/www.europesays.com\/fr\/wp-json\/wp\/v2\/posts\/362066","targetHints":{"allow":["GET"]}}],"collection":[{"href":"https:\/\/www.europesays.com\/fr\/wp-json\/wp\/v2\/posts"}],"about":[{"href":"https:\/\/www.europesays.com\/fr\/wp-json\/wp\/v2\/types\/post"}],"author":[{"embeddable":true,"href":"https:\/\/www.europesays.com\/fr\/wp-json\/wp\/v2\/users\/2"}],"replies":[{"embeddable":true,"href":"https:\/\/www.europesays.com\/fr\/wp-json\/wp\/v2\/comments?post=362066"}],"version-history":[{"count":0,"href":"https:\/\/www.europesays.com\/fr\/wp-json\/wp\/v2\/posts\/362066\/revisions"}],"wp:featuredmedia":[{"embeddable":true,"href":"https:\/\/www.europesays.com\/fr\/wp-json\/wp\/v2\/media\/362067"}],"wp:attachment":[{"href":"https:\/\/www.europesays.com\/fr\/wp-json\/wp\/v2\/media?parent=362066"}],"wp:term":[{"taxonomy":"category","embeddable":true,"href":"https:\/\/www.europesays.com\/fr\/wp-json\/wp\/v2\/categories?post=362066"},{"taxonomy":"post_tag","embeddable":true,"href":"https:\/\/www.europesays.com\/fr\/wp-json\/wp\/v2\/tags?post=362066"}],"curies":[{"name":"wp","href":"https:\/\/api.w.org\/{rel}","templated":true}]}}