{"id":362077,"date":"2025-09-03T01:03:10","date_gmt":"2025-09-03T01:03:10","guid":{"rendered":"https:\/\/www.europesays.com\/fr\/362077\/"},"modified":"2025-09-03T01:03:10","modified_gmt":"2025-09-03T01:03:10","slug":"nice-galerie-eva-vautier-lequipe-vous-souhaite-une-bonne-rentree-culturelle","status":"publish","type":"post","link":"https:\/\/www.europesays.com\/fr\/362077\/","title":{"rendered":"NICE : Galerie Eva Vautier &#8211; L\u2019\u00e9quipe vous souhaite une bonne rentr\u00e9e culturelle !"},"content":{"rendered":"<p style=\"text-align: left;\"><strong>En ce mois de septembre, nous vous proposons de d\u00e9couvrir une nouvelle \u0153uvre \u00e0 tirage limit\u00e9 de Jeanne Susplugas : Xanax \u00e0 croquer.<\/strong><\/p>\n<p style=\"text-align: left;\">Vous pouvez la retrouver sur notre boutique en ligne et dans l\u2019espace showroom de la galerie.<\/p>\n<p style=\"text-align: left;\">N\u00e9e en 1974 \u00e0 Montpellier et dipl\u00f4m\u00e9e en Histoire de l\u2019Art de l\u2019Universit\u00e9 Paris I Panth\u00e9on-Sorbonne, Jeanne Susplugas d\u00e9veloppe depuis les ann\u00e9es 2000 une d\u00e9marche r\u00e9solument engag\u00e9e qui interroge les multiples formes d\u2019enfermement, qu\u2019elles soient physiques, mentales ou sociales. \u00c0 travers son \u0153uvre, elle explore les relations et distorsions de l\u2019individu avec lui-m\u00eame et avec autrui, dans un monde obsessionnel et dysfonctionnel.<\/p>\n<p style=\"text-align: left;\"><a href=\"https:\/\/dmanalytics1.com\/click?u=https%3A%2F%2Feva-vautier.com%2Fboutique%2Fjeanne-susplugas-xanax-a-croquer-2025%2F%3Futm_campaign%3DBONNE%2520RENTR%25C3%2589E%25202025%2520%21%26utm_term%3DEn%2520savoir%2520plus%26utm_medium%3Demail%26utm_source%3Ddirectmailmac&amp;i=4&amp;d=rEetldi9RPesiUcpkVU8WQ&amp;e=redaction%40presseagence.fr&amp;a=BgEW4Z1uQgypcppWhDLO1A&amp;s=NoI9vnPWESc\" rel=\"nofollow noopener\" target=\"_blank\">En savoir plus<\/a><\/p>\n","protected":false},"excerpt":{"rendered":"En ce mois de septembre, nous vous proposons de d\u00e9couvrir une nouvelle \u0153uvre \u00e0 tirage limit\u00e9 de Jeanne&hellip;\n","protected":false},"author":2,"featured_media":362078,"comment_status":"","ping_status":"","sticky":false,"template":"","format":"standard","meta":{"footnotes":""},"categories":[2819],"tags":[1111,11,1777,674,1011,27,12,2401,882,25],"class_list":{"0":"post-362077","1":"post","2":"type-post","3":"status-publish","4":"format-standard","5":"has-post-thumbnail","7":"category-nice","8":"tag-actu","9":"tag-actualites","10":"tag-eu","11":"tag-europe","12":"tag-fr","13":"tag-france","14":"tag-news","15":"tag-nice","16":"tag-provence-alpes-cote-dazur","17":"tag-republique-francaise"},"share_on_mastodon":{"url":"https:\/\/pubeurope.com\/@fr\/115137675517235927","error":""},"_links":{"self":[{"href":"https:\/\/www.europesays.com\/fr\/wp-json\/wp\/v2\/posts\/362077","targetHints":{"allow":["GET"]}}],"collection":[{"href":"https:\/\/www.europesays.com\/fr\/wp-json\/wp\/v2\/posts"}],"about":[{"href":"https:\/\/www.europesays.com\/fr\/wp-json\/wp\/v2\/types\/post"}],"author":[{"embeddable":true,"href":"https:\/\/www.europesays.com\/fr\/wp-json\/wp\/v2\/users\/2"}],"replies":[{"embeddable":true,"href":"https:\/\/www.europesays.com\/fr\/wp-json\/wp\/v2\/comments?post=362077"}],"version-history":[{"count":0,"href":"https:\/\/www.europesays.com\/fr\/wp-json\/wp\/v2\/posts\/362077\/revisions"}],"wp:featuredmedia":[{"embeddable":true,"href":"https:\/\/www.europesays.com\/fr\/wp-json\/wp\/v2\/media\/362078"}],"wp:attachment":[{"href":"https:\/\/www.europesays.com\/fr\/wp-json\/wp\/v2\/media?parent=362077"}],"wp:term":[{"taxonomy":"category","embeddable":true,"href":"https:\/\/www.europesays.com\/fr\/wp-json\/wp\/v2\/categories?post=362077"},{"taxonomy":"post_tag","embeddable":true,"href":"https:\/\/www.europesays.com\/fr\/wp-json\/wp\/v2\/tags?post=362077"}],"curies":[{"name":"wp","href":"https:\/\/api.w.org\/{rel}","templated":true}]}}