{"id":362080,"date":"2025-09-03T01:05:19","date_gmt":"2025-09-03T01:05:19","guid":{"rendered":"https:\/\/www.europesays.com\/fr\/362080\/"},"modified":"2025-09-03T01:05:19","modified_gmt":"2025-09-03T01:05:19","slug":"fc-nantes-qui-est-junior-mwanga-la-derniere-recrue-des-canaris","status":"publish","type":"post","link":"https:\/\/www.europesays.com\/fr\/362080\/","title":{"rendered":"FC Nantes. Qui est Junior Mwanga, la derni\u00e8re recrue des Canaris ?"},"content":{"rendered":"<p data-start=\"294\" data-end=\"862\">Avec les d\u00e9parts de Pedro Chirivella et de Douglas Augusto, et les blessures r\u00e9p\u00e9titives de Francis Coquelin, le FC Nantes souhaitait renforcer son entrejeu mais aussi sa d\u00e9fense centrale avec un profil polyvalent lors de ce mercato estival. La cellule de recrutement, avec l\u2019aval du nouveau coach Luis Castro, a valid\u00e9 l\u2019arriv\u00e9e de Junior Mwanga dans les derni\u00e8res heures du mercato. Il arrive en pr\u00eat de Strasbourg. Profil d\u00e9fensif complet et moderne, int\u00e9ressons-nous \u00e0 l\u2019histoire de ce gar\u00e7on, qui portera le maillot jaune-et-vert cette saison. Portrait complet.<\/p>\n<p>Enfance<\/p>\n<p data-start=\"864\" data-end=\"1632\">Junior Mwanga voit le jour \u00e0 Lyon, le 11 mai 2003. N\u00e9 de parents originaires de la R\u00e9publique d\u00e9mocratique du Congo, il passera sa jeunesse dans la Ville des Lumi\u00e8res. Tr\u00e8s rapidement le jeune Junior s\u2019int\u00e9resse \u00e0 la pratique du football. D\u00e8s l\u2019\u00e2ge de huit ans il prend une licence au sein du Club athl\u00e9tique et sportif des Cheminots d\u2019Oullins Lyon (CASCOL). Il y restera sept ans avant de rejoindre le FC Lyon \u00e0 l\u2019\u00e9t\u00e9 2017. D\u00e9fenseur central rugueux d\u00e8s son plus jeune \u00e2ge, il dispute le championnat national U17 avec son club lors de la saison 2018-2019, se qualifiant en devan\u00e7ant des clubs comme l\u2019OL ou encore l\u2019AS Saint-\u00c9tienne. Le parcours de Junior Mwanga s\u2019arr\u00eatera en quarts de finale apr\u00e8s avoir \u00e9t\u00e9 d\u00e9fait par le Montrouge Football Club 92.<\/p>\n<p data-start=\"1634\" data-end=\"2057\">Tout juste \u00e2g\u00e9 de 16 ans, il est rep\u00e9r\u00e9 par les Girondins de Bordeaux o\u00f9 il int\u00e8gre la section des moins de 17 ans. Il gravit les \u00e9chelons \u00e0 vitesse grand V avec les Bordelais. \u00c0 peine trois ans plus tard il est align\u00e9 pour ses d\u00e9buts en professionnel par David Guion, Bordeaux est alors d\u00e9j\u00e0 condamn\u00e9 \u00e0 la Ligue 2. Associ\u00e9 \u00e0 Marcelo et Anel Ahmedhod\u017ei\u0107 en d\u00e9fense centrale, Bordeaux l\u2019emporte 4-2 face au Stade Brestois.<\/p>\n<p>D\u00e9buts professionnels<\/p>\n<p data-start=\"2059\" data-end=\"2526\">L\u2019\u00e9t\u00e9 suivant (2022), il paraphe son premier contrat professionnel avec les Girondins jusqu\u2019en juin 2025. En Ligue 2, le nouveau projet bordelais inclut de nombreux jeunes (Dilane Bakwa, Jacques Ekomi\u00e9, Malcom Bokele et Junior Mwanga notamment). \u00c0 seulement 19 ans, il se retrouve propuls\u00e9 titulaire aux c\u00f4t\u00e9s de Yoann Barbet en d\u00e9fense centrale. Lors de la saison 2022-2023 il joue 33 matchs et fait partie des r\u00e9v\u00e9lations de la saison.<\/p>\n<p>Gros transfert \u00e0 Strasbourg<\/p>\n<p data-start=\"2528\" data-end=\"3127\">\u00c0 tel point que Strasbourg, fort de l\u2019arriv\u00e9e r\u00e9cente de BlueCo, d\u00e9pense 10 millions d\u2019euros pour s\u2019attacher les services de Junior Mwanga. Dans le m\u00eame temps le club alsacien d\u00e9pense une somme similaire pour recruter son co\u00e9quipier \u00e0 Bordeaux, Dilane Bakwa, ailier virevoltant.<br data-start=\"2840\" data-end=\"2843\"\/>Plus positionn\u00e9 en sentinelle, il met du temps \u00e0 s\u2019adapter en Ligue 1 et, \u00e0 l\u2019image du tout jeune projet strasbourgeois, il affiche quelques limites lors de la saison 2023-2024. L\u2019arriv\u00e9e d\u2019Andrey Santos \u00e0 l\u2019hiver 2024 le place sur le banc jusqu\u2019\u00e0 son pr\u00eat un an plus tard au Havre.<\/p>\n<p>Pr\u00eat au Havre<\/p>\n<p data-start=\"3129\" data-end=\"3449\">Avec les Normands il se relance totalement, dans un registre de milieu d\u00e9fensif qui se projette beaucoup. Titulaire aux c\u00f4t\u00e9s d\u2019Abdoulaye Tour\u00e9 et de Yassine Kechta, il fait partie des hommes forts qui permettront aux Hacmens de se maintenir en Ligue 1 lors de l\u2019ultime journ\u00e9e face \u00e0 \u2026 Strasbourg.<\/p>\n<p data-start=\"3451\" data-end=\"3717\">De retour en Alsace, il est titulaire sur les 4 premiers matchs entre la Conference League et la Ligue 1, alternant de bonnes performances autant en d\u00e9fense centrale qu\u2019au milieu de terrain o\u00f9 il a notamment mis \u00e0 mal l\u2019entrejeu nantais il y a deux semaines (1-0).<\/p>\n<p data-start=\"3719\" data-end=\"3898\">Junior Mwanga est donc pr\u00eat\u00e9 sans option d\u2019achat au FC Nantes pour cette saison 2025-2026. On surveillera l\u2019utilisation que Luis Castro souhaite faire du jeune talent de 22 ans.<\/p>\n","protected":false},"excerpt":{"rendered":"Avec les d\u00e9parts de Pedro Chirivella et de Douglas Augusto, et les blessures r\u00e9p\u00e9titives de Francis Coquelin, le&hellip;\n","protected":false},"author":2,"featured_media":362081,"comment_status":"","ping_status":"","sticky":false,"template":"","format":"standard","meta":{"footnotes":""},"categories":[2818],"tags":[1111,11,1777,674,1011,27,766,12,2636,25],"class_list":{"0":"post-362080","1":"post","2":"type-post","3":"status-publish","4":"format-standard","5":"has-post-thumbnail","7":"category-nantes","8":"tag-actu","9":"tag-actualites","10":"tag-eu","11":"tag-europe","12":"tag-fr","13":"tag-france","14":"tag-nantes","15":"tag-news","16":"tag-pays-de-la-loire","17":"tag-republique-francaise"},"share_on_mastodon":{"url":"https:\/\/pubeurope.com\/@fr\/115137683350931978","error":""},"_links":{"self":[{"href":"https:\/\/www.europesays.com\/fr\/wp-json\/wp\/v2\/posts\/362080","targetHints":{"allow":["GET"]}}],"collection":[{"href":"https:\/\/www.europesays.com\/fr\/wp-json\/wp\/v2\/posts"}],"about":[{"href":"https:\/\/www.europesays.com\/fr\/wp-json\/wp\/v2\/types\/post"}],"author":[{"embeddable":true,"href":"https:\/\/www.europesays.com\/fr\/wp-json\/wp\/v2\/users\/2"}],"replies":[{"embeddable":true,"href":"https:\/\/www.europesays.com\/fr\/wp-json\/wp\/v2\/comments?post=362080"}],"version-history":[{"count":0,"href":"https:\/\/www.europesays.com\/fr\/wp-json\/wp\/v2\/posts\/362080\/revisions"}],"wp:featuredmedia":[{"embeddable":true,"href":"https:\/\/www.europesays.com\/fr\/wp-json\/wp\/v2\/media\/362081"}],"wp:attachment":[{"href":"https:\/\/www.europesays.com\/fr\/wp-json\/wp\/v2\/media?parent=362080"}],"wp:term":[{"taxonomy":"category","embeddable":true,"href":"https:\/\/www.europesays.com\/fr\/wp-json\/wp\/v2\/categories?post=362080"},{"taxonomy":"post_tag","embeddable":true,"href":"https:\/\/www.europesays.com\/fr\/wp-json\/wp\/v2\/tags?post=362080"}],"curies":[{"name":"wp","href":"https:\/\/api.w.org\/{rel}","templated":true}]}}