{"id":362084,"date":"2025-09-03T01:07:16","date_gmt":"2025-09-03T01:07:16","guid":{"rendered":"https:\/\/www.europesays.com\/fr\/362084\/"},"modified":"2025-09-03T01:07:16","modified_gmt":"2025-09-03T01:07:16","slug":"ici-gironde-vous-offre-vos-invitations-pour-lavant-premiere-du-film-moi-qui-taimais-mardi-9-septembre-a-bordeaux","status":"publish","type":"post","link":"https:\/\/www.europesays.com\/fr\/362084\/","title":{"rendered":"Ici Gironde vous offre vos invitations pour l\u2019avant-premi\u00e8re du film \u00ab\u00a0Moi qui t\u2019aimais\u00a0\u00bb, mardi 9 septembre \u00e0 Bordeaux"},"content":{"rendered":"<p>Venez d\u00e9couvrir avant les autres \u00ab\u00a0Moi qui t\u2019aimais\u00a0\u00bb, le nouveau film de Diane Kurys avec Marina Fo\u00efs et Roschdy Zem, mardi 9 septembre 2025 \u00e0 l\u2019UGC Cin\u00e9 Cit\u00e9 de Bordeaux \u00e0 20h00 en pr\u00e9sence de l\u2019\u00e9quipe du film.<\/p>\n<p>L\u2019histoire\u00a0: Elle l\u2019aimait plus que tout, il l\u2019aimait plus que toutes les autres. <strong>Simone Signoret et Yves Montand ont form\u00e9 l\u2019un des couples les plus c\u00e9l\u00e8bres de leur temps.<\/strong>\u202f Hant\u00e9e par la liaison de son mari avec Marilyn Monroe et meurtrie par toutes celles qui ont suivi, Signoret a toujours refus\u00e9 le r\u00f4le de victime.\u202f Ce qu\u2019ils savaient, c\u2019est qu\u2019ils ne se quitteraient jamais.<\/p>\n<p><a href=\"https:\/\/www.youtube.com\/watch?v=0sRcChmu84E\" target=\"_blank\" rel=\"noopener noreferrer nofollow\" class=\"Youtube svelte-15adm43\" style=\"background-image: url(https:\/\/i.ytimg.com\/vi\/0sRcChmu84E\/sddefault.jpg);\"><\/p>\n<p>MOI QUI T&rsquo;AIMAIS Bande Annonce (2025) Marina Fo\u00efs<\/p>\n<p> <\/a> <\/p>\n<p>Dans ce nouveau long m\u00e9trage avec Marina Fo\u00efs et Roschdy Zem dans les r\u00f4les principaux, la r\u00e9alisatrice\u00a0<a target=\"_blank\" rel=\"nofollow noopener noreferrer\" class=\"IciLink ici-link IciArticleLink g-ici-body-regular-1 underline brand svelte-lu7k6w\" href=\"https:\/\/fr.wikipedia.org\/wiki\/Diane_Kurys\">Diane Kurys<\/a>\u00a0nous plonge dans l\u2019histoire d\u2019amour tumultueuse et passionn\u00e9e d\u2019un couple de l\u00e9gende\u00a0:\u00a0<a target=\"_blank\" rel=\"nofollow noopener noreferrer\" class=\"IciLink ici-link IciArticleLink g-ici-body-regular-1 underline brand svelte-lu7k6w\" href=\"https:\/\/fr.wikipedia.org\/wiki\/Yves_Montand\">Yves Montand<\/a>\u00a0et\u00a0<a target=\"_blank\" rel=\"nofollow noopener noreferrer\" class=\"IciLink ici-link IciArticleLink g-ici-body-regular-1 underline brand svelte-lu7k6w\" href=\"https:\/\/fr.wikipedia.org\/wiki\/Simone_Signoret\">Simone Signoret<\/a>.\u00a0Une histoire marqu\u00e9e par les infid\u00e9lit\u00e9s du chanteur, notamment avec Marylin Monroe en 1960 sur le tournage du film \u00ab\u00a0Le milliardaire\u00a0\u00bb. <strong>ICI Gironde vous invite \u00e0 le d\u00e9couvrir avant les autres<\/strong>, en avant-premi\u00e8re, mardi 9 septembre 2025 \u00e0\u00a0<a target=\"_blank\" rel=\"nofollow noopener noreferrer\" class=\"IciLink ici-link IciArticleLink g-ici-body-regular-1 underline brand svelte-lu7k6w\" href=\"https:\/\/www.ugc.fr\/cinema.html?id=1\">l\u2019UGC Cin\u00e9 Cit\u00e9 Bordeaux Gambetta<\/a>\u00a0\u00e0 20h00. Bonne chance\u00a0!<\/p>\n","protected":false},"excerpt":{"rendered":"Venez d\u00e9couvrir avant les autres \u00ab\u00a0Moi qui t\u2019aimais\u00a0\u00bb, le nouveau film de Diane Kurys avec Marina Fo\u00efs et&hellip;\n","protected":false},"author":2,"featured_media":362085,"comment_status":"","ping_status":"","sticky":false,"template":"","format":"standard","meta":{"footnotes":""},"categories":[2817],"tags":[1111,11,1997,1777,674,1011,27,12,2219,25],"class_list":{"0":"post-362084","1":"post","2":"type-post","3":"status-publish","4":"format-standard","5":"has-post-thumbnail","7":"category-bordeaux","8":"tag-actu","9":"tag-actualites","10":"tag-bordeaux","11":"tag-eu","12":"tag-europe","13":"tag-fr","14":"tag-france","15":"tag-news","16":"tag-nouvelle-aquitaine","17":"tag-republique-francaise"},"share_on_mastodon":{"url":"https:\/\/pubeurope.com\/@fr\/115137691318444367","error":""},"_links":{"self":[{"href":"https:\/\/www.europesays.com\/fr\/wp-json\/wp\/v2\/posts\/362084","targetHints":{"allow":["GET"]}}],"collection":[{"href":"https:\/\/www.europesays.com\/fr\/wp-json\/wp\/v2\/posts"}],"about":[{"href":"https:\/\/www.europesays.com\/fr\/wp-json\/wp\/v2\/types\/post"}],"author":[{"embeddable":true,"href":"https:\/\/www.europesays.com\/fr\/wp-json\/wp\/v2\/users\/2"}],"replies":[{"embeddable":true,"href":"https:\/\/www.europesays.com\/fr\/wp-json\/wp\/v2\/comments?post=362084"}],"version-history":[{"count":0,"href":"https:\/\/www.europesays.com\/fr\/wp-json\/wp\/v2\/posts\/362084\/revisions"}],"wp:featuredmedia":[{"embeddable":true,"href":"https:\/\/www.europesays.com\/fr\/wp-json\/wp\/v2\/media\/362085"}],"wp:attachment":[{"href":"https:\/\/www.europesays.com\/fr\/wp-json\/wp\/v2\/media?parent=362084"}],"wp:term":[{"taxonomy":"category","embeddable":true,"href":"https:\/\/www.europesays.com\/fr\/wp-json\/wp\/v2\/categories?post=362084"},{"taxonomy":"post_tag","embeddable":true,"href":"https:\/\/www.europesays.com\/fr\/wp-json\/wp\/v2\/tags?post=362084"}],"curies":[{"name":"wp","href":"https:\/\/api.w.org\/{rel}","templated":true}]}}