{"id":362088,"date":"2025-09-03T01:09:20","date_gmt":"2025-09-03T01:09:20","guid":{"rendered":"https:\/\/www.europesays.com\/fr\/362088\/"},"modified":"2025-09-03T01:09:20","modified_gmt":"2025-09-03T01:09:20","slug":"en-occitanie-un-dixieme-lycee-exemplaire-pres-de-toulouse","status":"publish","type":"post","link":"https:\/\/www.europesays.com\/fr\/362088\/","title":{"rendered":"En Occitanie, un dixi\u00e8me lyc\u00e9e exemplaire pr\u00e8s de Toulouse"},"content":{"rendered":"<p>Et de 10\u00a0! La R\u00e9gion inaugure cette ann\u00e9e \u00e0 Auterive (31) son dixi\u00e8me lyc\u00e9e, en dix ans. Comme l\u2019ensemble des lyc\u00e9es construits depuis 2016, il est autonome en \u00e9nergie. Pour l\u2019Occitanie, l\u2019objectif est clair\u00a0: donner la possibilit\u00e9  \u00e0 chaque lyc\u00e9en d\u2019\u00e9tudier dans un cadre scolaire prot\u00e9g\u00e9 et performant.<\/p>\n<p><a href=\"https:\/\/www.laregion.fr\/IMG\/jpg\/4\/7\/5\/dsc00285_copie-1.jpg\" class=\"spip_in\" type=\"image\/jpeg\" rel=\"nofollow noopener\" target=\"_blank\"><img decoding=\"async\" loading=\"lazy\" src=\"https:\/\/www.europesays.com\/fr\/wp-content\/uploads\/2025\/09\/3805860b09edcf533953e388a4b931.webp\" height=\"667\" width=\"1000\" alt=\"Le lyc\u00e9e d'Auterive (Haute-Garonne) est le dixi\u00e8me lyc\u00e9e neuf inaugur\u00e9 et financ\u00e9 \u00e0 100% par la R\u00e9gion depuis 2016\"\/><\/a><\/p>\n<p><strong>Le lyc\u00e9e d\u2019Auterive (Haute-Garonne) est le dixi\u00e8me lyc\u00e9e neuf inaugur\u00e9 et financ\u00e9 \u00e0 100% par la R\u00e9gion depuis 2016<\/strong><\/p>\n<p>Malgr\u00e9 un contexte financier in\u00e9dit en France, <strong class=\"spip\">la R\u00e9gion poursuit son engagement en faveur de la jeunesse<\/strong>. Elle continue d\u2019investir, notamment en construisant de nouveaux lyc\u00e9es\u00a0: celui d\u2019Auterive (Haute-Garonne), qui a ouvert ses portes \u00e0 la rentr\u00e9e 2025, et celui de Cournonterral (H\u00e9rault), qui accueillera ses premiers \u00e9l\u00e8ves \u00e0 la rentr\u00e9e 2026. <strong class=\"spip\">Depuis 2016, 10 nouveaux \u00e9tablissements<\/strong> ont vu le jour.<\/p>\n<p>Afin de garantir aux jeunes des conditions d\u2019\u00e9tudes confortables et de qualit\u00e9, <strong class=\"spip\"> l\u2019Occitanie r\u00e9nove ses lyc\u00e9es<\/strong> pour qu\u2019ils soient plus durables et assure leur s\u00e9curisation. Elle leur offre ainsi un cadre scolaire \u00e0 la fois s\u00fbr, moderne et performant.<\/p>\n<blockquote class=\"bloc_figure__texte bloc_figure__texte--citation\">\n<p>Depuis maintenant presque 10 ans, l\u2019Occitanie reste plus que jamais la r\u00e9gion du pouvoir d\u2019achat en proposant une fois encore la rentr\u00e9e la moins ch\u00e8re de France \u00e0 ses 230 000 lyc\u00e9ens. Nous continuons d\u2019investir, comme nous l\u2019avons toujours fait, pour l\u2019avenir de nos jeunes.<\/p>\n<\/blockquote>\n<p>Carole Delga, Pr\u00e9sidente de la R\u00e9gion Occitanie Un lyc\u00e9e \u00ab\u00a0vert\u00a0\u00bb et polyvalent au sud de Toulouse<a class=\"sommaire-back sommaire-back-2\" href=\"#s-Un-lycee-lt-lt-vert-et-polyvalent-au-sud-de-Toulouse\" title=\"Retour au sommaire\"\/><\/p>\n<p class=\"bloc_figure__titre bloc_figure__titre--chiffrescles\">Chiffres cl\u00e9s<\/p>\n<dl class=\"bloc_figure__texte bloc_figure__texte--chiffrescles\">\n<dt class=\"bloc_figure_chiffrescles__chiffre\">1 050<\/dt>\n<dd class=\"bloc_figure_chiffrescles__info\">\u00e9l\u00e8ves accueillis<\/dd>\n<dt class=\"bloc_figure_chiffrescles__chiffre\">10 800 m\u00b2<\/dt>\n<dd class=\"bloc_figure_chiffrescles__info\">surface<\/dd>\n<dt class=\"bloc_figure_chiffrescles__chiffre\">52 M\u20ac<\/dt>\n<dd class=\"bloc_figure_chiffrescles__info\">investis par la R\u00e9gion<\/dd>\n<\/dl>\n<p>Inaugur\u00e9 le 2 septembre \u00e0 Auterive (Haute-Garonne), <strong class=\"spip\">le lyc\u00e9e Lydie Salvayre<\/strong>  a \u00e9t\u00e9 nomm\u00e9 en <strong class=\"spip\">hommage \u00e0 la figure litt\u00e9raire locale<\/strong>\u00a0[<a href=\"#nb2-1\" class=\"spip_note\" rel=\"appendix\" title=\"Ce choix s\u2019inscrit aussi dans un processus de f\u00e9minisation des noms de lyc\u00e9es.\" id=\"nh2-1\">1<\/a>]. M\u00e9decin et \u00e9crivaine, Commandeure de l\u2019Ordre des Arts et des Lettres, r\u00e9compens\u00e9e par le prix Goncourt 2014 pour son roman Pas Pleurer et par le prix Marguerite Yourcenar 2024 pour l\u2019ensemble de son \u0153uvre et fille de R\u00e9publicains espagnols exil\u00e9s, Lydie Salvayre est \u00ab\u00a0un symbole fort de r\u00e9ussite et inspirant pour nos lyc\u00e9ennes et lyc\u00e9ens\u00a0\u00bb, pr\u00e9cise Carole Delga.<\/p>\n<p>Ce nouvel \u00e9tablissement r\u00e9pond \u00e0 la forte pression d\u00e9mographique dans le sud toulousain et am\u00e9liore la qualit\u00e9 de vie des \u00e9l\u00e8ves, en r\u00e9duisant leur temps de transport. Au total, il pourra accueillir 1 050 \u00e9l\u00e8ves.<\/p>\n<p>Le lyc\u00e9e Lydie Salvayre propose <strong class=\"spip\">des enseignements g\u00e9n\u00e9raux et professionnels<\/strong>, dans les m\u00e9tiers de la sant\u00e9 et du soin \u00e0 la personne.<\/p>\n<p><strong class=\"spip\">Exemplaire sur le plan environnemental<\/strong>, le b\u00e2timent int\u00e8gre plus de 2 000 m\u00b2 de panneaux photovolta\u00efques, un chauffage g\u00e9othermique\u00a0[<a href=\"#nb2-2\" class=\"spip_note\" rel=\"appendix\" title=\"La g\u00e9othermie capte les ressources du sol pour produire de la chaleur.\" id=\"nh2-2\">2<\/a>], des cuves pour r\u00e9cup\u00e9rer l\u2019eau de pluie\u2026 <strong class=\"spip\">il produit plus d\u2019\u00e9nergie qu\u2019il n\u2019en consomme<\/strong>, et b\u00e9n\u00e9ficie des labels <a href=\"https:\/\/www.bepos.fr\/labels\/label-bepos\/\" class=\"spip_out\" rel=\"external nofollow noopener\" target=\"_blank\">Bepos<\/a> (b\u00e2timent \u00e0 \u00e9nergie positive) et <a href=\"https:\/\/label-bas-carbone.ecologie.gouv.fr\/\" class=\"spip_out\" rel=\"external nofollow noopener\" target=\"_blank\">\u00ab\u00a0bas carbone\u00a0\u00bb<\/a>.<\/p>\n<p>10 lyc\u00e9es neufs construits en Occitanie depuis 2016<\/p>\n<ul class=\"album__items\">\n<li class=\"album__item album__item_image album__item_image_jpg format-landscape format-landscape_2\" data-rang=\"1\">\n<p><a data-box-group=\"modele_album_185\" href=\"https:\/\/www.laregion.fr\/IMG\/jpg\/6\/f\/6\/rmp0214507_bensizerara-sofiane---region-occitanie__hd.jpg\" class=\"spip_doc_lien mediabox\" type=\"image\/jpeg\" rel=\"nofollow noopener\" target=\"_blank\"><br \/>\n<img decoding=\"async\" loading=\"lazy\" src=\"https:\/\/www.europesays.com\/fr\/wp-content\/uploads\/2025\/09\/caa60aff3ef0318906f148c12a9208.webp\" width=\"500\" height=\"348\" alt=\"\"\/><\/a><\/p>\n<p><strong>Le Lyc\u00e9e L\u00e9on Blum de Villefranche-de-Lauragais (Haute-Garonne) est le premier lyc\u00e9e \u00e0 \u00e9nergie positive inaugur\u00e9 par la R\u00e9gion en 2016.<br \/>\n<\/strong><\/p>\n<\/li>\n<li class=\"album__item album__item_image album__item_image_jpg format-landscape format-landscape_2\" data-rang=\"2\">\n<p><a data-box-group=\"modele_album_185\" href=\"https:\/\/www.laregion.fr\/IMG\/jpg\/4\/e\/2\/rmp0183482_laurent-boutonnet---region-occitanie__hd.jpg\" class=\"spip_doc_lien mediabox\" type=\"image\/jpeg\" rel=\"nofollow noopener\" target=\"_blank\"><br \/>\n<img decoding=\"async\" loading=\"lazy\" src=\"https:\/\/www.europesays.com\/fr\/wp-content\/uploads\/2025\/09\/3cceb1454e13a316179b1c8f7efff1.webp\" width=\"500\" height=\"348\" alt=\"\"\/><\/a><\/p>\n<p><strong>Dans l\u2019Aude, le Lyc\u00e9e Ernest Ferroul est aliment\u00e9 \u00e0 100\u00a0% en \u00e9nergie renouvelable, pour le confort de ses 1 200 \u00e9l\u00e8ves.<br \/>\n<\/strong><\/p>\n<\/li>\n<li class=\"album__item album__item_image album__item_image_jpg format-landscape format-landscape_2\" data-rang=\"3\">\n<p><a data-box-group=\"modele_album_185\" href=\"https:\/\/www.laregion.fr\/IMG\/jpg\/b\/1\/3\/rmp0124166_sebastien-pouchard---region-occitanie__hd.jpg\" class=\"spip_doc_lien mediabox\" type=\"image\/jpeg\" rel=\"nofollow noopener\" target=\"_blank\"><br \/>\n<img decoding=\"async\" loading=\"lazy\" src=\"https:\/\/www.europesays.com\/fr\/wp-content\/uploads\/2025\/09\/4694813615a9b43d178c7292fe5d16.webp\" width=\"500\" height=\"348\" alt=\"\"\/><\/a><\/p>\n<p><strong>A l\u2019ouest toulousain, le lyc\u00e9e Nelson Mandela de Pibrac (Haute-Garonne) est un des tous premiers lyc\u00e9es \u00e0 g\u00e9othermie d\u2019Occitanie.<br \/>\n<\/strong><\/p>\n<\/li>\n<li class=\"album__item album__item_image album__item_image_jpg format-landscape format-landscape_2\" data-rang=\"4\">\n<p><a data-box-group=\"modele_album_185\" href=\"https:\/\/www.laregion.fr\/IMG\/jpg\/8\/6\/2\/rmp0215601_leo-arcangeli-_-region-occitanie__hd.jpg\" class=\"spip_doc_lien mediabox\" type=\"image\/jpeg\" rel=\"nofollow noopener\" target=\"_blank\"><br \/>\n<img decoding=\"async\" loading=\"lazy\" src=\"https:\/\/www.europesays.com\/fr\/wp-content\/uploads\/2025\/09\/0f68b5b838964a403e82832f2b88ec.webp\" width=\"500\" height=\"348\" alt=\"\"\/><\/a><\/p>\n<p><strong>Implant\u00e9 au c\u0153ur de Castelnaudary (Aude), le lyc\u00e9e Germaine Tillion a \u00e9t\u00e9 r\u00e9alis\u00e9 avec pour unique mat\u00e9riau le b\u00e9ton, tout en s\u2019int\u00e9grant \u00e0 la v\u00e9g\u00e9tation.<br \/>\n<\/strong><\/p>\n<\/li>\n<li class=\"album__item album__item_image album__item_image_jpg format-landscape format-landscape_2\" data-rang=\"5\">\n<p><a data-box-group=\"modele_album_185\" href=\"https:\/\/www.laregion.fr\/IMG\/jpg\/f\/4\/1\/rmp0215506_bensizerara-sofiane---region-occitanie__hd.jpg\" class=\"spip_doc_lien mediabox\" type=\"image\/jpeg\" rel=\"nofollow noopener\" target=\"_blank\"><br \/>\n<img decoding=\"async\" loading=\"lazy\" src=\"https:\/\/www.europesays.com\/fr\/wp-content\/uploads\/2025\/09\/53def5bfd1fa2de5a388549b7fdef1.webp\" width=\"500\" height=\"348\" alt=\"\"\/><\/a><\/p>\n<p><strong>Inaugur\u00e9 en 2018, le lyc\u00e9e Olympe-de-Gouges de Montech (Tarn-et-Garonne) a \u00e9t\u00e9 r\u00e9alis\u00e9 en \u00e0 peine 15 mois. Un record\u00a0!<br \/>\n<\/strong><\/p>\n<\/li>\n<li class=\"album__item album__item_image album__item_image_jpg format-landscape format-landscape_2\" data-rang=\"6\">\n<p><a data-box-group=\"modele_album_185\" href=\"https:\/\/www.laregion.fr\/IMG\/jpg\/c\/8\/7\/rmp0180765_laurent-boutonnet---david-maugendre---region-occitanie__hd.jpg\" class=\"spip_doc_lien mediabox\" type=\"image\/jpeg\" rel=\"nofollow noopener\" target=\"_blank\"><br \/>\n<img decoding=\"async\" loading=\"lazy\" src=\"https:\/\/www.europesays.com\/fr\/wp-content\/uploads\/2025\/09\/e8efbffb7bdaf877ecbcbf7e18d105.webp\" width=\"500\" height=\"390\" alt=\"\"\/><\/a><\/p>\n<p><strong>\u00c9tablissement exemplaire,  le lyc\u00e9e Simone Veil de Gignac (H\u00e9rault) est \u00e9quip\u00e9 de panneaux photovolta\u00efques, de toits v\u00e9g\u00e9talis\u00e9s et de structures en bois recyclables.<br \/>\n<\/strong><\/p>\n<\/li>\n<li class=\"album__item album__item_image album__item_image_jpg format-landscape format-landscape_2\" data-rang=\"7\">\n<p><a data-box-group=\"modele_album_185\" href=\"https:\/\/www.laregion.fr\/IMG\/jpg\/f\/d\/8\/rmp0213413_leo-arcangeli-_-region-occitanie__hd.jpg\" class=\"spip_doc_lien mediabox\" type=\"image\/jpeg\" rel=\"nofollow noopener\" target=\"_blank\"><br \/>\n<img decoding=\"async\" loading=\"lazy\" src=\"https:\/\/www.europesays.com\/fr\/wp-content\/uploads\/2025\/09\/c79d92755289bb00406c90dac78724.webp\" width=\"500\" height=\"348\" alt=\"\"\/><\/a><\/p>\n<p><strong>Au sud de Toulouse, \u00e0 Caz\u00e8res, l\u2019\u00e9clairage du lyc\u00e9e Martin Malvy est assur\u00e9 par des LED munies de d\u00e9tecteurs de pr\u00e9sence.<br \/>\n<\/strong><\/p>\n<\/li>\n<li class=\"album__item album__item_image album__item_image_jpg format-landscape format-landscape_2\" data-rang=\"8\">\n<p><a data-box-group=\"modele_album_185\" href=\"https:\/\/www.laregion.fr\/IMG\/jpg\/d\/a\/1\/rmp0164267_lefrancq-gilles---region-occitanie__hd.jpg\" class=\"spip_doc_lien mediabox\" type=\"image\/jpeg\" rel=\"nofollow noopener\" target=\"_blank\"><br \/>\n<img decoding=\"async\" loading=\"lazy\" src=\"https:\/\/www.europesays.com\/fr\/wp-content\/uploads\/2025\/09\/e0e7c24a8a01d5e3cc5d2166b2fdc0.webp\" width=\"500\" height=\"348\" alt=\"\"\/><\/a><\/p>\n<p><strong>Inaugur\u00e9 en 2021, le lyc\u00e9e Lucie Aubrac de Sommi\u00e8res (Gard) porte le nom d\u2019une r\u00e9sistante qui a marqu\u00e9 l\u2019histoire de notre pays.<br \/>\n<\/strong><\/p>\n<\/li>\n<li class=\"album__item album__item_image album__item_image_jpg format-landscape format-landscape_2\" data-rang=\"9\">\n<p><a data-box-group=\"modele_album_185\" href=\"https:\/\/www.laregion.fr\/IMG\/jpg\/b\/e\/0\/rmp0225134_leo-arcangeli-_-region-occitanie__hd.jpg\" class=\"spip_doc_lien mediabox\" type=\"image\/jpeg\" rel=\"nofollow noopener\" target=\"_blank\"><br \/>\n<img decoding=\"async\" loading=\"lazy\" src=\"https:\/\/www.europesays.com\/fr\/wp-content\/uploads\/2025\/09\/df77f696b0a10405fbaad2d139c59e.webp\" width=\"500\" height=\"348\" alt=\"\"\/><\/a><\/p>\n<p><strong>Avec une facture d\u2019\u00e9lectricit\u00e9 \u00e9gale \u00e0 z\u00e9ro euro, le lyc\u00e9e Simone de Beauvoir de Gragnague (Haute-Garonne) est un exemple \u00e0 suivre.<br \/>\n<\/strong><\/p>\n<\/li>\n<li class=\"album__item album__item_image album__item_image_jpg format-landscape format-landscape_2\" data-rang=\"10\">\n<p><a data-box-group=\"modele_album_185\" href=\"https:\/\/www.laregion.fr\/IMG\/jpg\/4\/6\/d\/img_2635.jpg\" class=\"spip_doc_lien mediabox\" type=\"image\/jpeg\" rel=\"nofollow noopener\" target=\"_blank\"><br \/>\n<img decoding=\"async\" loading=\"lazy\" src=\"https:\/\/www.europesays.com\/fr\/wp-content\/uploads\/2025\/09\/9eecf4b136627e78d2a0fef23d4399.webp\" width=\"500\" height=\"375\" alt=\"\"\/><\/a><\/p>\n<p><strong>Dixi\u00e8me lyc\u00e9e \u00e0 \u00e9nergie positive de la R\u00e9gion, le lyc\u00e9e Lydie Salvayre d\u2019Auterive (Haute-Garonne) produira plus d\u2019\u00e9nergie qu\u2019il n\u2019en consommera.<br \/>\n<\/strong><\/p>\n<p>L\u00e9o Arcangeli \/ R\u00e9gion Occitanie\n<\/p>\n<\/li>\n<\/ul>\n<p><strong class=\"album__heading spip_doc_titre\">De l\u2019\u00e9nergie positive pour les lyc\u00e9es d\u2019Occitanie<br \/>\n<\/strong><br \/>\nDes \u00e9tablissements modernes et s\u00e9curis\u00e9s<a class=\"sommaire-back sommaire-back-2\" href=\"#s-Des-etablissements-modernes-et-securises\" title=\"Retour au sommaire\"\/><\/p>\n<p>Afin de renforcer <a href=\"https:\/\/www.laregion.fr\/securite\" class=\"spip_in\" rel=\"nofollow noopener\" target=\"_blank\">la s\u00e9curit\u00e9<\/a> des \u00e9l\u00e8ves et du personnel \u00e9ducatif, l\u2019Occitanie a \u00e9quip\u00e9 <strong class=\"spip\">100% de ses lyc\u00e9es d\u2019au moins deux dispositifs de protection<\/strong>\u00a0[<a href=\"#nb2-3\" class=\"spip_note\" rel=\"appendix\" title=\"En 2016, seuls 20 % des lyc\u00e9es \u00e9taient s\u00e9curis\u00e9s.\" id=\"nh2-3\">3<\/a>]. Exp\u00e9riment\u00e9 avec succ\u00e8s en 2024 dans 16 \u00e9tablissements et 2 services de transports scolaires en Ari\u00e8ge et en Haute-Garonne, les boutons d\u2019alertes \u00ab\u00a0Clic Protect\u00a0\u00bb seront propos\u00e9s aux 225 lyc\u00e9es et 120 transporteurs scolaires, en lien avec les rectorats et les F\u00e9d\u00e9rations de services de transports.<\/p>\n<p><a href=\"https:\/\/www.laregion.fr\/IMG\/jpg\/e\/7\/e\/image20250829093948.jpg\" class=\"spip_in\" type=\"image\/jpeg\" rel=\"nofollow noopener\" target=\"_blank\"><img decoding=\"async\" loading=\"lazy\" src=\"https:\/\/www.europesays.com\/fr\/wp-content\/uploads\/2025\/09\/93c74df2f86f8ed5090c19974b7712.webp\" height=\"667\" width=\"1000\" alt=\"Pr\u00e8s de 63 M\u20ac investis par la R\u00e9gion pour s\u00e9curiser les lyc\u00e9es\"\/><\/a><\/p>\n<p><strong>Pr\u00e8s de 63 M\u20ac investis par la R\u00e9gion pour s\u00e9curiser les lyc\u00e9es<\/strong><\/p>\n<p><strong class=\"spip\">La R\u00e9gion maintient par ailleurs ses investissements<\/strong> dans ses lyc\u00e9es publics, avec un budget de <a href=\"https:\/\/www.laregion.fr\/Un-milliard-d-euros-d-investissement-pour-les-etablissements-d-enseignement\" class=\"spip_in\" rel=\"nofollow noopener\" target=\"_blank\">800 M\u20ac pour 2021-2027<\/a>. Un quart de ses efforts est consacr\u00e9 \u00e0 la r\u00e9novation \u00e9nerg\u00e9tique\u00a0[<a href=\"#nb2-4\" class=\"spip_note\" rel=\"appendix\" title=\"Ces investissements (215 M\u20ac) ont permis de baisser de 16% la consommation\u00a0(\u2026)\" id=\"nh2-4\">4<\/a>]. Plus de 60 chantiers d\u2019extension et de restructuration sont en cours sur tout le territoire\u00a0: Rosa Luxemburg \u00e0 Canet-en-Roussillon (Pyr\u00e9n\u00e9es-Orientales), L\u00e9on Blum \u00e0 Villefranche-de-Lauragais (Haute-Garonne), Jean-Fran\u00e7ois Champollion \u00e0 Lattes (H\u00e9rault)\u2026 Une attention particuli\u00e8re est aussi port\u00e9e sur la mise en accessibilit\u00e9 des b\u00e2timents.<\/p>\n<p>[<a href=\"#nh2-1\" class=\"spip_note\" title=\"Notes 2-1\" rev=\"appendix\">1<\/a>]\u00a0Ce choix s\u2019inscrit aussi dans un processus de f\u00e9minisation des noms de lyc\u00e9es.<\/p>\n<p>[<a href=\"#nh2-2\" class=\"spip_note\" title=\"Notes 2-2\" rev=\"appendix\">2<\/a>]\u00a0La g\u00e9othermie capte les ressources du sol pour produire de la chaleur.<\/p>\n<p>[<a href=\"#nh2-3\" class=\"spip_note\" title=\"Notes 2-3\" rev=\"appendix\">3<\/a>]\u00a0En 2016, seuls 20\u00a0% des lyc\u00e9es \u00e9taient s\u00e9curis\u00e9s.<\/p>\n<p>[<a href=\"#nh2-4\" class=\"spip_note\" title=\"Notes 2-4\" rev=\"appendix\">4<\/a>]\u00a0Ces investissements (215 M\u20ac) ont permis de baisser de 16% la consommation des lyc\u00e9es depuis 2021.<\/p>\n","protected":false},"excerpt":{"rendered":"Et de 10\u00a0! La R\u00e9gion inaugure cette ann\u00e9e \u00e0 Auterive (31) son dixi\u00e8me lyc\u00e9e, en dix ans. Comme&hellip;\n","protected":false},"author":2,"featured_media":362089,"comment_status":"","ping_status":"","sticky":false,"template":"","format":"standard","meta":{"footnotes":""},"categories":[2816],"tags":[1111,11,1777,674,1011,27,12,2680,25,2312],"class_list":{"0":"post-362088","1":"post","2":"type-post","3":"status-publish","4":"format-standard","5":"has-post-thumbnail","7":"category-toulouse","8":"tag-actu","9":"tag-actualites","10":"tag-eu","11":"tag-europe","12":"tag-fr","13":"tag-france","14":"tag-news","15":"tag-occitanie","16":"tag-republique-francaise","17":"tag-toulouse"},"share_on_mastodon":{"url":"https:\/\/pubeurope.com\/@fr\/115137699685870534","error":""},"_links":{"self":[{"href":"https:\/\/www.europesays.com\/fr\/wp-json\/wp\/v2\/posts\/362088","targetHints":{"allow":["GET"]}}],"collection":[{"href":"https:\/\/www.europesays.com\/fr\/wp-json\/wp\/v2\/posts"}],"about":[{"href":"https:\/\/www.europesays.com\/fr\/wp-json\/wp\/v2\/types\/post"}],"author":[{"embeddable":true,"href":"https:\/\/www.europesays.com\/fr\/wp-json\/wp\/v2\/users\/2"}],"replies":[{"embeddable":true,"href":"https:\/\/www.europesays.com\/fr\/wp-json\/wp\/v2\/comments?post=362088"}],"version-history":[{"count":0,"href":"https:\/\/www.europesays.com\/fr\/wp-json\/wp\/v2\/posts\/362088\/revisions"}],"wp:featuredmedia":[{"embeddable":true,"href":"https:\/\/www.europesays.com\/fr\/wp-json\/wp\/v2\/media\/362089"}],"wp:attachment":[{"href":"https:\/\/www.europesays.com\/fr\/wp-json\/wp\/v2\/media?parent=362088"}],"wp:term":[{"taxonomy":"category","embeddable":true,"href":"https:\/\/www.europesays.com\/fr\/wp-json\/wp\/v2\/categories?post=362088"},{"taxonomy":"post_tag","embeddable":true,"href":"https:\/\/www.europesays.com\/fr\/wp-json\/wp\/v2\/tags?post=362088"}],"curies":[{"name":"wp","href":"https:\/\/api.w.org\/{rel}","templated":true}]}}