{"id":362090,"date":"2025-09-03T01:11:36","date_gmt":"2025-09-03T01:11:36","guid":{"rendered":"https:\/\/www.europesays.com\/fr\/362090\/"},"modified":"2025-09-03T01:11:36","modified_gmt":"2025-09-03T01:11:36","slug":"la-police-organise-une-tombola-en-gros-lot-avec-la-visite-du-commissariat-en-immersion-2","status":"publish","type":"post","link":"https:\/\/www.europesays.com\/fr\/362090\/","title":{"rendered":"La police organise une tombola, en gros lot, avec la visite du commissariat \u00ab\u00a0en immersion\u00a0\u00bb"},"content":{"rendered":"<p>A <a href=\"https:\/\/www.20minutes.fr\/lille\/\" class=\"c-link c-link--is-underlined\" target=\"_blank\" rel=\"noopener\">Lille<\/a>, traditionnellement, le premier week-end de septembre est monopolis\u00e9 par la <a href=\"https:\/\/www.20minutes.fr\/dossier\/braderie\" class=\"c-link c-link--is-underlined\" target=\"_blank\" rel=\"noopener\">grande braderie<\/a>. Au menu, comme d\u2019hab, des moules, des frites, plein de vieilleries \u00e0 vendre et, cette ann\u00e9e, une tombola organis\u00e9e par la <a href=\"https:\/\/www.20minutes.fr\/dossier\/police\" class=\"c-link c-link--is-underlined\" target=\"_blank\" rel=\"noopener\">police nationale<\/a>.<\/p>\n<p>La direction d\u00e9partementale de la police du Nord a publi\u00e9, lundi, sur ses r\u00e9seaux, un post annon\u00e7ant un \u00ab\u00a0concours\u00a0\u00bb ouvert \u00ab\u00a0\u00e0 toutes et tous\u00a0\u00bb qui se tiendra sur son stand, boulevard de la Libert\u00e9. En guise de gros lot, \u00ab\u00a0deux places en immersion au commissariat de Lille\u00a0\u00bb.<\/p>\n<p>Un vrai concours et un vrai prix<\/p>\n<p>On aurait pu croire \u00e0 un brin d\u2019humour teint\u00e9 d\u2019ironie, mettant en garde les d\u00e9linquants ayant l\u2019intention de commettre des filouteries au cours de cet \u00e9v\u00e9nement qui attire des centaines de milliers de visiteurs. Mais non, le concours et le grand prix sont bien r\u00e9els.<\/p>\n<\/p>\n<p>Sur la vid\u00e9o de pr\u00e9sentation, <a href=\"https:\/\/x.com\/PoliceNat59\/status\/1962514043895255136\" rel=\"nofollow\" target=\"_blank\" class=\"c-link c-link--is-underlined\">diffus\u00e9e sur X<\/a>, la police promet aux heureux gagnants de d\u00e9couvrir les diff\u00e9rentes facettes du m\u00e9tier, la BAC, la police scientifique, la brigade canine ou la brigade motoris\u00e9e. Un tour est m\u00eame pr\u00e9vu au stand de tir.<\/p>\n<p><a href=\"https:\/\/www.20minutes.fr\/dossier\/braderie\" class=\"c-link c-btn c-btn--primary\" target=\"_blank\" rel=\"noopener\">Notre dossier sur le Braderie de Lille<\/a><\/p>\n<p>L\u2019initiative n\u2019est pas uniquement pour la beaut\u00e9 du geste puisque le but affich\u00e9 est de \u00ab\u00a0recruter en montrant la diversit\u00e9 des m\u00e9tiers\u00a0\u00bb a expliqu\u00e9 la DDSP \u00e0 nos confr\u00e8res de <a href=\"https:\/\/france3-regions.franceinfo.fr\/hauts-de-france\/nord-0\/lille\/gagne-ta-place-pour-visiter-un-commissariat-un-concours-organise-par-la-police-nationale-a-l-occasion-de-la-braderie-de-lille-3209876.html\" rel=\"nofollow noopener\" target=\"_blank\" class=\"c-link c-link--is-underlined\">France 3<\/a>. Les deux gagnants seront tir\u00e9s au sort la semaine suivant la braderie. Et comme il s\u2019agit de ne pas laisser entrer n\u2019importe qui dans ce b\u00e2timent sensible, la police pr\u00e9vient que les noms sortis du chapeau seront pass\u00e9s au fichier.<\/p>\n","protected":false},"excerpt":{"rendered":"A Lille, traditionnellement, le premier week-end de septembre est monopolis\u00e9 par la grande braderie. Au menu, comme d\u2019hab,&hellip;\n","protected":false},"author":2,"featured_media":362091,"comment_status":"","ping_status":"","sticky":false,"template":"","format":"standard","meta":{"footnotes":""},"categories":[2815],"tags":[1111,11,17804,903,1777,674,1011,27,811,1307,12,1308,1309,1072,1306,25],"class_list":{"0":"post-362090","1":"post","2":"type-post","3":"status-publish","4":"format-standard","5":"has-post-thumbnail","7":"category-lille","8":"tag-actu","9":"tag-actualites","10":"tag-braderie","11":"tag-concours","12":"tag-eu","13":"tag-europe","14":"tag-fr","15":"tag-france","16":"tag-hauts-de-france","17":"tag-lille","18":"tag-news","19":"tag-nord","20":"tag-nord-pas-de-calais","21":"tag-police","22":"tag-regions","23":"tag-republique-francaise"},"share_on_mastodon":{"url":"https:\/\/pubeurope.com\/@fr\/115137706950928090","error":""},"_links":{"self":[{"href":"https:\/\/www.europesays.com\/fr\/wp-json\/wp\/v2\/posts\/362090","targetHints":{"allow":["GET"]}}],"collection":[{"href":"https:\/\/www.europesays.com\/fr\/wp-json\/wp\/v2\/posts"}],"about":[{"href":"https:\/\/www.europesays.com\/fr\/wp-json\/wp\/v2\/types\/post"}],"author":[{"embeddable":true,"href":"https:\/\/www.europesays.com\/fr\/wp-json\/wp\/v2\/users\/2"}],"replies":[{"embeddable":true,"href":"https:\/\/www.europesays.com\/fr\/wp-json\/wp\/v2\/comments?post=362090"}],"version-history":[{"count":0,"href":"https:\/\/www.europesays.com\/fr\/wp-json\/wp\/v2\/posts\/362090\/revisions"}],"wp:featuredmedia":[{"embeddable":true,"href":"https:\/\/www.europesays.com\/fr\/wp-json\/wp\/v2\/media\/362091"}],"wp:attachment":[{"href":"https:\/\/www.europesays.com\/fr\/wp-json\/wp\/v2\/media?parent=362090"}],"wp:term":[{"taxonomy":"category","embeddable":true,"href":"https:\/\/www.europesays.com\/fr\/wp-json\/wp\/v2\/categories?post=362090"},{"taxonomy":"post_tag","embeddable":true,"href":"https:\/\/www.europesays.com\/fr\/wp-json\/wp\/v2\/tags?post=362090"}],"curies":[{"name":"wp","href":"https:\/\/api.w.org\/{rel}","templated":true}]}}