{"id":362092,"date":"2025-09-03T01:12:24","date_gmt":"2025-09-03T01:12:24","guid":{"rendered":"https:\/\/www.europesays.com\/fr\/362092\/"},"modified":"2025-09-03T01:12:24","modified_gmt":"2025-09-03T01:12:24","slug":"le-festival-supersonique-fait-sa-rentree-2025-a-marseille","status":"publish","type":"post","link":"https:\/\/www.europesays.com\/fr\/362092\/","title":{"rendered":"Le festival Supersonique fait sa rentr\u00e9e 2025 \u00e0 Marseille"},"content":{"rendered":"<p>La musique ne s\u2019arr\u00eate jamais \u00e0 Marseille, et ce n\u2019est toujours pas pr\u00e9vu pour cette rentr\u00e9e. Alors que<a href=\"https:\/\/www.laprovence.com\/article\/culture-loisirs\/70965710534232\/en-cloture-du-delta-festival-kavinsky-acclame-theodora-mitigee\" target=\"_blank\" rel=\"noopener\"> les plus gros rendez-vous de l\u2019\u00e9t\u00e9 ont touch\u00e9 \u00e0 leur fin<\/a>, les amateurs de son d\u00e9j\u00e0 d\u00e9sempar\u00e9s trouvent un peu de r\u00e9confort au festival Supersonique, jusqu\u2019au 7\u00a0septembre. Cr\u00e9\u00e9 en\u00a02022 par les associations l\u2019Art de Vivre et Dedans Dehors ainsi que par les professeurs de composition \u00e9lectroacoustique du Conservatoire et de la Cit\u00e9 de la Musique de Marseille, Supersonique propose une quatri\u00e8me \u00e9dition ambitieuse.<br \/>Le festival est l\u2019occasion de d\u00e9couvrir ce genre relativement peu connu du grand public, entre prises de sons naturels (issus d\u2019instruments ou de notre quotidien) et sons g\u00e9n\u00e9r\u00e9s (par logiciel, via des synth\u00e9tiseurs ou jou\u00e9s sur des instruments \u00e9lectroniques). L\u2019\u00e9dition 2025 s\u2019est ouverte le dernier week-end d\u2019ao\u00fbt avec un concert de Jonathan Prager sur acousmonium, un ensemble de haut-parleurs positionn\u00e9s dans toute la salle, et reprend sa programmation ce jeudi 4\u00a0septembre au\u00a0<a href=\"https:\/\/www.laprovence.com\/article\/culture-loisirs\/1789694903016414\/mathis-cathignol-au-festival-international-de-piano-quand-on-est-passionne-cest-un-lieu-incontournable\" target=\"_blank\" rel=\"noopener\">Conservatoire Pierre Barbizet<\/a>.<\/p>\n<p>Les \u00e9tudiants du Conservatoire et de la Cit\u00e9 de la Musique pourront assister \u00e0 11h \u00e0 une masterclass du compositeur Jean-Luc Herv\u00e9 (gratuit sur inscription). Puis \u00e0 18h, &#8230;<\/p>\n","protected":false},"excerpt":{"rendered":"La musique ne s\u2019arr\u00eate jamais \u00e0 Marseille, et ce n\u2019est toujours pas pr\u00e9vu pour cette rentr\u00e9e. Alors que&hellip;\n","protected":false},"author":2,"featured_media":362093,"comment_status":"","ping_status":"","sticky":false,"template":"","format":"standard","meta":{"footnotes":""},"categories":[2814],"tags":[17,1111,11,251,1777,674,21,849,1011,27,884,12,882,28313,25,49730],"class_list":{"0":"post-362092","1":"post","2":"type-post","3":"status-publish","4":"format-standard","5":"has-post-thumbnail","7":"category-marseille","8":"tag-17","9":"tag-actu","10":"tag-actualites","11":"tag-culture","12":"tag-eu","13":"tag-europe","14":"tag-fait","15":"tag-festival","16":"tag-fr","17":"tag-france","18":"tag-marseille","19":"tag-news","20":"tag-provence-alpes-cote-dazur","21":"tag-rentree","22":"tag-republique-francaise","23":"tag-supersonique"},"share_on_mastodon":{"url":"https:\/\/pubeurope.com\/@fr\/115137710907817508","error":""},"_links":{"self":[{"href":"https:\/\/www.europesays.com\/fr\/wp-json\/wp\/v2\/posts\/362092","targetHints":{"allow":["GET"]}}],"collection":[{"href":"https:\/\/www.europesays.com\/fr\/wp-json\/wp\/v2\/posts"}],"about":[{"href":"https:\/\/www.europesays.com\/fr\/wp-json\/wp\/v2\/types\/post"}],"author":[{"embeddable":true,"href":"https:\/\/www.europesays.com\/fr\/wp-json\/wp\/v2\/users\/2"}],"replies":[{"embeddable":true,"href":"https:\/\/www.europesays.com\/fr\/wp-json\/wp\/v2\/comments?post=362092"}],"version-history":[{"count":0,"href":"https:\/\/www.europesays.com\/fr\/wp-json\/wp\/v2\/posts\/362092\/revisions"}],"wp:featuredmedia":[{"embeddable":true,"href":"https:\/\/www.europesays.com\/fr\/wp-json\/wp\/v2\/media\/362093"}],"wp:attachment":[{"href":"https:\/\/www.europesays.com\/fr\/wp-json\/wp\/v2\/media?parent=362092"}],"wp:term":[{"taxonomy":"category","embeddable":true,"href":"https:\/\/www.europesays.com\/fr\/wp-json\/wp\/v2\/categories?post=362092"},{"taxonomy":"post_tag","embeddable":true,"href":"https:\/\/www.europesays.com\/fr\/wp-json\/wp\/v2\/tags?post=362092"}],"curies":[{"name":"wp","href":"https:\/\/api.w.org\/{rel}","templated":true}]}}