{"id":362094,"date":"2025-09-03T01:13:10","date_gmt":"2025-09-03T01:13:10","guid":{"rendered":"https:\/\/www.europesays.com\/fr\/362094\/"},"modified":"2025-09-03T01:13:10","modified_gmt":"2025-09-03T01:13:10","slug":"le-terrible-temoignage-de-lex-femme-du-tunisien-abattu-a-marseille","status":"publish","type":"post","link":"https:\/\/www.europesays.com\/fr\/362094\/","title":{"rendered":"le terrible t\u00e9moignage de l\u2019ex-femme du Tunisien abattu \u00e0 Marseille"},"content":{"rendered":"<p><strong>EXCLUSIF <\/strong>&#8211; Sophie, 51 ans, s\u2019est mari\u00e9e avec Abdelkader D. en octobre 2020 en Charente-Maritime. Elle d\u00e9crit un homme accro \u00e0 la drogue, impr\u00e9visible et parano\u00efaque.<\/p>\n<p class=\"fig-paragraph\">Le profil d\u2019Abdelkader D.,\u00a0<a href=\"http:\/\/www.lefigaro.fr\/marseille\/marseille-un-homme-tue-par-des-tirs-policiers-apres-avoir-blesse-plusieurs-personnes-au-couteau-dans-un-hotel-20250902\" target=\"_blank\" data-fig-type=\"NewsFlash\" rel=\"noopener nofollow\" data-gtm-custom-categorie=\"navigation\" data-gtm-custom-action=\"crossclick\" data-gtm-custom-label=\"Contextuel\" data-gtm-event=\"customEventSPE\" data-fig-domain=\"LEFIGARO\">le Tunisien de 35 ans qui a bless\u00e9 cinq personnes lors d\u2019une attaque au couteau \u00e0 Marseille avant d\u2019\u00eatre abattu par les forces de l\u2019ordre<\/a>, se pr\u00e9cise. Le Figaro a pu \u00e9changer en exclusivit\u00e9 avec son ancienne femme, Sophie, 51 ans. Elle a fait la connaissance d\u2019Abdelkader D. en octobre 2019 \u00e0 La Rochelle, \u00e0 une p\u00e9riode o\u00f9 le Tunisien vivait chez une autre femme.<\/p>\n<p class=\"fig-paragraph\">\u00abAu d\u00e9part, j\u2019ai rencontr\u00e9 quelqu\u2019un de gentil et d\u2019agr\u00e9able\u00bb, nous confie Sophie. Selon sa version, l\u2019homme, originaire d\u2019un petit village tunisien situ\u00e9 non loin de la fronti\u00e8re alg\u00e9rienne, est arriv\u00e9 clandestinement en France en 2018 depuis l\u2019Italie en passant par les Alpes. Toujours selon ses dires, il serait pass\u00e9 par plusieurs centres de r\u00e9tention administrative (CRA) en 2020 avant d\u2019\u00eatre lib\u00e9r\u00e9 pendant la p\u00e9riode du Covid et de revenir \u00e0 La Rochelle.<\/p>\n<p>Accro \u00e0 la drogue<\/p>\n<p class=\"fig-paragraph\">Le Tunisien entame alors une formation pour devenir pl\u00e2trier et plaquiste, puis obtient un travail. Quelques mois plus tard, en octobre 2020, Abdelkader\u2026<\/p>\n<p class=\"fig-premium-paywall__infos\">\n        Cet article est r\u00e9serv\u00e9 aux abonn\u00e9s.        Il vous reste 80% \u00e0 d\u00e9couvrir.\n    <\/p>\n<p>                <img  data- alt=\"Le Figaro\" class=\"fig-img--complete fig-img\"\/><\/p>\n<p class=\"fig-premium-paywall__title\">Vente Flash<\/p>\n<p class=\"fig-premium-paywall__subtitle\">4,99\u20ac par mois pendant 12 mois. Sans engagement<\/p>\n<p class=\"fig-premium-paywall__connect\">\n                D\u00e9j\u00e0 abonn\u00e9\u00a0?                <a class=\"fig-premium-paywall__connect-link\" href=\"https:\/\/connect.lefigaro.fr\/login?client=horizon_web&amp;type=main&amp;redirect_uri=https%3A%2F%2Fwww.lefigaro.fr%2Ffaits-divers%2Fj-avais-peur-qu-il-me-tue-le-terrible-temoignage-de-l-ex-femme-du-tunisien-abattu-a-marseille-20250903\" data-js-gtm=\"{&quot;customCategorie&quot;: &quot;conversion&quot;, &quot;customAction&quot;: &quot;before_Landing_Connexion_paywall_auto&quot;, &quot;customLabel&quot;: &quot;bGVmaWdhcm8uZnJfXzFmMDg4NDI1LTU1ZjMtNmI2Mi1hZmRlLTY1OGMwOTc1MzJhNl9fTmV3c0ZsYXNo_\u00abJ\u2019avais peur qu\u2019il me tue\u00bb\u00a0: le terrible t\u00e9moignage de l\u2019ex-femme du Tunisien abattu \u00e0 Marseille_149&quot;, &quot;customIDSPE&quot;: &quot;bGVmaWdhcm8uZnJfXzFmMDg4NDI1LTU1ZjMtNmI2Mi1hZmRlLTY1OGMwOTc1MzJhNl9fTmV3c0ZsYXNo&quot;, &quot;event&quot;: &quot;customEventSPE&quot;}\" rel=\"nofollow noopener\" target=\"_blank\"><br \/>\n                    Connectez-vous<br \/>\n                <\/a>\n            <\/p>\n","protected":false},"excerpt":{"rendered":"EXCLUSIF &#8211; Sophie, 51 ans, s\u2019est mari\u00e9e avec Abdelkader D. en octobre 2020 en Charente-Maritime. Elle d\u00e9crit un&hellip;\n","protected":false},"author":2,"featured_media":362095,"comment_status":"","ping_status":"","sticky":false,"template":"","format":"standard","meta":{"footnotes":""},"categories":[2814],"tags":[1111,11,14118,1777,674,1011,27,884,12,882,25],"class_list":{"0":"post-362094","1":"post","2":"type-post","3":"status-publish","4":"format-standard","5":"has-post-thumbnail","7":"category-marseille","8":"tag-actu","9":"tag-actualites","10":"tag-attaque-au-couteau","11":"tag-eu","12":"tag-europe","13":"tag-fr","14":"tag-france","15":"tag-marseille","16":"tag-news","17":"tag-provence-alpes-cote-dazur","18":"tag-republique-francaise"},"share_on_mastodon":{"url":"https:\/\/pubeurope.com\/@fr\/115137714842369105","error":""},"_links":{"self":[{"href":"https:\/\/www.europesays.com\/fr\/wp-json\/wp\/v2\/posts\/362094","targetHints":{"allow":["GET"]}}],"collection":[{"href":"https:\/\/www.europesays.com\/fr\/wp-json\/wp\/v2\/posts"}],"about":[{"href":"https:\/\/www.europesays.com\/fr\/wp-json\/wp\/v2\/types\/post"}],"author":[{"embeddable":true,"href":"https:\/\/www.europesays.com\/fr\/wp-json\/wp\/v2\/users\/2"}],"replies":[{"embeddable":true,"href":"https:\/\/www.europesays.com\/fr\/wp-json\/wp\/v2\/comments?post=362094"}],"version-history":[{"count":0,"href":"https:\/\/www.europesays.com\/fr\/wp-json\/wp\/v2\/posts\/362094\/revisions"}],"wp:featuredmedia":[{"embeddable":true,"href":"https:\/\/www.europesays.com\/fr\/wp-json\/wp\/v2\/media\/362095"}],"wp:attachment":[{"href":"https:\/\/www.europesays.com\/fr\/wp-json\/wp\/v2\/media?parent=362094"}],"wp:term":[{"taxonomy":"category","embeddable":true,"href":"https:\/\/www.europesays.com\/fr\/wp-json\/wp\/v2\/categories?post=362094"},{"taxonomy":"post_tag","embeddable":true,"href":"https:\/\/www.europesays.com\/fr\/wp-json\/wp\/v2\/tags?post=362094"}],"curies":[{"name":"wp","href":"https:\/\/api.w.org\/{rel}","templated":true}]}}