{"id":362098,"date":"2025-09-03T01:15:23","date_gmt":"2025-09-03T01:15:23","guid":{"rendered":"https:\/\/www.europesays.com\/fr\/362098\/"},"modified":"2025-09-03T01:15:23","modified_gmt":"2025-09-03T01:15:23","slug":"sur-les-reseaux-sociaux-rudigoz-accuse-la-mairie-de-lyon-de-museler-la-parole-des-citoyens","status":"publish","type":"post","link":"https:\/\/www.europesays.com\/fr\/362098\/","title":{"rendered":"Sur les r\u00e9seaux sociaux, Rudigoz accuse la mairie de Lyon de \u00ab\u00a0museler la parole des citoyens\u00a0\u00bb"},"content":{"rendered":"<p>                            <img loading=\"lazy\" width=\"1200\" height=\"802\" class=\"attachment-article size-article wp-post-image lazyload\" alt=\"\" decoding=\"async\" src=\"https:\/\/www.europesays.com\/fr\/wp-content\/uploads\/2025\/06\/DSC00338.jpg\" data-eio-rwidth=\"1200\" data-eio-rheight=\"802\"\/><\/p>\n<p>Thomas Rudigoz, ancien d\u00e9put\u00e9 du Rh\u00f4ne.<br \/>\n(@Anthony Ravas)<\/p>\n<p class=\"content\" style=\"font-size:1.2em;font-weight:700\">Suite \u00e0 la d\u00e9cision de la Ville de Lyon de fermer l&rsquo;espace commentaire de l&rsquo;ensemble de ses r\u00e9seaux sociaux pour la campagne des \u00e9lections municipales, le chef de file du parti Renaissance Thomas Rudigoz pointe du doigt un choix visant \u00e0 \u00ab\u00a0museler la parole des citoyens.\u00a0\u00bb<\/p>\n<p>Depuis le 1er septembre, date d&rsquo;entr\u00e9e en p\u00e9riode de r\u00e9serve pr\u00e9-\u00e9lectorale, la Ville de Lyon a d\u00e9cid\u00e9 de fermer l&rsquo;espace commentaire de l&rsquo;ensemble de ses r\u00e9seaux sociaux. Une d\u00e9cision justifi\u00e9e par \u00ab\u00a0l&rsquo;application des dispositions de l&rsquo;article L.52-1 alin\u00e9a 2 du code \u00e9lectoral\u00a0\u00bb, n&rsquo;ayant pas manqu\u00e9 de faire r\u00e9agir l&rsquo;opposition. <\/p>\n<p>Pour le chef de file du parti Renaissance aux \u00e9lections municipales de Lyon Thomas Rudigoz, ce choix \u00ab\u00a0revient \u00e0 museler une nouvelle fois la parole des citoyens.\u00a0\u00bb Car si l&rsquo;article L.52 du code \u00e9lectoral indique que la communication institutionnelle doit rester neutre lors de la p\u00e9riode pr\u00e9\u00e9lectorale, le code \u00e9lectoral n&rsquo;impose pas express\u00e9ment la d\u00e9sactivation des commentaires sur les publications institutionnelles : \u00ab\u00a0La majorit\u00e9 municipale a donc fait le choix politique de fermer le d\u00e9bat plut\u00f4t que de garantir sa r\u00e9gulation\u00a0\u00bb, ajoute Thomas Rudigoz.<\/p>\n<p>\u00ab\u00a0Plut\u00f4t que de faire taire les habitants, la municipalit\u00e9 devrait les \u00e9couter\u00a0\u00bb<\/p>\n<p>Selon le chef de file, cette suppression de l&rsquo;espace commentaire pourrait \u00eatre li\u00e9e aux commentaires souvent d\u00e9favorables laiss\u00e9s sous les publications des Ecologistes : \u201cCette d\u00e9cision traduit le malaise d\u2019une majorit\u00e9 \u00e9cologiste incapable d\u2019assumer la critique de ses politiques. Plut\u00f4t que de faire taire les habitants, la municipalit\u00e9 devrait les \u00e9couter\u00a0\u00bb, juge Thomas Rudigoz. <\/p>\n<p>Une d\u00e9cision d&rsquo;autant plus \u00ab\u00a0surprenante\u00a0\u00bb pour l&rsquo;ancien d\u00e9put\u00e9 qui rappelle \u00ab\u00a0qu\u2019aucune autre grande ville fran\u00e7aise n\u2019a appliqu\u00e9 une telle mesure\u00a0\u00bb. Rat\u00e9, la Ville de Nice et son maire Christian Estrosi ont \u00e9galement ferm\u00e9 les commentaires des publications institutionnelles. La piste d&rsquo;une \u00ab\u00a0mod\u00e9ration renforc\u00e9e\u00a0\u00bb, visant \u00e0 supprimer les commentaires \u00e0 vis\u00e9es \u00e9lectorales est toutefois mise en avant par le chef de file. Une m\u00e9thode utilis\u00e9e dans plusieurs autres villes afin d&rsquo;\u00e9viter que l&rsquo;espace commentaire ne devienne un espace de propagande \u00e9lectoral.<\/p>\n<p>\u00c0 noter que les comptes dits \u00ab\u00a0personnels\u00a0\u00bb de Gr\u00e9gory Doucet &#8211; si tant est qu&rsquo;ils puissent \u00eatre consid\u00e9r\u00e9s comme tels &#8211; restent ouverts aux commentaires. <\/p>\n<p><strong>Lire aussi : <\/strong><\/p>\n","protected":false},"excerpt":{"rendered":"Thomas Rudigoz, ancien d\u00e9put\u00e9 du Rh\u00f4ne. (@Anthony Ravas) Suite \u00e0 la d\u00e9cision de la Ville de Lyon de&hellip;\n","protected":false},"author":2,"featured_media":183425,"comment_status":"","ping_status":"","sticky":false,"template":"","format":"standard","meta":{"footnotes":""},"categories":[1889],"tags":[1111,11,2430,1777,674,1011,27,2428,12,25],"class_list":{"0":"post-362098","1":"post","2":"type-post","3":"status-publish","4":"format-standard","5":"has-post-thumbnail","7":"category-lyon","8":"tag-actu","9":"tag-actualites","10":"tag-auvergne-rhone-alpes","11":"tag-eu","12":"tag-europe","13":"tag-fr","14":"tag-france","15":"tag-lyon","16":"tag-news","17":"tag-republique-francaise"},"share_on_mastodon":{"url":"https:\/\/pubeurope.com\/@fr\/115137722636044122","error":""},"_links":{"self":[{"href":"https:\/\/www.europesays.com\/fr\/wp-json\/wp\/v2\/posts\/362098","targetHints":{"allow":["GET"]}}],"collection":[{"href":"https:\/\/www.europesays.com\/fr\/wp-json\/wp\/v2\/posts"}],"about":[{"href":"https:\/\/www.europesays.com\/fr\/wp-json\/wp\/v2\/types\/post"}],"author":[{"embeddable":true,"href":"https:\/\/www.europesays.com\/fr\/wp-json\/wp\/v2\/users\/2"}],"replies":[{"embeddable":true,"href":"https:\/\/www.europesays.com\/fr\/wp-json\/wp\/v2\/comments?post=362098"}],"version-history":[{"count":0,"href":"https:\/\/www.europesays.com\/fr\/wp-json\/wp\/v2\/posts\/362098\/revisions"}],"wp:featuredmedia":[{"embeddable":true,"href":"https:\/\/www.europesays.com\/fr\/wp-json\/wp\/v2\/media\/183425"}],"wp:attachment":[{"href":"https:\/\/www.europesays.com\/fr\/wp-json\/wp\/v2\/media?parent=362098"}],"wp:term":[{"taxonomy":"category","embeddable":true,"href":"https:\/\/www.europesays.com\/fr\/wp-json\/wp\/v2\/categories?post=362098"},{"taxonomy":"post_tag","embeddable":true,"href":"https:\/\/www.europesays.com\/fr\/wp-json\/wp\/v2\/tags?post=362098"}],"curies":[{"name":"wp","href":"https:\/\/api.w.org\/{rel}","templated":true}]}}