{"id":362101,"date":"2025-09-03T01:18:16","date_gmt":"2025-09-03T01:18:16","guid":{"rendered":"https:\/\/www.europesays.com\/fr\/362101\/"},"modified":"2025-09-03T01:18:16","modified_gmt":"2025-09-03T01:18:16","slug":"une-greve-massive-se-prepare-a-la-ratp","status":"publish","type":"post","link":"https:\/\/www.europesays.com\/fr\/362101\/","title":{"rendered":"une gr\u00e8ve massive se pr\u00e9pare \u00e0 la RATP"},"content":{"rendered":"<p>            Par<br \/>\n        <strong><br \/>\n            <a href=\"https:\/\/actu.fr\/auteur\/redaction-paris\" title=\"Consulter tous les articles de R\u00e9daction Paris\" target=\"_blank\" rel=\"noopener\">R\u00e9daction Paris<\/a><br \/>\n        <\/strong><\/p>\n<p>        Publi\u00e9 le<\/p>\n<p>            2 sept. 2025 \u00e0 6h14        <\/p>\n<p>Apr\u00e8s le 10\u00a0septembre, il y aura un 18\u00a0septembre. N\u00e9 cet \u00e9t\u00e9 sur les r\u00e9seaux sociaux, le mouvement social <a href=\"https:\/\/actu.fr\/societe\/greves-de-la-rentree-blocages-du-10-septembre-sncf-pharmacies-la-liste-des-mobilisations-jour-par-jour_63082357.html\" target=\"_blank\" rel=\"noopener\">\u00ab\u2009Bloquons tout le 10\u00a0septembre\u2009\u00bb<\/a> devrait prendre un peu plus d\u2019ampleur maintenant que la rentr\u00e9e scolaire est enclench\u00e9e et que l\u2019intersyndicale (CFDT, CGT, FO, CFE-CGC, CFTC, Unsa, Solidaires, FSU) a appel\u00e9 \u00e0 une journ\u00e9e de mobilisation commune sur l\u2019ensemble du territoire, le 18\u00a0septembre. \u00c0 <a href=\"https:\/\/actu.fr\/paris\/dernieres-actus\" target=\"_blank\" rel=\"noopener\">Paris<\/a> et en \u00cele-de-France, un premier secteur a d\u2019ores et d\u00e9j\u00e0 annonc\u00e9 qu\u2019il prendrait part \u00e0 ce rendez-vous\u2009: celui des transports en commun.<\/p>\n<p>Quatre syndicats au diapason<\/p>\n<p class=\" wall-content\">Il y a quelques jours, les quatre syndicats majoritaires de la <a href=\"https:\/\/actu.fr\/tag\/ratp\" target=\"_blank\" rel=\"noopener\">RATP<\/a> -CGT, FO, Unsa Mobilit\u00e9 et CFE-CGC \u2013 ont appel\u00e9 les agents de la R\u00e9gie \u00e0 \u00ab\u2009une journ\u00e9e de gr\u00e8ve et de manifestation massive\u2009\u00bb. Le ralliement pourrait \u00eatre massif, puisque les syndicats signataires du texte repr\u00e9senteraient 90\u2009% des agents de la RATP, selon leur communiqu\u00e9.<\/p>\n<p class=\" wall-content\">Dans leur viseur, Fran\u00e7ois Bayrou et le<a href=\"https:\/\/actu.fr\/economie\/direct-suppression-de-jours-feries-gel-des-retraites-suivez-les-annonces-de-francois-bayrou-sur-le-budget_62912955.html\" target=\"_blank\" rel=\"noopener\"> projet de budget 2026<\/a> du gouvernement, qui \u00ab\u2009menace directement [leurs] conditions de travail et de vie\u2009\u00bb et est \u00ab\u2009construit sur une logique d\u2019aust\u00e9rit\u00e9 brutale\u2009\u00bb.<\/p>\n<p class=\" wall-content\">\n<p class=\" wall-content\">Les syndicats d\u00e9noncent \u00e9galement \u00ab\u2009la suppression des jours f\u00e9ri\u00e9s, la diminution de la prise en charge des frais m\u00e9dicaux et l\u2019<a href=\"https:\/\/actu.fr\/ile-de-france\/paris_75056\/ouverture-a-la-concurrence-de-la-ratp-quelles-consequences-pour-les-usagers-a-paris-et-en-petite-couronne_61861287.html\" target=\"_blank\" rel=\"noopener\">ouverture \u00e0 la concurrence du r\u00e9seau de bus francilien<\/a>\u2009\u00bb.<\/p>\n<p class=\" wall-content\">Difficile de savoir \u00e0 l\u2019heure actuelle si les conducteurs de RER se joindront \u00e0 la mobilisation du 18\u00a0septembre. Le syndicat La Base, par exemple, majoritaire chez les conducteurs de train, a appel\u00e9 \u00e0 la gr\u00e8ve le 10\u00a0septembre.<\/p>\n<p class=\" wall-content\">\n<p class=\" wall-content\">Plus d\u2019informations \u00e0 venir sur actu Paris\u2026<\/p>\n<p class=\" wall-content\">Personnalisez votre actualit\u00e9 en ajoutant vos villes et m\u00e9dias en favori avec <a href=\"https:\/\/moncompte.actu.fr\" title=\"D\u00e9couvez Mon Actu\" rel=\"nofollow noopener\" data-trk=\"{&quot;cta&quot;:{&quot;action&quot;:&quot;https:\\\/\\\/moncompte.actu.fr&quot;,&quot;category&quot;:&quot;mon compte&quot;,&quot;from&quot;:&quot;article footer&quot;,&quot;name&quot;:&quot;Mon actu&quot;,&quot;type&quot;:&quot;cta&quot;}}\" target=\"_blank\">Mon Actu<\/a>.<\/p>\n","protected":false},"excerpt":{"rendered":"Par R\u00e9daction Paris Publi\u00e9 le 2 sept. 2025 \u00e0 6h14 Apr\u00e8s le 10\u00a0septembre, il y aura un 18\u00a0septembre.&hellip;\n","protected":false},"author":2,"featured_media":362102,"comment_status":"","ping_status":"","sticky":false,"template":"","format":"standard","meta":{"footnotes":""},"categories":[1888],"tags":[1111,1928,11,1927,1777,674,1011,27,431,6151,12,1926,626,1925,625,25,104],"class_list":{"0":"post-362101","1":"post","2":"type-post","3":"status-publish","4":"format-standard","5":"has-post-thumbnail","7":"category-paris","8":"tag-actu","9":"tag-actu-paris","10":"tag-actualites","11":"tag-actualites-paris","12":"tag-eu","13":"tag-europe","14":"tag-fr","15":"tag-france","16":"tag-francois-bayrou","17":"tag-greve","18":"tag-news","19":"tag-news-paris","20":"tag-paris","21":"tag-paris-news","22":"tag-ratp","23":"tag-republique-francaise","24":"tag-societe"},"share_on_mastodon":{"url":"https:\/\/pubeurope.com\/@fr\/115137734514011168","error":""},"_links":{"self":[{"href":"https:\/\/www.europesays.com\/fr\/wp-json\/wp\/v2\/posts\/362101","targetHints":{"allow":["GET"]}}],"collection":[{"href":"https:\/\/www.europesays.com\/fr\/wp-json\/wp\/v2\/posts"}],"about":[{"href":"https:\/\/www.europesays.com\/fr\/wp-json\/wp\/v2\/types\/post"}],"author":[{"embeddable":true,"href":"https:\/\/www.europesays.com\/fr\/wp-json\/wp\/v2\/users\/2"}],"replies":[{"embeddable":true,"href":"https:\/\/www.europesays.com\/fr\/wp-json\/wp\/v2\/comments?post=362101"}],"version-history":[{"count":0,"href":"https:\/\/www.europesays.com\/fr\/wp-json\/wp\/v2\/posts\/362101\/revisions"}],"wp:featuredmedia":[{"embeddable":true,"href":"https:\/\/www.europesays.com\/fr\/wp-json\/wp\/v2\/media\/362102"}],"wp:attachment":[{"href":"https:\/\/www.europesays.com\/fr\/wp-json\/wp\/v2\/media?parent=362101"}],"wp:term":[{"taxonomy":"category","embeddable":true,"href":"https:\/\/www.europesays.com\/fr\/wp-json\/wp\/v2\/categories?post=362101"},{"taxonomy":"post_tag","embeddable":true,"href":"https:\/\/www.europesays.com\/fr\/wp-json\/wp\/v2\/tags?post=362101"}],"curies":[{"name":"wp","href":"https:\/\/api.w.org\/{rel}","templated":true}]}}