{"id":362105,"date":"2025-09-03T01:20:14","date_gmt":"2025-09-03T01:20:14","guid":{"rendered":"https:\/\/www.europesays.com\/fr\/362105\/"},"modified":"2025-09-03T01:20:14","modified_gmt":"2025-09-03T01:20:14","slug":"la-griffe-sud-coreenne-time-teste-le-marche-francais-a-la-samaritaine","status":"publish","type":"post","link":"https:\/\/www.europesays.com\/fr\/362105\/","title":{"rendered":"La griffe sud-cor\u00e9enne Time teste le march\u00e9 fran\u00e7ais \u00e0 La Samaritaine"},"content":{"rendered":"<p>\n                                    <b>Publi\u00e9 le<\/b><br \/>\n                                    <\/p>\n<p>                                        3 septembre 2025<\/p>\n<p class=\"article-content col-md-8 offset-md-1\">\n                                <a class=\"fnwAddLinks\" href=\"https:\/\/ma.fashionnetwork.com\/tags-la-samaritaine\" title=\"La Samaritaine\" target=\"_blank\" rel=\"noopener\">La Samaritaine<\/a> teste de nouvelles propositions mode dans ses espaces, et c&rsquo;est la griffe sud-cor\u00e9enne qui s&#8217;empare de l&rsquo;atrium pour faire d\u00e9couvrir ses looks f\u00e9minins et \u00e9pur\u00e9s aux clientes du grand magasin parisien. La marque n\u00e9e en 1993 installe au niveau -1 un pop-up store de 62 m\u00e8tres carr\u00e9s, ouvert depuis le 30 ao\u00fbt et jusqu&rsquo;au 30 octobre prochain. Deux mois d&rsquo;exp\u00e9rimentation du march\u00e9 tricolore, o\u00f9 Time a commenc\u00e9 \u00e0 d\u00e9filer en 2024 lors de la Fashion Week parisienne (au <a class=\"fnwAddLinks\" href=\"https:\/\/ma.fashionnetwork.com\/tags-palais-de-tokyo\" title=\"Palais de Tokyo\" target=\"_blank\" rel=\"noopener\">Palais de Tokyo<\/a> pour d\u00e9buter).<\/p>\n<p><img decoding=\"async\" class=\"news-image\" style=\"width:100%;max-width:645px;\" src=\"https:\/\/www.europesays.com\/fr\/wp-content\/uploads\/2025\/09\/ca14.jpg\" alt=\"Time investit l'espace \u00e9v\u00e9nementiel de la Samaritaine pour la rentr\u00e9e\" loading=\"lazy\"\/>Time investit l&rsquo;espace \u00e9v\u00e9nementiel de la Samaritaine pour la rentr\u00e9e &#8211; DR<\/p>\n<p class=\"col-md-8 offset-md-1 article-content--texte\">Ce magasin temporaire s&rsquo;inscrit dans un plan d&rsquo;expansion mondial de la marque, qui entend \u00e9largir son empreinte hors de ses fronti\u00e8res. Dans un \u00e9crin rehauss\u00e9 de surfaces m\u00e9tallis\u00e9es, d&rsquo;un tapis vert olive et de mobilier aux formes courbes, la collection automne-hiver 2025\/26 mise en valeur comprend des vestes aux lignes arrondies, des mailles aux couleurs sourdes et de nombreux ch\u00e2les, \u00ab\u00a0particuli\u00e8rement pris\u00e9s en Cor\u00e9e\u00a0\u00bb, pr\u00e9cise l&rsquo;entreprise.<\/p>\n<p>Time, dont la direction artistique est assur\u00e9e par Jung in Choi, va \u00e0 nouveau d\u00e9filer dans la capitale fran\u00e7aise dans un mois, pour y pr\u00e9senter sa collection printemps-\u00e9t\u00e9 2026. Par la suite, la soci\u00e9t\u00e9 ambitionne d&rsquo;ouvrir sa premi\u00e8re boutique permanente \u00e0 Paris.<\/p>\n<p><img decoding=\"async\" class=\"news-image\" style=\"width:100%;\" src=\"https:\/\/www.europesays.com\/fr\/wp-content\/uploads\/2025\/09\/3bcd.jpg\" alt=\"Les looks unis et la griffe cor\u00e9enne\" loading=\"lazy\"\/>Les looks unis et la griffe cor\u00e9enne &#8211; DR<\/p>\n<p class=\"col-md-8 offset-md-1 article-content--texte\">La marque Time appartient au groupe cor\u00e9en Handsome, lanc\u00e9 en 1987, qui d\u00e9tient ou exploite une quarantaine de griffes de pr\u00eat-\u00e0-porter, de labels de cosm\u00e9tiques ou de marques lifestyle (en propre et sous licence). Il est dot\u00e9 d&rsquo;un r\u00e9seau de 1.300 points de vente et est lui-m\u00eame la propri\u00e9t\u00e9 de l&rsquo;entit\u00e9 Hyundai Department Store Group.\n                            <\/p>\n<p>\n                                Tous droits de reproduction et de repr\u00e9sentation r\u00e9serv\u00e9s.<br \/>\u00a9 2025 FashionNetwork.com\n                            <\/p>\n","protected":false},"excerpt":{"rendered":"Publi\u00e9 le 3 septembre 2025 La Samaritaine teste de nouvelles propositions mode dans ses espaces, et c&rsquo;est la&hellip;\n","protected":false},"author":2,"featured_media":362106,"comment_status":"","ping_status":"","sticky":false,"template":"","format":"standard","meta":{"footnotes":""},"categories":[1888],"tags":[11,2424,537,2423,1777,674,1011,27,23204,2425,985,12,24451,2298,626,2426,2427,25,2421,2422],"class_list":{"0":"post-362105","1":"post","2":"type-post","3":"status-publish","4":"format-standard","5":"has-post-thumbnail","7":"category-paris","8":"tag-actualites","9":"tag-beaute","10":"tag-contact","11":"tag-cosmetiques","12":"tag-eu","13":"tag-europe","14":"tag-fr","15":"tag-france","16":"tag-la-samaritaine","17":"tag-luxe","18":"tag-mode","19":"tag-news","20":"tag-palais-de-tokyo","21":"tag-parfum","22":"tag-paris","23":"tag-professionnel","24":"tag-professionnels","25":"tag-republique-francaise","26":"tag-reseau","27":"tag-textile"},"share_on_mastodon":{"url":"https:\/\/pubeurope.com\/@fr\/115137742755232720","error":""},"_links":{"self":[{"href":"https:\/\/www.europesays.com\/fr\/wp-json\/wp\/v2\/posts\/362105","targetHints":{"allow":["GET"]}}],"collection":[{"href":"https:\/\/www.europesays.com\/fr\/wp-json\/wp\/v2\/posts"}],"about":[{"href":"https:\/\/www.europesays.com\/fr\/wp-json\/wp\/v2\/types\/post"}],"author":[{"embeddable":true,"href":"https:\/\/www.europesays.com\/fr\/wp-json\/wp\/v2\/users\/2"}],"replies":[{"embeddable":true,"href":"https:\/\/www.europesays.com\/fr\/wp-json\/wp\/v2\/comments?post=362105"}],"version-history":[{"count":0,"href":"https:\/\/www.europesays.com\/fr\/wp-json\/wp\/v2\/posts\/362105\/revisions"}],"wp:featuredmedia":[{"embeddable":true,"href":"https:\/\/www.europesays.com\/fr\/wp-json\/wp\/v2\/media\/362106"}],"wp:attachment":[{"href":"https:\/\/www.europesays.com\/fr\/wp-json\/wp\/v2\/media?parent=362105"}],"wp:term":[{"taxonomy":"category","embeddable":true,"href":"https:\/\/www.europesays.com\/fr\/wp-json\/wp\/v2\/categories?post=362105"},{"taxonomy":"post_tag","embeddable":true,"href":"https:\/\/www.europesays.com\/fr\/wp-json\/wp\/v2\/tags?post=362105"}],"curies":[{"name":"wp","href":"https:\/\/api.w.org\/{rel}","templated":true}]}}