{"id":362107,"date":"2025-09-03T01:21:27","date_gmt":"2025-09-03T01:21:27","guid":{"rendered":"https:\/\/www.europesays.com\/fr\/362107\/"},"modified":"2025-09-03T01:21:27","modified_gmt":"2025-09-03T01:21:27","slug":"les-travaux-de-modernisation-des-sites-de-lopera-de-paris-couteront-450-millions-deuros","status":"publish","type":"post","link":"https:\/\/www.europesays.com\/fr\/362107\/","title":{"rendered":"Les travaux de modernisation des sites de l&rsquo;Op\u00e9ra de Paris co\u00fbteront 450 millions d&rsquo;euros"},"content":{"rendered":"\n<p class=\"c-chapo \">\n  Ce projet de r\u00e9novation des deux institutions a \u00e9t\u00e9 annonc\u00e9 en octobre 2024 par la direction de l&rsquo;Op\u00e9ra national de Paris.\n<\/p>\n<p>            lire plus tard<\/p>\n<p id=\"dialog__title\" class=\"dialog__title\">Pour sauvegarder cet article, connectez-vous ou cr\u00e9ez un compte franceinfo<\/p>\n<p class=\"dialog__description\">Sans paiement. Sans abonnement.<\/p>\n<p>        Fermer la fen\u00eatre d\u2019activation des notifications France Info<\/p>\n<p>            cr\u00e9er votre compte<\/p>\n<p>            se connecter<\/p>\n<p>        Fermer la fen\u00eatre de pr\u00e9sentation<\/p>\n<p>    <img loading=\"lazy\" decoding=\"async\" class=\"signature__image lazyload\" width=\"100\" height=\"100\" data- alt=\"\" src=\"https:\/\/www.europesays.com\/fr\/wp-content\/uploads\/2025\/05\/64abd44855ee1_placeholder-36b69ec8.png\"\/><\/p>\n<p>          France T\u00e9l\u00e9visions &#8211; R\u00e9daction Culture<\/p>\n<p>    Publi\u00e9 le 02\/09\/2025 18:13<\/p>\n<p>        Temps de lecture : 2min<\/p>\n<p>    <img decoding=\"async\"  alt=\"L'Op\u00e9ra Garnier, \u00e0 Paris, le 21 avril 2020. (CHRISTOPHE ARCHAMBAULT \/ AFP)\" width=\"432\" height=\"243\" src=\"https:\/\/www.europesays.com\/fr\/wp-content\/uploads\/2025\/09\/000-1qq6jh-68b710aad590a199331830.jpg\" fetchpriority=\"high\"\/><\/p>\n<p>      L&rsquo;Op\u00e9ra Garnier, \u00e0 Paris, le 21 avril 2020. (CHRISTOPHE ARCHAMBAULT \/ AFP)<\/p>\n<p>Les travaux de modernisation de l&rsquo;Op\u00e9ra national de Paris (OnP) vont co\u00fbter \u00ab\u00a0450 millions d&rsquo;euros d&rsquo;ici 2032\u00a0\u00bb, a indiqu\u00e9, mardi 2 septembre, le minist\u00e8re de la Culture. Ce projet, voulu par le chef de l&rsquo;Etat, pr\u00e9voit notamment la modernisation des outils sc\u00e9niques des deux sites principaux, le Palais Garnier et l&rsquo;Op\u00e9ra Bastille, <a href=\"https:\/\/www.franceinfo.fr\/culture\/musique\/opera\/les-deux-scenes-de-l-opera-de-paris-vont-fermer-pendant-deux-ans-chacun-pour-des-travaux-de-renovation_6870713.html\" rel=\"nofollow noopener\" target=\"_blank\">ce qui les obligera \u00e0 fermer tour \u00e0 tour pendant deux ans<\/a>, de mi-2027 \u00e0 mi-2029 pour le premier et de 2030 \u00e0 2032 pour le second.<\/p>\n<p>Son co\u00fbt s&rsquo;\u00e9l\u00e8vera \u00e0 \u00ab\u00a0450,8 millions d&rsquo;euros sur six ans\u00a0\u00bb dont \u00ab\u00a0environ 25% sont financ\u00e9s par l&rsquo;Etat\u00a0\u00bb, a affirm\u00e9 le minist\u00e8re \u00e0 l&rsquo;AFP, en marge de la pr\u00e9sentation de ce chantier par la ministre de la Culture Rachida Dati \u00e0 l&rsquo;Op\u00e9ra Bastille.<\/p>\n<p>Pour ce dernier &#8211; un b\u00e2timent r\u00e9alis\u00e9 par l&rsquo;architecte Carlos Ott et inaugur\u00e9 en 1989 &#8211; il s&rsquo;agit plus largement d&rsquo;un vaste projet de transformation. L&rsquo;objectif est notamment de voir \u00ab\u00a0s&rsquo;ouvrir sur la ville\u00a0\u00bb ses 4600 m2 d&rsquo;espaces d&rsquo;accueil du public, en journ\u00e9e et gratuitement, avec des ateliers, expositions, espaces de convivialit\u00e9, \u00e0 partir de 2030. Pour concevoir les nouveaux espaces d&rsquo;accueil \u00e0 Bastille, un concours international d&rsquo;architecture va \u00eatre lanc\u00e9 \u00e0 l&rsquo;automne.<\/p>\n<p>L\u2019Op\u00e9ra Bastille b\u00e9n\u00e9ficiera \u00e9galement de la r\u00e9novation de ses \u00e9quipements sc\u00e9niques \u2013 machinerie, son, lumi\u00e8re, vid\u00e9o \u2013 ainsi que de la r\u00e9habilitation de ses studios de r\u00e9p\u00e9tition. Outre la part de l&rsquo;\u00c9tat, le financement des travaux reposera sur les r\u00e9serves propres et le m\u00e9c\u00e9nat. Le Palais Garnier, class\u00e9 \u00ab\u00a0monument historique\u00a0\u00bb en 1923, verra quant \u00e0 lui la poursuite de la restauration de ses fa\u00e7ades ainsi que la modernisation de sa cage de sc\u00e8ne. Les visites patrimoniales se poursuivront pendant la fermeture.<\/p>\n<p>Ce projet de r\u00e9novation, annonc\u00e9 en octobre 2024 par la direction de l&rsquo;OnP, concerne aussi deux autres sites : les ateliers de stockage (d\u00e9cors) de Berthier situ\u00e9s dans l&rsquo;ouest de Paris et l&rsquo;\u00c9cole de danse, implant\u00e9e \u00e0 Nanterre (toitures, accessibilit\u00e9, espaces logistiques et de r\u00e9p\u00e9tition). En octobre 2024, un rapport de la Cour des comptes sur les d\u00e9fis \u00e0 venir de l&rsquo;OnP avait list\u00e9 celui de \u00ab\u00a0la r\u00e9novation b\u00e2timentaire et sc\u00e9nique\u00a0\u00bb des deux b\u00e2timents, qualifi\u00e9s de \u00ab\u00a0vieillissants\u00a0\u00bb et de \u00ab\u00a0sous-financ\u00e9s de longue date\u00a0\u00bb.<\/p>\n","protected":false},"excerpt":{"rendered":"Ce projet de r\u00e9novation des deux institutions a \u00e9t\u00e9 annonc\u00e9 en octobre 2024 par la direction de l&rsquo;Op\u00e9ra&hellip;\n","protected":false},"author":2,"featured_media":362108,"comment_status":"","ping_status":"","sticky":false,"template":"","format":"standard","meta":{"footnotes":""},"categories":[1888],"tags":[11,1777,674,1011,27,12,626,25],"class_list":{"0":"post-362107","1":"post","2":"type-post","3":"status-publish","4":"format-standard","5":"has-post-thumbnail","7":"category-paris","8":"tag-actualites","9":"tag-eu","10":"tag-europe","11":"tag-fr","12":"tag-france","13":"tag-news","14":"tag-paris","15":"tag-republique-francaise"},"share_on_mastodon":{"url":"https:\/\/pubeurope.com\/@fr\/115137746353235926","error":""},"_links":{"self":[{"href":"https:\/\/www.europesays.com\/fr\/wp-json\/wp\/v2\/posts\/362107","targetHints":{"allow":["GET"]}}],"collection":[{"href":"https:\/\/www.europesays.com\/fr\/wp-json\/wp\/v2\/posts"}],"about":[{"href":"https:\/\/www.europesays.com\/fr\/wp-json\/wp\/v2\/types\/post"}],"author":[{"embeddable":true,"href":"https:\/\/www.europesays.com\/fr\/wp-json\/wp\/v2\/users\/2"}],"replies":[{"embeddable":true,"href":"https:\/\/www.europesays.com\/fr\/wp-json\/wp\/v2\/comments?post=362107"}],"version-history":[{"count":0,"href":"https:\/\/www.europesays.com\/fr\/wp-json\/wp\/v2\/posts\/362107\/revisions"}],"wp:featuredmedia":[{"embeddable":true,"href":"https:\/\/www.europesays.com\/fr\/wp-json\/wp\/v2\/media\/362108"}],"wp:attachment":[{"href":"https:\/\/www.europesays.com\/fr\/wp-json\/wp\/v2\/media?parent=362107"}],"wp:term":[{"taxonomy":"category","embeddable":true,"href":"https:\/\/www.europesays.com\/fr\/wp-json\/wp\/v2\/categories?post=362107"},{"taxonomy":"post_tag","embeddable":true,"href":"https:\/\/www.europesays.com\/fr\/wp-json\/wp\/v2\/tags?post=362107"}],"curies":[{"name":"wp","href":"https:\/\/api.w.org\/{rel}","templated":true}]}}