{"id":362111,"date":"2025-09-03T01:23:26","date_gmt":"2025-09-03T01:23:26","guid":{"rendered":"https:\/\/www.europesays.com\/fr\/362111\/"},"modified":"2025-09-03T01:23:26","modified_gmt":"2025-09-03T01:23:26","slug":"le-principal-suspect-du-meurtre-du-depute-andrii-parouby-admet-lavoir-tue-pour-assouvir-une-vengeance-personnelle","status":"publish","type":"post","link":"https:\/\/www.europesays.com\/fr\/362111\/","title":{"rendered":"le principal suspect du meurtre du d\u00e9put\u00e9 Andrii Parouby \u00ab\u00a0admet l&rsquo;avoir tu\u00e9\u00a0\u00bb pour assouvir une \u00ab\u00a0vengeance personnelle\u00a0\u00bb"},"content":{"rendered":"<p>Le principal suspect du meurtre d&rsquo;Andrii Parouby, d\u00e9put\u00e9 et ancien pr\u00e9sident du parlement, a reconnu les faits, invoquant une \u00ab\u00a0vengeance personnelle\u00a0\u00bb.<\/p>\n<p>L&rsquo;Ukrainien soup\u00e7onn\u00e9 d&rsquo;avoir assassin\u00e9 samedi le d\u00e9put\u00e9 et ex-pr\u00e9sident du Parlement Andri\u00ef Paroubiy a reconnu <a href=\"https:\/\/www.bfmtv.com\/international\/europe\/ukraine\/ukraine-andrii-parouby-depute-et-ancien-president-du-parlement-tue-par-balles-dans-l-ouest-du-pays_AN-202508300190.html\" title=\"Ukraine: Andrii Parouby, d\u00e9put\u00e9 et ancien pr\u00e9sident du parlement, tu\u00e9 par balles dans l&#039;ouest du pays\" class=\"internal_link\" rel=\"nofollow noopener\" target=\"_blank\">ce meurtre<\/a> mais a ni\u00e9 tout lien avec la Russie et invoqu\u00e9 une \u00ab\u00a0vengeance personnelle\u00a0\u00bb, selon des vid\u00e9os diffus\u00e9es ce mardi 2 septembre par des m\u00e9dias ukrainiens.<\/p>\n<p>D\u00e9put\u00e9 d&rsquo;opposition, connu pour son r\u00f4le dans les grands mouvements pro-europ\u00e9ens en Ukraine et autrefois figure de la mouvance nationaliste ukrainienne, Andri\u00ef Paroubiy a \u00e9t\u00e9 abattu samedi de plusieurs coups de feu \u00e0 Lviv, dans l&rsquo;ouest du pays.<\/p>\n<blockquote class=\"embed embed_quote\"><p>\u00ab\u00a0Oui, j&rsquo;admets que je l&rsquo;ai tu\u00e9\u00a0\u00bb, a d\u00e9clar\u00e9 dans la salle de tribunal le suspect, identifi\u00e9 par la presse comme \u00e9tant Mykha\u00eflo Stselnikov.<\/p><\/blockquote>\n<p>Il a d\u00e9menti les all\u00e9gations de certains m\u00e9dias selon lesquelles il avait agi sur ordre de Moscou et assur\u00e9 qu&rsquo;il avait ainsi assouvi une \u00ab\u00a0vengeance personnelle contre les autorit\u00e9s ukrainiennes\u00a0\u00bb apr\u00e8s la mort de son fils sur le front.<\/p>\n<p>Des hommages \u00e0 Kiev et Lviv<\/p>\n<p>\u00ab\u00a0Tout ce que je veux, c&rsquo;est que le verdict soit rendu le plus rapidement possible\u00a0\u00bb pour demander de faire partie d&rsquo;un \u00e9change de prisonniers de guerre avec la Russie et \u00ab\u00a0aller chercher le corps de mon fils\u00a0\u00bb, a-t-il d\u00e9clar\u00e9.<\/p>\n<p>Cet homme, \u00e2g\u00e9 de 52 ans, a dit avoir pris pour cible le d\u00e9put\u00e9 simplement parce que ce dernier vivait dans la m\u00eame ville que lui. La police ukrainienne a \u00e9voqu\u00e9 une \u00ab\u00a0piste russe\u00a0\u00bb, sans donner de d\u00e9tails.<\/p>\n<p>Apr\u00e8s un hommage \u00e0 Kiev la veille, des centaines de personnes dont de haut responsables se sont rassembl\u00e9es mardi dans le centre-ville de Lviv pour pr\u00e9senter leurs condol\u00e9ances \u00e0 la famille d&rsquo;Andri\u00ef Paroubiy.<\/p>\n<p>Andri\u00ef Sa\u00eftchouk, animateur de t\u00e9l\u00e9vision de 49 ans, a dit voir en Andri\u00ef Paroubiy \u00ab\u00a0le type d&rsquo;homme politique qui manque cruellement \u00e0 l&rsquo;Ukraine\u00a0\u00bb.<\/p>\n<blockquote class=\"embed embed_quote\"><p>\u00ab\u00a0Il \u00e9tait le visage et le coeur des (&#8230;) r\u00e9volutions ukrainiennes, qui \u00e9taient essentiellement un mouvement pour l&rsquo;ind\u00e9pendance de l&rsquo;Ukraine\u00a0\u00bb, a-t-il ajout\u00e9.<\/p><\/blockquote>\n<p>En plus de trois ans de guerre, Ukrainiens et Russes se sont r\u00e9guli\u00e8rement accus\u00e9s mutuellement d&rsquo;assassinats, notamment de responsables politiques et militaires.<\/p>\n<p>Respect\u00e9 en Ukraine, Andri\u00ef Paroubiy, mort \u00e0 54 ans, avait \u00e9t\u00e9 pr\u00e9sident du Parlement ukrainien de 2016 \u00e0 2019. Il fut ensuite d\u00e9put\u00e9 du parti de l&rsquo;ancien chef de l&rsquo;Etat pro-europ\u00e9en Petro Porochenko, un opposant au pouvoir actuel.<\/p>\n<p>Il est surtout connu pour son r\u00f4le dans les grands mouvements pro-europ\u00e9ens en Ukraine: d&rsquo;abord, la \u00ab\u00a0R\u00e9volution orange\u00a0\u00bb de 2004, puis celle du Ma\u00efdan en 2014.<\/p>\n<p>Autrefois figure du mouvement nationaliste ukrainien, Andri\u00ef Paroubiy avait aussi \u00e9t\u00e9 dans les ann\u00e9es 1990 le fondateur du Parti social-national d&rsquo;Ukraine, class\u00e9 \u00e0 l&rsquo;extr\u00eame droite.<\/p>\n","protected":false},"excerpt":{"rendered":"Le principal suspect du meurtre d&rsquo;Andrii Parouby, d\u00e9put\u00e9 et ancien pr\u00e9sident du parlement, a reconnu les faits, invoquant&hellip;\n","protected":false},"author":2,"featured_media":362112,"comment_status":"","ping_status":"","sticky":false,"template":"","format":"standard","meta":{"footnotes":""},"categories":[1590],"tags":[11,1777,674,12,220],"class_list":{"0":"post-362111","1":"post","2":"type-post","3":"status-publish","4":"format-standard","5":"has-post-thumbnail","7":"category-ukraine","8":"tag-actualites","9":"tag-eu","10":"tag-europe","11":"tag-news","12":"tag-ukraine"},"share_on_mastodon":{"url":"https:\/\/pubeurope.com\/@fr\/115137754142175562","error":""},"_links":{"self":[{"href":"https:\/\/www.europesays.com\/fr\/wp-json\/wp\/v2\/posts\/362111","targetHints":{"allow":["GET"]}}],"collection":[{"href":"https:\/\/www.europesays.com\/fr\/wp-json\/wp\/v2\/posts"}],"about":[{"href":"https:\/\/www.europesays.com\/fr\/wp-json\/wp\/v2\/types\/post"}],"author":[{"embeddable":true,"href":"https:\/\/www.europesays.com\/fr\/wp-json\/wp\/v2\/users\/2"}],"replies":[{"embeddable":true,"href":"https:\/\/www.europesays.com\/fr\/wp-json\/wp\/v2\/comments?post=362111"}],"version-history":[{"count":0,"href":"https:\/\/www.europesays.com\/fr\/wp-json\/wp\/v2\/posts\/362111\/revisions"}],"wp:featuredmedia":[{"embeddable":true,"href":"https:\/\/www.europesays.com\/fr\/wp-json\/wp\/v2\/media\/362112"}],"wp:attachment":[{"href":"https:\/\/www.europesays.com\/fr\/wp-json\/wp\/v2\/media?parent=362111"}],"wp:term":[{"taxonomy":"category","embeddable":true,"href":"https:\/\/www.europesays.com\/fr\/wp-json\/wp\/v2\/categories?post=362111"},{"taxonomy":"post_tag","embeddable":true,"href":"https:\/\/www.europesays.com\/fr\/wp-json\/wp\/v2\/tags?post=362111"}],"curies":[{"name":"wp","href":"https:\/\/api.w.org\/{rel}","templated":true}]}}