{"id":362113,"date":"2025-09-03T01:24:15","date_gmt":"2025-09-03T01:24:15","guid":{"rendered":"https:\/\/www.europesays.com\/fr\/362113\/"},"modified":"2025-09-03T01:24:15","modified_gmt":"2025-09-03T01:24:15","slug":"usa-trump-annonce-quil-va-deployer-la-garde-nationale-a-chicago-03-09-2025-a-0028","status":"publish","type":"post","link":"https:\/\/www.europesays.com\/fr\/362113\/","title":{"rendered":"USA-Trump annonce qu&rsquo;il va d\u00e9ployer la Garde nationale \u00e0 Chicago &#8211; 03\/09\/2025 \u00e0 00:28"},"content":{"rendered":"<p>\n Le pr\u00e9sident<br \/>\nam\u00e9ricain Donald Trump a d\u00e9clar\u00e9 mardi qu&rsquo;il allait d\u00e9ployer la<br \/>\nGarde nationale pour lutter contre la criminalit\u00e9 \u00e0 Chicago<br \/>\n(Illinois), troisi\u00e8me plus grande ville des Etats-Unis, une<br \/>\nd\u00e9cision \u00e0 m\u00eame de provoquer une bataille juridique avec les<br \/>\nautorit\u00e9s locales.\n<\/p>\n<p>\n S&rsquo;exprimant \u00e0 la Maison blanche devant les journalistes,<br \/>\nDonald Trump a d\u00e9clar\u00e9: \u00ab\u00a0Nous allons y aller. Je ne sais pas<br \/>\nquand, mais nous allons y aller\u00a0\u00bb.\n<\/p>\n<p>\n Depuis son retour au pouvoir en janvier dernier, Donald<br \/>\nTrump cherche \u00e0 \u00e9largir les pr\u00e9rogatives de l&rsquo;arm\u00e9e sur le sol<br \/>\nam\u00e9ricain, des efforts que les d\u00e9tracteurs d\u00e9noncent comme une<br \/>\nexpansion dangereuse du pouvoir ex\u00e9cutif qui pourrait engendrer<br \/>\ndes tensions entre l&rsquo;arm\u00e9e et les citoyens ordinaires.\n<\/p>\n<p>\n Il a d\u00e9j\u00e0 ordonn\u00e9 plus t\u00f4t cette ann\u00e9e le d\u00e9ploiement de la<br \/>\nGarde nationale \u00e0 Los Angeles et dans la capitale f\u00e9d\u00e9rale<br \/>\nWashington afin d&rsquo;y lutter contre le crime et l&rsquo;immigration<br \/>\nclandestine.\n<\/p>\n<p>\n Le pr\u00e9sident am\u00e9ricain a sign\u00e9 un \u00e9ventail de d\u00e9crets<br \/>\ndestin\u00e9s \u00e0 r\u00e9aliser nombre de ses promesses politiques, comme la<br \/>\nlutte contre l&rsquo;immigration, la \u00ab\u00a0purge\u00a0\u00bb de l&rsquo;administration<br \/>\nf\u00e9d\u00e9rale, ou encore la fin des programmes de diversit\u00e9, d&rsquo;\u00e9quit\u00e9<br \/>\net d&rsquo;inclusion (DEI).\n<\/p>\n<p>\n Le maire de Chicago a imm\u00e9diatement condamn\u00e9 mardi l&rsquo;annonce<br \/>\nde Donald Trump. \u00ab\u00a0Il veut juste sa propre police secr\u00e8te pour<br \/>\nmener des &lsquo;coups publicitaires&rsquo; \u00e0 chaque fois que sa cote de<br \/>\npopularit\u00e9 dans les sondages chutera, \u00e0 chaque fois que les<br \/>\nrapports sur l&#8217;emploi montreront une \u00e9conomie en stagnation, \u00e0<br \/>\nchaque fois qu&rsquo;il aura besoin d&rsquo;une nouvelle distraction pour<br \/>\nses \u00e9checs\u00a0\u00bb, a dit Brandon Johnson aux journalistes.\n<\/p>\n<p>\n Plus t\u00f4t dans la journ\u00e9e, un juge f\u00e9d\u00e9ral a interdit \u00e0<br \/>\nl&rsquo;administration Trump d&rsquo;utiliser l&rsquo;arm\u00e9e pour lutter contre la<br \/>\ncriminalit\u00e9 en Californie &#8211; une d\u00e9cision qui ne s&rsquo;applique pas<br \/>\naux autres Etats am\u00e9ricains.\n<\/p>\n<p>\n (Nandita Bose, Jarrett Renshaw, Idrees Ali, Phil Stewart et<br \/>\nRenee Hickman; version fran\u00e7aise Jean Terzian)<\/p>\n","protected":false},"excerpt":{"rendered":"Le pr\u00e9sident am\u00e9ricain Donald Trump a d\u00e9clar\u00e9 mardi qu&rsquo;il allait d\u00e9ployer la Garde nationale pour lutter contre la&hellip;\n","protected":false},"author":2,"featured_media":2486,"comment_status":"","ping_status":"","sticky":false,"template":"","format":"standard","meta":{"footnotes":""},"categories":[1589],"tags":[400,11,398,408,405,73,1866,403,402,399,404,12,401,406,1864,1865,1863,308,407],"class_list":{"0":"post-362113","1":"post","2":"type-post","3":"status-publish","4":"format-standard","5":"has-post-thumbnail","7":"category-etats-unis","8":"tag-action-cac-40","9":"tag-actualites","10":"tag-bourse-de-paris","11":"tag-boursorama","12":"tag-cotations","13":"tag-etats-unis","14":"tag-etats-unis-damerique","15":"tag-indices-devises","16":"tag-investir","17":"tag-investissement","18":"tag-marche-boursier","19":"tag-news","20":"tag-sicav","21":"tag-trackers","22":"tag-united-states","23":"tag-united-states-of-america","24":"tag-us","25":"tag-usa","26":"tag-warrants"},"share_on_mastodon":{"url":"https:\/\/pubeurope.com\/@fr\/115137758165726942","error":""},"_links":{"self":[{"href":"https:\/\/www.europesays.com\/fr\/wp-json\/wp\/v2\/posts\/362113","targetHints":{"allow":["GET"]}}],"collection":[{"href":"https:\/\/www.europesays.com\/fr\/wp-json\/wp\/v2\/posts"}],"about":[{"href":"https:\/\/www.europesays.com\/fr\/wp-json\/wp\/v2\/types\/post"}],"author":[{"embeddable":true,"href":"https:\/\/www.europesays.com\/fr\/wp-json\/wp\/v2\/users\/2"}],"replies":[{"embeddable":true,"href":"https:\/\/www.europesays.com\/fr\/wp-json\/wp\/v2\/comments?post=362113"}],"version-history":[{"count":0,"href":"https:\/\/www.europesays.com\/fr\/wp-json\/wp\/v2\/posts\/362113\/revisions"}],"wp:featuredmedia":[{"embeddable":true,"href":"https:\/\/www.europesays.com\/fr\/wp-json\/wp\/v2\/media\/2486"}],"wp:attachment":[{"href":"https:\/\/www.europesays.com\/fr\/wp-json\/wp\/v2\/media?parent=362113"}],"wp:term":[{"taxonomy":"category","embeddable":true,"href":"https:\/\/www.europesays.com\/fr\/wp-json\/wp\/v2\/categories?post=362113"},{"taxonomy":"post_tag","embeddable":true,"href":"https:\/\/www.europesays.com\/fr\/wp-json\/wp\/v2\/tags?post=362113"}],"curies":[{"name":"wp","href":"https:\/\/api.w.org\/{rel}","templated":true}]}}