{"id":362116,"date":"2025-09-03T01:26:10","date_gmt":"2025-09-03T01:26:10","guid":{"rendered":"https:\/\/www.europesays.com\/fr\/362116\/"},"modified":"2025-09-03T01:26:10","modified_gmt":"2025-09-03T01:26:10","slug":"un-agent-marocain-condamne-en-allemagne-le-jeune-independant","status":"publish","type":"post","link":"https:\/\/www.europesays.com\/fr\/362116\/","title":{"rendered":"un agent marocain condamn\u00e9 en Allemagne \u2013 Le Jeune Ind\u00e9pendant"},"content":{"rendered":"<p>La justice allemande a rendu, avant-hier, son verdict contre les pratiques autoritaires du r\u00e9gime marocain. Youssef El Assrouti., un ressortissant marocain de 32 ans, a \u00e9t\u00e9 condamn\u00e9 par le tribunal de D\u00fcsseldorf \u00e0 un an et six mois de prison avec sursis pour intrusion clandestine dans la demeure de militants du Parti national rifain (PNR) \u00e9tablis en Europe.<\/p>\n<p>Ces faits constituent une nouvelle d\u00e9monstration des m\u00e9thodes ill\u00e9gales d\u00e9ploy\u00e9es par le Makhzen pour surveiller, intimider et menacer.<\/p>\n<p>Dans un communiqu\u00e9 publi\u00e9 hier, le PNR salue la d\u00e9cision judiciaire allemande, y voyant un \u00ab signal fort contre les pratiques ill\u00e9gales visant \u00e0 intimider la diaspora rifaine engag\u00e9e dans la d\u00e9fense des droits et libert\u00e9s \u00bb.<\/p>\n<p>Le parti rifain d\u00e9nonce \u00ab avec la plus grande fermet\u00e9 \u00bb ces atteintes jug\u00e9es \u00ab intol\u00e9rables \u00bb aux droits fondamentaux, \u00e0 la souverainet\u00e9 et \u00e0 la s\u00e9curit\u00e9 des Etats europ\u00e9ens. Il affirme avec force que \u00ab le fait qu\u2019un r\u00e9gime \u00e9tranger tente de surveiller et de menacer des citoyens sur le sol europ\u00e9en est inacceptable et doit appeler une r\u00e9ponse claire et ferme \u00bb.<\/p>\n<p>Le communiqu\u00e9 du PNR n\u2019oublie pas de rappeler les pr\u00e9c\u00e9dents sordides. En effet, le Makhzen offre un triste palmar\u00e8s, de l\u2019enl\u00e8vement et la disparition tragique du militant marocain Mehdi Ben Barka dans les ann\u00e9es 1960 jusqu\u2019aux op\u00e9rations d\u2019espionnage contre la diaspora rifaine en Europe. \u00ab Aujourd\u2019hui encore, en espionnant et en mena\u00e7ant des citoyens rifains install\u00e9s en Europe, le r\u00e9gime confirme sa nature r\u00e9pressive \u00bb, accuse le parti, qui tient Rabat pour \u00ab pleinement responsable de toute atteinte \u00e0 l\u2019int\u00e9grit\u00e9 et \u00e0 la s\u00e9curit\u00e9 des militants rifains, en Europe comme dans le Rif occup\u00e9 \u00bb.<\/p>\n<p>Dans ce sens, le PNR appelle les autorit\u00e9s europ\u00e9ennes \u00e0 consid\u00e9rer le Maroc comme un acteur non fiable, dont les m\u00e9thodes rappellent celles d\u2019un r\u00e9gime hors la loi. Le parti r\u00e9clame d\u00e9sormais l\u2019ouverture d\u2019enqu\u00eates sur les ing\u00e9rences pr\u00e9sum\u00e9es, qu\u2019il s\u2019agisse de l\u2019instrumentalisation de lieux de culte pour espionner ou influencer la diaspora, des pressions cibl\u00e9es visant des militants ou encore des tentatives de corruption de responsables politiques europ\u00e9ens afin de soutenir des agendas pro-Makhzen.<\/p>\n<p>Le tribunal a pr\u00e9cis\u00e9 que Youssef El Asrouti. op\u00e9rait depuis au moins janvier 2022 pour le compte des services secrets marocains. Il a transmis des informations \u00e0 un interm\u00e9diaire, identifi\u00e9 comme Mohammed A.<\/p>\n<p>Ce dernier avait d\u00e9j\u00e0 \u00e9t\u00e9 condamn\u00e9 en ao\u00fbt 2023 \u00e0 un an et neuf mois de prison avec sursis pour les m\u00eames agissements. Le minist\u00e8re public allemand avait requis une peine ferme, mais la cour a retenu des circonstances att\u00e9nuantes, notamment le fait que l\u2019accus\u00e9 aurait reconnu les faits dans leur int\u00e9gralit\u00e9. De son c\u00f4t\u00e9, Youssef El A. a renonc\u00e9 \u00e0 tout appel, rendant ainsi la sanction d\u00e9finitive.<\/p>\n<p>Par ailleurs, le parti r\u00e9affirme son engagement sans faille \u00e0 d\u00e9fendre les droits l\u00e9gitimes du peuple rifain, d\u00e9nonce \u00ab l\u2019annexion ill\u00e9gale du Rif \u00bb et s\u2019oppose \u00e0 toute tentative d\u2019intimidation et de surveillance par Rabat.<\/p>\n<p>En mars 2018, Youssef El Asrouti avait \u00e9t\u00e9 arr\u00eat\u00e9 par les autorit\u00e9s allemandes pour s\u00e9jour ill\u00e9gal, puis plac\u00e9 en d\u00e9tention dans un centre pour r\u00e9fugi\u00e9s en attendant son expulsion vers le Maroc.<\/p>\n<p>Cependant, il avait rapidement \u00e9t\u00e9 rel\u00e2ch\u00e9 apr\u00e8s avoir introduit une demande d\u2019asile gr\u00e2ce \u00e0 l\u2019intervention d\u2019un avocat financ\u00e9 par le makhzen.<\/p>\n<p>Accus\u00e9 d\u2019espionnage, Youssef El Asrouti avait auparavant \u00e9t\u00e9 interpell\u00e9 en Espagne le 1\u1d49\u02b3 d\u00e9cembre 2024 sur la base d\u2019un mandat d\u2019arr\u00eat europ\u00e9en, avant d\u2019\u00eatre transf\u00e9r\u00e9 en Allemagne pour y \u00eatre poursuivi. Il est \u00ab fortement soup\u00e7onn\u00e9 \u00bb d\u2019espionner les membres du mouvement de protestation marocain du hirak rifain depuis janvier 2022, ont d\u00e9clar\u00e9 les procureurs.<\/p>\n<p>Les procureurs le consid\u00e8rent comme un complice de Mohamed A., un autre ressortissant marocain qui a \u00e9t\u00e9 arr\u00eat\u00e9 pr\u00e8s de la ville de Cologne, dans l\u2019ouest de l\u2019Allemagne, en novembre 2022, et reconnu coupable d\u2019espionnage \u00e0 l\u2019encontre de partisans du mouvement du Rif en ao\u00fbt 2023.<\/p>\n","protected":false},"excerpt":{"rendered":"La justice allemande a rendu, avant-hier, son verdict contre les pratiques autoritaires du r\u00e9gime marocain. Youssef El Assrouti.,&hellip;\n","protected":false},"author":2,"featured_media":362117,"comment_status":"","ping_status":"","sticky":false,"template":"","format":"standard","meta":{"footnotes":""},"categories":[1587],"tags":[11,672,1804,1805,1803,1777,674,1801,12,1802],"class_list":{"0":"post-362116","1":"post","2":"type-post","3":"status-publish","4":"format-standard","5":"has-post-thumbnail","7":"category-allemagne","8":"tag-actualites","9":"tag-allemagne","10":"tag-bundesrepublik-deutschland","11":"tag-de","12":"tag-deutschland","13":"tag-eu","14":"tag-europe","15":"tag-germany","16":"tag-news","17":"tag-republique-federale-dallemagne"},"share_on_mastodon":{"url":"https:\/\/pubeurope.com\/@fr\/115137765972963146","error":""},"_links":{"self":[{"href":"https:\/\/www.europesays.com\/fr\/wp-json\/wp\/v2\/posts\/362116","targetHints":{"allow":["GET"]}}],"collection":[{"href":"https:\/\/www.europesays.com\/fr\/wp-json\/wp\/v2\/posts"}],"about":[{"href":"https:\/\/www.europesays.com\/fr\/wp-json\/wp\/v2\/types\/post"}],"author":[{"embeddable":true,"href":"https:\/\/www.europesays.com\/fr\/wp-json\/wp\/v2\/users\/2"}],"replies":[{"embeddable":true,"href":"https:\/\/www.europesays.com\/fr\/wp-json\/wp\/v2\/comments?post=362116"}],"version-history":[{"count":0,"href":"https:\/\/www.europesays.com\/fr\/wp-json\/wp\/v2\/posts\/362116\/revisions"}],"wp:featuredmedia":[{"embeddable":true,"href":"https:\/\/www.europesays.com\/fr\/wp-json\/wp\/v2\/media\/362117"}],"wp:attachment":[{"href":"https:\/\/www.europesays.com\/fr\/wp-json\/wp\/v2\/media?parent=362116"}],"wp:term":[{"taxonomy":"category","embeddable":true,"href":"https:\/\/www.europesays.com\/fr\/wp-json\/wp\/v2\/categories?post=362116"},{"taxonomy":"post_tag","embeddable":true,"href":"https:\/\/www.europesays.com\/fr\/wp-json\/wp\/v2\/tags?post=362116"}],"curies":[{"name":"wp","href":"https:\/\/api.w.org\/{rel}","templated":true}]}}