{"id":362118,"date":"2025-09-03T01:27:20","date_gmt":"2025-09-03T01:27:20","guid":{"rendered":"https:\/\/www.europesays.com\/fr\/362118\/"},"modified":"2025-09-03T01:27:20","modified_gmt":"2025-09-03T01:27:20","slug":"des-oeufs-ukrainiens-dans-les-supermarches-francais-leur-importation-fait-polemique-ils-contiendraient-des-antibiotiques-interdits-en-europe","status":"publish","type":"post","link":"https:\/\/www.europesays.com\/fr\/362118\/","title":{"rendered":"Des \u0153ufs ukrainiens dans les supermarch\u00e9s fran\u00e7ais\u00a0? Leur importation fait pol\u00e9mique, ils contiendraient des antibiotiques interdits en Europe"},"content":{"rendered":"<p>\n                                                                    l&rsquo;essentiel<br \/>\n                                                                L\u2019interprofession des \u0153ufs a r\u00e9cemment alert\u00e9 sur la vente d\u2019\u0153ufs ukrainiens par des supermarch\u00e9s fran\u00e7ais, d\u00e9non\u00e7ant des produits import\u00e9s qui \u00ab\u00a0ne respectent pas les normes europ\u00e9ennes\u00a0\u00bb.\n                            <\/p>\n<p>Les quantit\u00e9s d\u2019\u0153ufs import\u00e9s d\u2019Ukraine sont faibles, mais le symbole est fort\u00a0: la ministre fran\u00e7aise de l\u2019Agriculture a r\u00e9agi aux alertes de l\u2019interprofession des \u0153ufs en appelant \u00e0 renforcer les contr\u00f4les et \u00e0 emp\u00eacher l\u2019importation de produits contenant des substances interdites dans l\u2019Union europ\u00e9enne.<\/p>\n<p class=\"std-elt__inline\">\n        <strong>\u00c0 lire aussi :<\/strong><br \/>\n        <a href=\"https:\/\/www.ladepeche.fr\/2024\/11\/23\/colere-des-agriculteurs-des-importations-de-cereales-venant-dukraine-ce-que-la-cr-47-reproche-a-arnaud-rousseau-et-a-son-groupe-avril-12341536.php\" rel=\"nofollow noopener\" target=\"_blank\">Col\u00e8re des Agriculteurs\u00a0: \u00ab\u00a0Des importations de c\u00e9r\u00e9ales venant d\u2019Ukraine\u00a0\u00bb\u2026 Ce que la CR 47 reproche \u00e0 Arnaud Rousseau et \u00e0 son groupe Avril<\/a>\n    <\/p>\n<p>L\u2019interprofession des \u0153ufs (CNPO) avait\u00a0alert\u00e9\u00a0sur l\u2019importation par certaines enseignes de distribution de centaines de milliers d\u2019\u0153ufs d\u2019Ukraine, qui ne respectent pas les normes europ\u00e9ennes sur l\u2019\u00e9levage en cage et le broyage des poussins m\u00e2les en France. \u00ab\u00a0La souverainet\u00e9 alimentaire, c\u2019est privil\u00e9gier la production fran\u00e7aise aux importations de denr\u00e9es ne respectant ni nos normes, ni les attentes des consommateurs. Cela passe par un effort quotidien du consommateur, mais aussi des distributeurs\u00a0\u00bb, a d\u00e9clar\u00e9 \u00e0 la presse la ministre de l\u2019Agriculture Annie Genevard.<\/p>\n<p>Les \u0153ufs contiennent des\u00a0antibiotiques interdits en Europe\u00a0?<\/p>\n<p>Le CNPO va plus loin en indiquant que ces \u0153ufs pourraient contenir des antibiotiques interdits en Europe. Quatre contr\u00f4les, effectu\u00e9s sur des \u0153ufs ukrainiens export\u00e9s en Slovaquie et en Pologne ces deux derniers mois avant de potentiellement \u00eatre r\u00e9export\u00e9s dans le reste de l\u2019UE, ont r\u00e9v\u00e9l\u00e9 la pr\u00e9sence de telles substances, consid\u00e9r\u00e9es comme dangereuses pour la sant\u00e9.<\/p>\n<p>\u00ab\u00a0Je demande une vigilance accrue en mati\u00e8re de contr\u00f4les sanitaires sur notre territoire. Ce renforcement des contr\u00f4les doit surtout se faire au niveau europ\u00e9en\u00a0: je porte d\u00e8s \u00e0 pr\u00e9sent cette demande aupr\u00e8s de la Commission europ\u00e9enne\u00a0\u00bb, a r\u00e9agi Annie Genevard. \u00ab\u00a0Il faut aussi aller plus loin avec un principe simple\u00a0: pour toute pratique interdite en Europe, une limite maximale de r\u00e9sidus relative \u00e0 ces pratiques fix\u00e9e \u00e0 z\u00e9ro sur tout produit import\u00e9\u00a0\u00bb, ajoute-t-elle.<\/p>\n<p>Un centi\u00e8me de la consommation quotidienne<\/p>\n<p>Le CNPO affirme qu\u2019une enseigne E. Leclerc, \u00e0 Rouen, a propos\u00e9 un lot de 300\u00a0000 \u0153ufs ukrainiens, vendus 5,65\u00a0euros la plaquette de 30, soit beaucoup moins cher que les \u0153ufs fran\u00e7ais. \u00ab\u00a0Un magasin a eu une initiative regrettable\u00a0\u00bb, a admis E. Leclerc, ajoutant toutefois qu\u2019il s\u2019agissait \u00ab\u00a0d\u2019un cas isol\u00e9\u00a0\u00bb. Le lot doit, selon l\u2019enseigne, \u00eatre retir\u00e9 de la vente. Ces 300\u00a0000 \u0153ufs sont \u00e0 mettre en regard avec les sept milliards d\u2019\u0153ufs consomm\u00e9s l\u2019ann\u00e9e derni\u00e8re en France qui sont en immense majorit\u00e9 produits sur le territoire national, les importations, majoritairement en provenance de l\u2019UE, \u00e9tant surtout le fait de l\u2019industrie agroalimentaire.<\/p>\n<p>En 2023, la France avait import\u00e9 411 tonnes d\u2019\u0153ufs ukrainiens de volailles d\u2019\u00e9levage, en coquilles, frais, pour une valeur de 844\u00a0792\u00a0euros, selon les chiffres des douanes. En 2024, seules 58 tonnes ont \u00e9t\u00e9 import\u00e9es pour 115\u00a0264\u00a0euros. Sur les cinq premiers mois de 2025, quelque 13 tonnes ont \u00e9t\u00e9 import\u00e9es, soit l\u2019\u00e9quivalent d\u2019environ 185\u00a0000 \u0153ufs de 70 grammes\u2026 ou encore un centi\u00e8me des \u0153ufs que les Fran\u00e7ais consomment en une journ\u00e9e.<\/p>\n","protected":false},"excerpt":{"rendered":"l&rsquo;essentiel L\u2019interprofession des \u0153ufs a r\u00e9cemment alert\u00e9 sur la vente d\u2019\u0153ufs ukrainiens par des supermarch\u00e9s fran\u00e7ais, d\u00e9non\u00e7ant des&hellip;\n","protected":false},"author":2,"featured_media":362119,"comment_status":"","ping_status":"","sticky":false,"template":"","format":"standard","meta":{"footnotes":""},"categories":[1586],"tags":[11,1777,674,1011,27,12,25],"class_list":{"0":"post-362118","1":"post","2":"type-post","3":"status-publish","4":"format-standard","5":"has-post-thumbnail","7":"category-europe","8":"tag-actualites","9":"tag-eu","10":"tag-europe","11":"tag-fr","12":"tag-france","13":"tag-news","14":"tag-republique-francaise"},"share_on_mastodon":{"url":"https:\/\/pubeurope.com\/@fr\/115137769931787761","error":""},"_links":{"self":[{"href":"https:\/\/www.europesays.com\/fr\/wp-json\/wp\/v2\/posts\/362118","targetHints":{"allow":["GET"]}}],"collection":[{"href":"https:\/\/www.europesays.com\/fr\/wp-json\/wp\/v2\/posts"}],"about":[{"href":"https:\/\/www.europesays.com\/fr\/wp-json\/wp\/v2\/types\/post"}],"author":[{"embeddable":true,"href":"https:\/\/www.europesays.com\/fr\/wp-json\/wp\/v2\/users\/2"}],"replies":[{"embeddable":true,"href":"https:\/\/www.europesays.com\/fr\/wp-json\/wp\/v2\/comments?post=362118"}],"version-history":[{"count":0,"href":"https:\/\/www.europesays.com\/fr\/wp-json\/wp\/v2\/posts\/362118\/revisions"}],"wp:featuredmedia":[{"embeddable":true,"href":"https:\/\/www.europesays.com\/fr\/wp-json\/wp\/v2\/media\/362119"}],"wp:attachment":[{"href":"https:\/\/www.europesays.com\/fr\/wp-json\/wp\/v2\/media?parent=362118"}],"wp:term":[{"taxonomy":"category","embeddable":true,"href":"https:\/\/www.europesays.com\/fr\/wp-json\/wp\/v2\/categories?post=362118"},{"taxonomy":"post_tag","embeddable":true,"href":"https:\/\/www.europesays.com\/fr\/wp-json\/wp\/v2\/tags?post=362118"}],"curies":[{"name":"wp","href":"https:\/\/api.w.org\/{rel}","templated":true}]}}