{"id":362120,"date":"2025-09-03T01:28:12","date_gmt":"2025-09-03T01:28:12","guid":{"rendered":"https:\/\/www.europesays.com\/fr\/362120\/"},"modified":"2025-09-03T01:28:12","modified_gmt":"2025-09-03T01:28:12","slug":"les-europeens-depensent-plus-et-un-peu-mieux-pour-leur-defense-mais-pas-encore-de-facon-suffisamment-coordonnee","status":"publish","type":"post","link":"https:\/\/www.europesays.com\/fr\/362120\/","title":{"rendered":"Les Europ\u00e9ens d\u00e9pensent plus et (un peu) mieux pour leur d\u00e9fense, mais pas encore de fa\u00e7on suffisamment coordonn\u00e9e"},"content":{"rendered":"<p>L&rsquo;objectif des 2 % du PIB de d\u00e9penses en vue<\/p>\n<p class=\"ap-StoryElement ap-StoryElement--mb ap-StoryText\">En augmentation depuis dix ans, les d\u00e9penses de d\u00e9fense dans l&rsquo;Union ont donc atteint en record, l&rsquo;an dernier. Elles devraient encore grimper en 2025, calcule l&rsquo;Agence europ\u00e9enne de d\u00e9fense (AED), pour s&rsquo;\u00e9lever \u00e0 392 milliards d&rsquo;euros (381 milliards en prix constant 2024).<\/p>\n<p class=\"ap-StoryElement ap-StoryElement--mb ap-StoryText\">Cela aurait pour effet, selon les pr\u00e9visions de l&rsquo;agence, que l&rsquo;objectif fix\u00e9 par l&rsquo;Otan en 2014 \u00e0 ses \u00c9tats membres (vingt-quatre des Vingt-sept) de consacrer 2 % du PIB consacr\u00e9 \u00e0 la d\u00e9fense sera atteint, et m\u00eame d\u00e9pass\u00e9. Dans son ensemble, les d\u00e9penses du bloc atteindront 2,1 % du PIB, avec, cependant des diff\u00e9rences marqu\u00e9es entre les \u00c9tats membres. En 2024, la Pologne a d\u00e9pens\u00e9 4,12 % pour sa d\u00e9fense et la Belgique 1,3 %. Le gouvernement De Wever s&rsquo;est cependant engag\u00e9 \u00e0 atteindre le seuil de 2 % en 2025 <a href=\"https:\/\/www.lalibre.be\/belgique\/politique-belge\/2025\/06\/18\/le-gouvernement-belge-accule-saligne-sur-la-future-norme-otan-des-5-de-pib-en-depenses-de-defense-XBSI7QRHRBGRHBTTQ4ZEV2PVAY\/\" target=\"_self\" rel=\"nofollow noopener\">et de 5 % en 2035<\/a> (ce qui appara\u00eet illusoire).<\/p>\n<p class=\"ap-StoryElement ap-StoryElement--mb ap-StoryText\">On constate d&rsquo;ailleurs que la Belgique fait partie de la quinzaine d&rsquo;\u00c9tats membres dont l&rsquo;augmentation des d\u00e9penses en mati\u00e8re de d\u00e9fense a d\u00e9pass\u00e9 10 %. Tous les \u00c9tats membres, \u00e0 l&rsquo;exception de l&rsquo;Irlande (non-membre de l&rsquo;Otan) et du Portugal, ont d\u00e9pens\u00e9 plus, l&rsquo;an dernier.<\/p>\n<p><a href=\"https:\/\/www.lalibre.be\/international\/europe\/2025\/03\/19\/une-menace-fondamentale-la-commission-dresse-un-plan-pour-que-leurope-soit-en-mesure-de-se-defendre-en-2030-LH4F7WJOWVDXNFG7Z6SJ34OXEY\/\" target=\"_blank\" rel=\"noopener noreferrer nofollow\" class=\"ap-StoryInterstitialLink ap-StoryElement ap-StoryElement--mb\">La Commission dresse un plan pour que l&rsquo;Europe soit en mesure de se d\u00e9fendre en 2030 face \u00e0 la menace russe, et peut-\u00eatre sans les \u00c9tats-Unis<\/a><\/p>\n<p class=\"ap-StoryElement ap-StoryElement--mb ap-StoryText\">L&rsquo;AED estime que le plan \u00ab\u00a0Pr\u00e9paration pour 2030\u00a0\u00bb de la Commission europ\u00e9enne, qui permettrait de mobiliser jusqu&rsquo;\u00e0 800 milliards d&rsquo;euros lors des quatre prochaines ann\u00e9es, devrait soutenir l&rsquo;augmentation des d\u00e9penses en mati\u00e8re de d\u00e9fense. La route est encore tr\u00e8s longue pour que les \u00c9tats membres atteignent le nouvel objectif d<a href=\"https:\/\/www.lalibre.be\/international\/europe\/guerre-ukraine-russie\/2025\/06\/25\/trump-repart-avec-ses-5-du-sommet-de-lotan-de-la-haye-cest-un-grand-succes-LR2GBG46KVDBTG6SLNZYFUWVLM\/\" target=\"_self\" rel=\"nofollow noopener\">e l&rsquo;Alliance atlantique de 3,5 % en 2035<\/a>, (5 % si l&rsquo;on prend en compte les d\u00e9penses li\u00e9es plus globalement \u00e0 la s\u00e9curit\u00e9) fix\u00e9 fin juin dernier qui r\u00e9clame de porter l&rsquo;effort \u00e0 630 milliards d&rsquo;euros par an.<\/p>\n<p>Croissance des d\u00e9penses d&rsquo;investissement<\/p>\n<p class=\"ap-StoryElement ap-StoryElement--mb ap-StoryText\">En 2024, vingt-quatre \u00c9tats membres ont atteint le seuil de 20 % de d\u00e9penses d&rsquo;investissement pour la d\u00e9fense. Au total, le montant des d\u00e9penses d&rsquo;investissement a augment\u00e9 de 42 % pour d\u00e9passer, pour la premi\u00e8re fois, la barre de 100 milliards d&rsquo;euros. Elles devraient passer de 106 \u00e0 130 milliards en 2025.<\/p>\n<p><a href=\"https:\/\/www.lalibre.be\/international\/europe\/2025\/06\/26\/la-defense-europeenne-pour-les-nuls-tout-savoir-ou-presque-sur-aed-asap-edip-pesco-fpe-readiness-2030-G6EJS2HKOVCW5I475VELULGHUY\/?fbclid=IwY2xjawLwXgJleHRuA2FlbQIxMABicmlkETB4MjRCRHVGUkw5dXBFMkFOAR4bd4AexnOo4xLalTGCsMmOuqWTr2WGTkWTSgjyWnpDML82Jqb3WdSfKthkTg_aem_Sxb0grAZV7dTfL5AZdSj8Q\" target=\"_blank\" rel=\"noopener noreferrer nofollow\" class=\"ap-StoryInterstitialLink ap-StoryElement ap-StoryElement--mb\">AED, Edis, Asap, Edirpa, FPE&#8230; La d\u00e9fense europ\u00e9enne pour les nuls<\/a><\/p>\n<p class=\"ap-StoryElement ap-StoryElement--mb ap-StoryText\">Environ 80 % de ces d\u00e9penses sont consacr\u00e9es \u00e0 l&rsquo;achat de mat\u00e9riel, notamment \u00ab\u00a0sur \u00e9tag\u00e8re\u00a0\u00bb pour r\u00e9pondre aux besoins imm\u00e9diats. Cependant, les d\u00e9penses en mati\u00e8re de recherche et de d\u00e9veloppement enregistrent une hausse significative de 20 % contre 6 % en 2023. Elles s&rsquo;\u00e9l\u00e8vent \u00e0 13 milliards d&rsquo;euros.<\/p>\n<p>Une augmentation beaucoup moindre des effectifs<\/p>\n<p class=\"ap-StoryElement ap-StoryElement--mb ap-StoryText\">Selon l&rsquo;AED, le niveau de d\u00e9pense par membre actif du personnel militaire a atteint 249 000 euros (pour 138 000 euros en 2014). Les d\u00e9penses d&rsquo;investissement par soldat ont \u00e9galement atteint un pic, de m\u00eame que les d\u00e9penses par citoyen pour atteindre 764 euros.<\/p>\n<p class=\"ap-StoryElement ap-StoryElement--mb ap-StoryText\">L&rsquo;AED pointe cependant que si les d\u00e9penses pour la d\u00e9fense ont augment\u00e9 de 19 % en 2024, la croissance des effectifs n&rsquo;a \u00e9t\u00e9, \u00e0 l&rsquo;\u00e9chelle de l&rsquo;UE, que de 1 %. \u00ab\u00a0Accro\u00eetre les investissements sans une croissance correspondante dans le recrutement pourrait finalement cr\u00e9er des difficult\u00e9s pour r\u00e9pondre aux besoins en termes de personnel pour op\u00e9rer et maintenir ces \u00e9quipements\u00a0\u00bb, avertit l&rsquo;agence.<\/p>\n<p>L&rsquo;Europe d\u00e9pense plus, les autres davantage, et mieux<\/p>\n<p class=\"ap-StoryElement ap-StoryElement--mb ap-StoryText\">Si les Europ\u00e9ens d\u00e9pensent davantage pour leur d\u00e9fense, ils restent, dans ce domaine, largement \u00e0 la tra\u00eene des \u00c9tats-Unis. Les pays de l&rsquo;UE ont d\u00e9pens\u00e9 343 milliards d&rsquo;euros, repr\u00e9sentant 1,9 % de leur PIB en 2024 ; les \u00c9tats-Unis 845 milliards, soit 3,1 % de leur PIB. Les Am\u00e9ricains ont consacr\u00e9 l&rsquo;\u00e9quivalent de 149 milliards d&rsquo;euros aux d\u00e9penses de R &amp; D, les Europ\u00e9ens 13.<\/p>\n<p class=\"ap-StoryElement ap-StoryElement--mb ap-StoryText\">L&rsquo;\u00e9cart n&rsquo;est pas que quantitatif : les d\u00e9penses europ\u00e9ennes n&rsquo;\u00e9tant pas centralis\u00e9es, elles sont plus fragment\u00e9es, parfois redondantes, et peuvent poser des probl\u00e8mes d&rsquo;interop\u00e9rabilit\u00e9 entre les divers mod\u00e8les de tanks, de syst\u00e8mes d&rsquo;artillerie, de v\u00e9hicules d&rsquo;infanteries, de fr\u00e9gates, de destroyers et de sous-marins. Les capacit\u00e9s europ\u00e9ennes restent par ailleurs limit\u00e9es en termes de ravitaillement en vol, de transport et a\u00e9rien. \u00ab\u00a0Nous devons absolument coop\u00e9rer \u00e9troitement, faire des \u00e9conomies d&rsquo;\u00e9chelle et accro\u00eetre l&rsquo;interop\u00e9rabilit\u00e9\u00a0\u00bb, insiste Andr\u00e9 Denk, le chef ex\u00e9cutif de l&rsquo;agence (\u00e0 la t\u00eate de laquelle se trouve la cheffe de la diplomatie europ\u00e9enne, Kaja Kallas). Les instruments europ\u00e9ens Edirpa, Edip et Safe doivent contribuer \u00e0 financer et \u00e0 organiser cette coop\u00e9ration.<\/p>\n<p><a href=\"https:\/\/www.lalibre.be\/international\/europe\/2025\/06\/26\/la-defense-europeenne-pour-les-nuls-tout-savoir-ou-presque-sur-aed-asap-edip-pesco-fpe-readiness-2030-G6EJS2HKOVCW5I475VELULGHUY\/?fbclid=IwY2xjawLwXgJleHRuA2FlbQIxMABicmlkETB4MjRCRHVGUkw5dXBFMkFOAR4bd4AexnOo4xLalTGCsMmOuqWTr2WGTkWTSgjyWnpDML82Jqb3WdSfKthkTg_aem_Sxb0grAZV7dTfL5AZdSj8Q\" target=\"_blank\" rel=\"noopener noreferrer nofollow\" class=\"ap-StoryInterstitialLink ap-StoryElement ap-StoryElement--mb\">L&rsquo;Europe serait-elle capable de se d\u00e9fendre seule ? \u00ab\u00a0Nous serions rapidement \u00e0 court de v\u00e9hicules et de munitions\u00a0\u00bb<\/a><\/p>\n<p class=\"ap-StoryElement ap-StoryElement--mb ap-StoryText\">En termes budg\u00e9taires, les 343 milliards de d\u00e9penses europ\u00e9ennes d\u00e9passent celles de la Russie (107 milliards d&rsquo;euros) et de la Chine (250 milliards), mais ces derniers chiffres \u00ab\u00a0doivent \u00eatre interpr\u00e9t\u00e9s avec prudence, pr\u00e9vient l&rsquo;agence. Le co\u00fbt-efficacit\u00e9 des d\u00e9penses de Moscou et P\u00e9kin est sans doute sup\u00e9rieur, notamment gr\u00e2ce \u00e0 des prix domestiques moindres, la planification et moins de fragmentation. De plus la Russie et la Chine ont augment\u00e9 leurs d\u00e9penses \u00e0 un rythme plus \u00e9lev\u00e9 que les Europ\u00e9ens, et depuis 2008. La Russie, enfin, devrait consacrer 6,5 % de son PIB \u00e0 la d\u00e9fense en 2025.<\/p>\n","protected":false},"excerpt":{"rendered":"L&rsquo;objectif des 2 % du PIB de d\u00e9penses en vue En augmentation depuis dix ans, les d\u00e9penses de&hellip;\n","protected":false},"author":2,"featured_media":362121,"comment_status":"","ping_status":"","sticky":false,"template":"","format":"standard","meta":{"footnotes":""},"categories":[1586],"tags":[11,2122,1777,674,1779,1011,27,12,25,1778,364],"class_list":{"0":"post-362120","1":"post","2":"type-post","3":"status-publish","4":"format-standard","5":"has-post-thumbnail","7":"category-europe","8":"tag-actualites","9":"tag-conflit-russie-ukraine","10":"tag-eu","11":"tag-europe","12":"tag-european-union","13":"tag-fr","14":"tag-france","15":"tag-news","16":"tag-republique-francaise","17":"tag-ue","18":"tag-union-europeenne"},"share_on_mastodon":{"url":"https:\/\/pubeurope.com\/@fr\/115137773767596038","error":""},"_links":{"self":[{"href":"https:\/\/www.europesays.com\/fr\/wp-json\/wp\/v2\/posts\/362120","targetHints":{"allow":["GET"]}}],"collection":[{"href":"https:\/\/www.europesays.com\/fr\/wp-json\/wp\/v2\/posts"}],"about":[{"href":"https:\/\/www.europesays.com\/fr\/wp-json\/wp\/v2\/types\/post"}],"author":[{"embeddable":true,"href":"https:\/\/www.europesays.com\/fr\/wp-json\/wp\/v2\/users\/2"}],"replies":[{"embeddable":true,"href":"https:\/\/www.europesays.com\/fr\/wp-json\/wp\/v2\/comments?post=362120"}],"version-history":[{"count":0,"href":"https:\/\/www.europesays.com\/fr\/wp-json\/wp\/v2\/posts\/362120\/revisions"}],"wp:featuredmedia":[{"embeddable":true,"href":"https:\/\/www.europesays.com\/fr\/wp-json\/wp\/v2\/media\/362121"}],"wp:attachment":[{"href":"https:\/\/www.europesays.com\/fr\/wp-json\/wp\/v2\/media?parent=362120"}],"wp:term":[{"taxonomy":"category","embeddable":true,"href":"https:\/\/www.europesays.com\/fr\/wp-json\/wp\/v2\/categories?post=362120"},{"taxonomy":"post_tag","embeddable":true,"href":"https:\/\/www.europesays.com\/fr\/wp-json\/wp\/v2\/tags?post=362120"}],"curies":[{"name":"wp","href":"https:\/\/api.w.org\/{rel}","templated":true}]}}