{"id":362126,"date":"2025-09-03T01:31:10","date_gmt":"2025-09-03T01:31:10","guid":{"rendered":"https:\/\/www.europesays.com\/fr\/362126\/"},"modified":"2025-09-03T01:31:10","modified_gmt":"2025-09-03T01:31:10","slug":"un-policier-condamne-a-13-ans-de-reclusion-pour-viol-au-commissariat-fort-de-france","status":"publish","type":"post","link":"https:\/\/www.europesays.com\/fr\/362126\/","title":{"rendered":"Un policier condamn\u00e9 \u00e0 13 ans de r\u00e9clusion pour viol au commissariat Fort-de-France"},"content":{"rendered":"<p>Le verdict est tomb\u00e9 \u00e0 19 heures ce mardi 2 septembre. L\u2019ex-brigadier-chef jug\u00e9 pour le viol d\u2019une femme sans-papiers au commissariat de Fort-de-France en ao\u00fbt 2023 a \u00e9t\u00e9 condamn\u00e9 \u00e0 13 ans de r\u00e9clusion criminelle. Les magistrats ont suivi les r\u00e9quisitions du parquet.<\/p>\n<p data-start=\"475\" data-end=\"780\">Le policier de 55 ans \u00e9tait accus\u00e9 d\u2019avoir viol\u00e9 une femme d\u2019une trentaine d\u2019ann\u00e9es, originaire de Sainte-Lucie, le 24 ao\u00fbt 2023 dans l\u2019enceinte du commissariat. La plaignante a d\u00e9crit \u00e0 la barre une \u00ab contrainte morale insupportable \u00bb, renforc\u00e9e par sa pr\u00e9carit\u00e9 en tant que sans-papiers en Martinique.<\/p>\n<p data-start=\"815\" data-end=\"1025\">\u00c0 l\u2019issue des d\u00e9lib\u00e9rations, la Cour criminelle d\u00e9partementale a condamn\u00e9 l\u2019accus\u00e9 \u00e0 13 ans de r\u00e9clusion criminelle, assortis de 5 ans d\u2019in\u00e9ligibilit\u00e9 et de son inscription au fichier des d\u00e9linquants sexuels.<\/p>\n<p data-start=\"1058\" data-end=\"1369\">L\u2019avocate de la victime, Ma\u00eetre Corinne Boulogne Yang Ting, avait insist\u00e9 sur les \u00e9l\u00e9ments confortant le t\u00e9moignage de sa cliente :<br data-start=\"1189\" data-end=\"1192\"\/>\u00ab La victime a pu d\u00e9crire une cicatrice que l\u2019accus\u00e9 porte sur ses parties intimes. C\u2019est exactement ce qui a \u00e9t\u00e9 constat\u00e9 \u00e0 l\u2019\u00e9cran. Malgr\u00e9 cela, il est rest\u00e9 dans le d\u00e9ni. \u00bb<\/p>\n<p data-start=\"1414\" data-end=\"1663\">L\u2019avocat du policier, d\u00e9sign\u00e9 tardivement, avait plaid\u00e9 la relaxe, d\u00e9non\u00e7ant un dossier reposant sur la seule parole de la plaignante. Mais les magistrats ont choisi de retenir la version de la victime et de suivre les r\u00e9quisitions de l\u2019avocat g\u00e9n\u00e9ral. L&rsquo;avocat de la d\u00e9fense a fait appel \u00e0 cette d\u00e9cision.<\/p>\n<p data-start=\"1698\" data-end=\"1985\">Ce proc\u00e8s, tr\u00e8s suivi, marque une condamnation rare d\u2019un repr\u00e9sentant de l\u2019autorit\u00e9 publique pour viol commis dans un commissariat. Il pose \u00e9galement la question de la protection des personnes en situation de grande vuln\u00e9rabilit\u00e9, en particulier celles sans statut l\u00e9gal.<\/p>\n","protected":false},"excerpt":{"rendered":"Le verdict est tomb\u00e9 \u00e0 19 heures ce mardi 2 septembre. L\u2019ex-brigadier-chef jug\u00e9 pour le viol d\u2019une femme&hellip;\n","protected":false},"author":2,"featured_media":362127,"comment_status":"","ping_status":"","sticky":false,"template":"","format":"standard","meta":{"footnotes":""},"categories":[4],"tags":[11,1011,27,12,25],"class_list":{"0":"post-362126","1":"post","2":"type-post","3":"status-publish","4":"format-standard","5":"has-post-thumbnail","7":"category-france","8":"tag-actualites","9":"tag-fr","10":"tag-france","11":"tag-news","12":"tag-republique-francaise"},"share_on_mastodon":{"url":"https:\/\/pubeurope.com\/@fr\/115137785557735579","error":""},"_links":{"self":[{"href":"https:\/\/www.europesays.com\/fr\/wp-json\/wp\/v2\/posts\/362126","targetHints":{"allow":["GET"]}}],"collection":[{"href":"https:\/\/www.europesays.com\/fr\/wp-json\/wp\/v2\/posts"}],"about":[{"href":"https:\/\/www.europesays.com\/fr\/wp-json\/wp\/v2\/types\/post"}],"author":[{"embeddable":true,"href":"https:\/\/www.europesays.com\/fr\/wp-json\/wp\/v2\/users\/2"}],"replies":[{"embeddable":true,"href":"https:\/\/www.europesays.com\/fr\/wp-json\/wp\/v2\/comments?post=362126"}],"version-history":[{"count":0,"href":"https:\/\/www.europesays.com\/fr\/wp-json\/wp\/v2\/posts\/362126\/revisions"}],"wp:featuredmedia":[{"embeddable":true,"href":"https:\/\/www.europesays.com\/fr\/wp-json\/wp\/v2\/media\/362127"}],"wp:attachment":[{"href":"https:\/\/www.europesays.com\/fr\/wp-json\/wp\/v2\/media?parent=362126"}],"wp:term":[{"taxonomy":"category","embeddable":true,"href":"https:\/\/www.europesays.com\/fr\/wp-json\/wp\/v2\/categories?post=362126"},{"taxonomy":"post_tag","embeddable":true,"href":"https:\/\/www.europesays.com\/fr\/wp-json\/wp\/v2\/tags?post=362126"}],"curies":[{"name":"wp","href":"https:\/\/api.w.org\/{rel}","templated":true}]}}