{"id":362128,"date":"2025-09-03T01:34:15","date_gmt":"2025-09-03T01:34:15","guid":{"rendered":"https:\/\/www.europesays.com\/fr\/362128\/"},"modified":"2025-09-03T01:34:15","modified_gmt":"2025-09-03T01:34:15","slug":"rugby-plainte-deposee-menard-vise-directeur-general-ecarte-des-turbulences-a-beziers","status":"publish","type":"post","link":"https:\/\/www.europesays.com\/fr\/362128\/","title":{"rendered":"Rugby. Plainte d\u00e9pos\u00e9e, M\u00e9nard vis\u00e9, directeur g\u00e9n\u00e9ral \u00e9cart\u00e9 : des turbulences \u00e0 B\u00e9ziers"},"content":{"rendered":"<p>            Par<br \/>\n        <strong><br \/>\n            <a href=\"https:\/\/actu.fr\/auteur\/clement-mazella\" title=\"Consulter tous les articles de Cl\u00e9ment Mazella\" target=\"_blank\" rel=\"noopener\">Cl\u00e9ment Mazella<\/a><br \/>\n        <\/strong><\/p>\n<p>        Publi\u00e9 le<\/p>\n<p>            2 sept. 2025 \u00e0 16h42        <\/p>\n<p>D\u00e9cid\u00e9ment, les temps calmes sont rares du c\u00f4t\u00e9 de <a href=\"https:\/\/actu.fr\/tag\/as-beziers-herault-rugby\" target=\"_blank\" rel=\"noopener\">B\u00e9ziers<\/a>. En ce d\u00e9but de semaine, <a href=\"https:\/\/www.midilibre.fr\/2025\/09\/01\/tensions-a-lasbh-le-nouveau-directeur-general-de-lasbh-deja-demis-de-ses-fonctions-12904490.php#at_medium=Push&amp;at_campaign=Push-edito&amp;at_topic=rugby-xv&amp;at_gratuit_payant=payant&amp;at_contenu=tensions-a-lasbh-le-nouveau-directeur-general-de-lasbh-deja-demis-de-ses-fonctions::12904490&amp;at_push_date=20250901\" target=\"_blank\" rel=\"noopener\">Midi Libre<\/a> r\u00e9v\u00e9lait que le directeur g\u00e9n\u00e9ral, <strong>Christophe Chollet<\/strong>, nomm\u00e9 le 7 juillet dernier, \u00e9tait \u00e9cart\u00e9 de son poste. Une d\u00e9cision qui en surprenait plus d\u2019un, notamment dans le Biterrois. Chollet a notamment particip\u00e9 le 30 ao\u00fbt dernier \u00e0 l\u2019assembl\u00e9e g\u00e9n\u00e9rale de Rugbiterre, groupe de supporters de B\u00e9ziers, et rien ne laissait entrevoir une telle issue.<\/p>\n<p class=\" wall-content\">Contact\u00e9e par <a href=\"https:\/\/actu.fr\/rugby\/\" target=\"_blank\" rel=\"noopener\">Actu Rugby<\/a>, l\u2019ASBH ne confirmait pas cette information concernant celui qui avait \u00e9t\u00e9 entra\u00eeneur-adjoint sous Jean Anturville lors de la mont\u00e9e du club en Pro D2 en 2011. Chollet connait bien l\u2019institution biterroise, ayant \u00e9t\u00e9 un temps Directeur Sportif. Il est pass\u00e9 par toutes les strates de l\u2019association ASBH, tenue par \u00c9ric Freitas et G\u00e9rard Tugas.<\/p>\n<p>Plainte d\u00e9pos\u00e9e\u00a0<\/p>\n<p class=\" wall-content\">Le d\u00e9part de Christophe Chollet, qui a succ\u00e9d\u00e9 \u00e0 Arthus Baches, ancien directeur de cabinet de Robert M\u00e9nard et qui a int\u00e9gr\u00e9 l\u2019ASBH en 2022, pourrait avoir pour origine indirecte <strong>une plainte d\u00e9pos\u00e9e<\/strong> au c\u0153ur de l\u2019\u00e9t\u00e9 par un contribuable biterrois.<\/p>\n<p class=\" wall-content\">Cette plainte, qu\u2019Actu Rugby a pu consulter, vise les copr\u00e9sidents de l\u2019association ASBH \u00c9ric Freitas et G\u00e9rard Tugas, mais aussi l\u2019\u00e9dile de B\u00e9ziers, Robert M\u00e9nard. Les deux premiers nomm\u00e9s sont accus\u00e9s d\u2019escroquerie, le troisi\u00e8me pour d\u00e9tournement de fonds publics. Avec, en toile de fond, <a href=\"https:\/\/actu.fr\/occitanie\/beziers_34032\/vente-du-club-de-rugby-de-beziers-quand-l-affaire-du-logo-refait-surface_61769852.html\" target=\"_blank\" rel=\"noopener\">la marque ASBH<\/a>, tomb\u00e9e durant des ann\u00e9es dans le domaine public (par non renouvellement aupr\u00e8s de l\u2019Institut National de la Propri\u00e9t\u00e9 Industrielle, NDLR), mais pour laquelle l\u2019association a factur\u00e9 \u00e0 la SASP B\u00e9ziers Rugby (d\u00e9tenue par la mairie) 128 000 euros entre 2021 et 2023 pour\u2026 l\u2019utilisation de la marque ASBH.<\/p>\n<p class=\" wall-content\">Ce contribuable, qui a d\u00e9pos\u00e9 plainte aupr\u00e8s du procureur de la r\u00e9publique de B\u00e9ziers, estime que \u00ab\u00a0les contribuables biterrois ont ind\u00fbment vers\u00e9 128 000 euros \u00e0 l\u2019association ASBH pour utiliser une marque qui \u00e9tait libre de droits, donc gratuite puisque tomb\u00e9e dans le domaine public\u00a0\u00bb.<\/p>\n<p>Christophe Chollet \u00e9cart\u00e9<\/p>\n<p class=\" wall-content\">L\u2019Agence fran\u00e7aise anticorruption, qui a re\u00e7u un signalement \u00e0 la suite de ce d\u00e9p\u00f4t de plainte, a ouvert une enqu\u00eate et suivrait tout particuli\u00e8rement le dossier. Ce que verrait d\u2019un mauvais \u0153il Robert M\u00e9nard, \u00e0 sept mois des prochaines \u00e9lections municipales.<\/p>\n<p class=\" wall-content\">M\u00e9nard aurait demand\u00e9 des comptes, et notamment le remboursement de cette somme, aux deux copr\u00e9sidents de l\u2019association. Qui auraient refus\u00e9. Christophe Chollet, lui, proche de Freitas et Tugas, et qui a \u00e9t\u00e9 d\u00e9sign\u00e9 le 7 juillet dernier pour favoriser les synergies entre le secteur professionnel et l\u2019association, n\u2019aurait pas agi dans le sens de M\u00e9nard, la mairie d\u00e9tenant toujours 2% des parts du club apr\u00e8s <a href=\"https:\/\/actu.fr\/occitanie\/beziers_34032\/officiel-le-club-de-beziers-est-vendu-la-mairie-revend-l-asbh-aux-gens-qu-il-faut_61836322.html\" target=\"_blank\" rel=\"noopener\">la vente de l\u2019ASBH en novembre 2024<\/a>. Chollet aurait donc pay\u00e9 sa prise de position.\u00a0<\/p>\n<p>Votre r\u00e9gion, votre actu !<\/p>\n<p>Recevez chaque jour les infos qui comptent pour vous.<\/p>\n<p>\t<a href=\"https:\/\/actu.fr\/newsletter\" class=\"ac-btn ac-btn--corner ac-btn--medium ac-btn--blue800\" target=\"_blank\" rel=\"noopener\">S&rsquo;incrire<\/a><\/p>\n<p class=\" wall-content\">Contact\u00e9 par Actu Rugby, le cabinet de Robert M\u00e9nard n\u2019a pas r\u00e9pondu \u00e0 nos sollicitations.\u00a0<\/p>\n<p class=\" wall-content\">Personnalisez votre actualit\u00e9 en ajoutant vos villes et m\u00e9dias en favori avec <a href=\"https:\/\/moncompte.actu.fr\" title=\"D\u00e9couvez Mon Actu\" rel=\"nofollow noopener\" data-trk=\"{&quot;cta&quot;:{&quot;action&quot;:&quot;https:\\\/\\\/moncompte.actu.fr&quot;,&quot;category&quot;:&quot;mon compte&quot;,&quot;from&quot;:&quot;article footer&quot;,&quot;name&quot;:&quot;Mon actu&quot;,&quot;type&quot;:&quot;cta&quot;}}\" target=\"_blank\">Mon Actu<\/a>.<\/p>\n","protected":false},"excerpt":{"rendered":"Par Cl\u00e9ment Mazella Publi\u00e9 le 2 sept. 2025 \u00e0 16h42 D\u00e9cid\u00e9ment, les temps calmes sont rares du c\u00f4t\u00e9&hellip;\n","protected":false},"author":2,"featured_media":362129,"comment_status":"","ping_status":"","sticky":false,"template":"","format":"standard","meta":{"footnotes":""},"categories":[1416],"tags":[49731,1011,27,2308,479,1468,60],"class_list":{"0":"post-362128","1":"post","2":"type-post","3":"status-publish","4":"format-standard","5":"has-post-thumbnail","7":"category-rugby","8":"tag-as-beziers-herault-rugby","9":"tag-fr","10":"tag-france","11":"tag-pro-d2","12":"tag-rugby","13":"tag-rugby-football","14":"tag-sports"},"share_on_mastodon":{"url":"https:\/\/pubeurope.com\/@fr\/115137797358727462","error":""},"_links":{"self":[{"href":"https:\/\/www.europesays.com\/fr\/wp-json\/wp\/v2\/posts\/362128","targetHints":{"allow":["GET"]}}],"collection":[{"href":"https:\/\/www.europesays.com\/fr\/wp-json\/wp\/v2\/posts"}],"about":[{"href":"https:\/\/www.europesays.com\/fr\/wp-json\/wp\/v2\/types\/post"}],"author":[{"embeddable":true,"href":"https:\/\/www.europesays.com\/fr\/wp-json\/wp\/v2\/users\/2"}],"replies":[{"embeddable":true,"href":"https:\/\/www.europesays.com\/fr\/wp-json\/wp\/v2\/comments?post=362128"}],"version-history":[{"count":0,"href":"https:\/\/www.europesays.com\/fr\/wp-json\/wp\/v2\/posts\/362128\/revisions"}],"wp:featuredmedia":[{"embeddable":true,"href":"https:\/\/www.europesays.com\/fr\/wp-json\/wp\/v2\/media\/362129"}],"wp:attachment":[{"href":"https:\/\/www.europesays.com\/fr\/wp-json\/wp\/v2\/media?parent=362128"}],"wp:term":[{"taxonomy":"category","embeddable":true,"href":"https:\/\/www.europesays.com\/fr\/wp-json\/wp\/v2\/categories?post=362128"},{"taxonomy":"post_tag","embeddable":true,"href":"https:\/\/www.europesays.com\/fr\/wp-json\/wp\/v2\/tags?post=362128"}],"curies":[{"name":"wp","href":"https:\/\/api.w.org\/{rel}","templated":true}]}}