{"id":362131,"date":"2025-09-03T01:37:18","date_gmt":"2025-09-03T01:37:18","guid":{"rendered":"https:\/\/www.europesays.com\/fr\/362131\/"},"modified":"2025-09-03T01:37:18","modified_gmt":"2025-09-03T01:37:18","slug":"moto-gp-coup-double-pour-les-francais-quartararo-et-zarco-en-hongrie","status":"publish","type":"post","link":"https:\/\/www.europesays.com\/fr\/362131\/","title":{"rendered":"Moto GP | Coup double pour les Fran\u00e7ais Quartararo et Zarco en Hongrie"},"content":{"rendered":"<p><strong>Le Grand Prix de Hongrie prend place ce week-end en Moto GP. L\u2019occasion pour nos Fran\u00e7ais de montrer de quel bois ils se chauffent. Pas besoin d\u2019attendre le Grand Prix d\u2019ailleurs : d\u00e8s la course sprint, ils ont montr\u00e9 qui \u00e9taient les patrons.<\/strong><\/p>\n<p>Une course rapide mais efficace<\/p>\n<p>Pour les adeptes de Formule 1, nous ne sommes pas au classique Hungaroring mais sur le circuit du Balaton Park. Une premi\u00e8re dans l\u2019histoire de la Moto GP. Et pour inaugurer ce circuit, nos Fran\u00e7ais ont fait fort. Fabio Quartararo, <a href=\"https:\/\/www.autohebdo.fr\/actualites\/motogp\/quartararo-simpatiente-face-a-yamaha-ils-ont-encore-quelques-mois.html\" target=\"_blank\" rel=\"noopener\">en conflit ouvert avec sa Yamaha<\/a>, r\u00e9ussit tout de m\u00eame une qualification int\u00e9ressante alors qu\u2019il gal\u00e9rait jusque-l\u00e0 : 6e place sur la grille.<\/p>\n<p>Comme il sait qu\u2019avec sa Yamaha il sera difficile de doubler \u00e0 la r\u00e9guli\u00e8re pendant la course, il prend une d\u00e9cision radicale : tout miser sur le d\u00e9part. Strat\u00e9gie r\u00e9ussie, il s\u2019envole et revient \u00e0 la hauteur de Fabio Di Giannantonio. Enfin, \u00e0 la hauteur. Il revient m\u00eame litt\u00e9ralement dessus. En tentant de reprendre le contr\u00f4le, il rebondit sur Enea Bastianini et s\u2019envoie d\u00e9licatement dans les graviers. Sa course est termin\u00e9e avant m\u00eame d\u2019avoir commenc\u00e9.<\/p>\n<blockquote class=\"twitter-tweet\" data-media-max-width=\"560\">\n<p dir=\"ltr\" lang=\"fr\">D\u00e9part de la course sprint \u00e0 Balaton Park ! \ud83d\udd25\ud83c\udded\ud83c\uddfa<a href=\"https:\/\/twitter.com\/hashtag\/HungarianGP?src=hash&amp;ref_src=twsrc%5Etfw\" target=\"_blank\" rel=\"noopener\">#HungarianGP<\/a> | <a href=\"https:\/\/twitter.com\/hashtag\/MotoGP?src=hash&amp;ref_src=twsrc%5Etfw\" target=\"_blank\" rel=\"noopener\">#MotoGP<\/a> <a href=\"https:\/\/t.co\/D7wyftcwNP\">pic.twitter.com\/D7wyftcwNP<\/a><\/p>\n<p>\u2014 CANAL+ MotoGP\u2122 (@CanalplusMotoGP) <a href=\"https:\/\/twitter.com\/CanalplusMotoGP\/status\/1959240494254293503?ref_src=twsrc%5Etfw\" target=\"_blank\" rel=\"noopener\">August 23, 2025<\/a><\/p>\n<\/blockquote>\n<blockquote class=\"twitter-tweet\" data-media-max-width=\"560\">\n<p dir=\"ltr\" lang=\"en\">Fabio Quartararo\u2019s incident from more angles \ud83d\udc47 <a href=\"https:\/\/twitter.com\/hashtag\/HungarianGP?src=hash&amp;ref_src=twsrc%5Etfw\" target=\"_blank\" rel=\"noopener\">#HungarianGP<\/a> \ud83c\udded\ud83c\uddfa <a href=\"https:\/\/t.co\/gEBzJ8apQf\">pic.twitter.com\/gEBzJ8apQf<\/a><\/p>\n<p>\u2014 MotoGP\u2122\ud83c\udfc1 (@MotoGP) <a href=\"https:\/\/twitter.com\/MotoGP\/status\/1959241035772555746?ref_src=twsrc%5Etfw\" target=\"_blank\" rel=\"noopener\">August 23, 2025<\/a><\/p>\n<\/blockquote>\n<p>Mais qu\u2019en est-il de notre second compatriote sur la grille, Johann Zarco ? <a href=\"https:\/\/fflose.com\/moto-endurance-la-prouesse-inacceptable-de-johann-zarco-a-suzuka\/\" target=\"_blank\" rel=\"noopener\">Celui qui nous a fait honte au Japon<\/a> devait se rattraper. Une qualification rat\u00e9e plus tard, il avait d\u00e9j\u00e0 fait la moiti\u00e9 du travail. Et c\u2019est Bastianini qui va l\u2019aider \u00e0 terminer son oeuvre. L\u2019Italien, qui vient de voir sa course ruin\u00e9e par un Fran\u00e7ais, d\u00e9cide de se venger contre notre pays. Il fait \u00e0 Zarco ce que Quartararo vient de lui faire. Il prend un virage trop vite, trop court et d\u00e9boule comme un p\u00e9lican sur la roue arri\u00e8re de Zarco. La chute est in\u00e9vitable. Au 4e virage de la course sprint, il n\u2019y a d\u00e9j\u00e0 plus de Fran\u00e7ais. On peut retourner profiter de notre apr\u00e8s-midi, c\u2019est pas beau la vie ?<\/p>\n<blockquote class=\"twitter-tweet\" data-media-max-width=\"560\">\n<p dir=\"ltr\" lang=\"fr\">Apr\u00e8s Quartararo, c\u2019est Johann Zarco qui chute ! \ud83d\ude22\ud83c\uddeb\ud83c\uddf7<a href=\"https:\/\/twitter.com\/hashtag\/HungarianGP?src=hash&amp;ref_src=twsrc%5Etfw\" target=\"_blank\" rel=\"noopener\">#HungarianGP<\/a> | <a href=\"https:\/\/twitter.com\/hashtag\/MotoGP?src=hash&amp;ref_src=twsrc%5Etfw\" target=\"_blank\" rel=\"noopener\">#MotoGP<\/a> <a href=\"https:\/\/t.co\/uiaEV9t1G2\">pic.twitter.com\/uiaEV9t1G2<\/a><\/p>\n<p>\u2014 CANAL+ MotoGP\u2122 (@CanalplusMotoGP) <a href=\"https:\/\/twitter.com\/CanalplusMotoGP\/status\/1959241084002791771?ref_src=twsrc%5Etfw\" target=\"_blank\" rel=\"noopener\">August 23, 2025<\/a><\/p>\n<\/blockquote>\n<p>                         <a href=\"https:\/\/fflose.com\/author\/antoined\/\" class=\"url\" title=\"Antoine\" target=\"_blank\" rel=\"noopener\"> <img decoding=\"async\" src=\"https:\/\/fflose.com\/wp-content\/uploads\/gravatar\/capture-d\u2019e\u0301cran-2020-04-16-a\u0300-09.36.23.png\" class=\"photo\" width=\"250\" alt=\"Antoine\"\/><\/a> <\/p>\n<p>\u0152il de Sauron en chef de la FFL. J&rsquo;ai connu la France sans \u00e9toile sur le maillot et le LOSC en Ligue 2.<\/p>\n<p> <a href=\"https:\/\/fflose.com\/author\/antoined\/\" class=\"url\" title=\"Antoine\" target=\"_blank\" rel=\"noopener\"><img decoding=\"async\" src=\"https:\/\/fflose.com\/wp-content\/uploads\/gravatar\/capture-d\u2019e\u0301cran-2020-04-16-a\u0300-09.36.23.png\" class=\"photo\" width=\"250\" alt=\"Antoine\"\/><\/a>Les derniers articles par Antoine (<a href=\"https:\/\/fflose.com\/author\/antoined\/\" target=\"_blank\" rel=\"noopener\">tout voir<\/a>)  <\/p>\n<p><script async src=\"https:\/\/platform.twitter.com\/widgets.js\" charset=\"utf-8\"><\/script><\/p>\n","protected":false},"excerpt":{"rendered":"Le Grand Prix de Hongrie prend place ce week-end en Moto GP. L\u2019occasion pour nos Fran\u00e7ais de montrer&hellip;\n","protected":false},"author":2,"featured_media":362132,"comment_status":"","ping_status":"","sticky":false,"template":"","format":"standard","meta":{"footnotes":""},"categories":[1413],"tags":[1011,27,1457,1456,60],"class_list":{"0":"post-362131","1":"post","2":"type-post","3":"status-publish","4":"format-standard","5":"has-post-thumbnail","7":"category-moto","8":"tag-fr","9":"tag-france","10":"tag-moto","11":"tag-motocycle","12":"tag-sports"},"share_on_mastodon":{"url":"https:\/\/pubeurope.com\/@fr\/115137809600506883","error":""},"_links":{"self":[{"href":"https:\/\/www.europesays.com\/fr\/wp-json\/wp\/v2\/posts\/362131","targetHints":{"allow":["GET"]}}],"collection":[{"href":"https:\/\/www.europesays.com\/fr\/wp-json\/wp\/v2\/posts"}],"about":[{"href":"https:\/\/www.europesays.com\/fr\/wp-json\/wp\/v2\/types\/post"}],"author":[{"embeddable":true,"href":"https:\/\/www.europesays.com\/fr\/wp-json\/wp\/v2\/users\/2"}],"replies":[{"embeddable":true,"href":"https:\/\/www.europesays.com\/fr\/wp-json\/wp\/v2\/comments?post=362131"}],"version-history":[{"count":0,"href":"https:\/\/www.europesays.com\/fr\/wp-json\/wp\/v2\/posts\/362131\/revisions"}],"wp:featuredmedia":[{"embeddable":true,"href":"https:\/\/www.europesays.com\/fr\/wp-json\/wp\/v2\/media\/362132"}],"wp:attachment":[{"href":"https:\/\/www.europesays.com\/fr\/wp-json\/wp\/v2\/media?parent=362131"}],"wp:term":[{"taxonomy":"category","embeddable":true,"href":"https:\/\/www.europesays.com\/fr\/wp-json\/wp\/v2\/categories?post=362131"},{"taxonomy":"post_tag","embeddable":true,"href":"https:\/\/www.europesays.com\/fr\/wp-json\/wp\/v2\/tags?post=362131"}],"curies":[{"name":"wp","href":"https:\/\/api.w.org\/{rel}","templated":true}]}}