{"id":362133,"date":"2025-09-03T01:38:20","date_gmt":"2025-09-03T01:38:20","guid":{"rendered":"https:\/\/www.europesays.com\/fr\/362133\/"},"modified":"2025-09-03T01:38:20","modified_gmt":"2025-09-03T01:38:20","slug":"lintegrale-de-rothen-senflamme-du-mardi-2-septembre-2025","status":"publish","type":"post","link":"https:\/\/www.europesays.com\/fr\/362133\/","title":{"rendered":"L&rsquo;int\u00e9grale de Rothen s&rsquo;enflamme du mardi 2 septembre 2025"},"content":{"rendered":"<p>La deuxi\u00e8me heure en int\u00e9gralit\u00e9 de l&rsquo;\u00e9mission \u00ab Rothen s\u2019enflamme \u00bb, le rendez-vous qui vous plonge dans un vestiaire de foot. Tous les soirs, des anciens joueurs professionnels analysent et d\u00e9battent autour de l\u2019actualit\u00e9 du foot. J\u00e9r\u00f4me Rothen anime des d\u00e9bats enflamm\u00e9s avec sa Dream Team compos\u00e9e de Christophe Dugarry, Emmanuel Petit, Jean-Michel Larqu\u00e9, Eric di Meco, Pascal Olmeta, J\u00e9r\u00e9my Menez et deux recrues : Andy Delort et Steve Savidan. Julien Cazarre propose son journal du foot : Le Cazarre enchain\u00e9 ainsi qu\u2019un quizz Rothen contre le reste du monde.<\/p>\n<p>La deuxi\u00e8me heure en int\u00e9gralit\u00e9 de l&rsquo;\u00e9mission \u00ab Rothen s\u2019enflamme \u00bb, le rendez-vous qui vous plonge dans un vestiaire de foot. Tous les soirs, des anciens joueurs professionnels analysent et d\u00e9battent autour de l\u2019actualit\u00e9 du foot. J\u00e9r\u00f4me Rothen anime des d\u00e9bats enflamm\u00e9s avec sa Dream Team compos\u00e9e de Christophe Dugarry, Emmanuel Petit, Jean-Michel Larqu\u00e9, Eric di Meco, Pascal Olmeta, J\u00e9r\u00e9my Menez et deux recrues : Andy Delort et Steve Savidan. Julien Cazarre propose son journal du foot : Le Cazarre enchain\u00e9 ainsi qu\u2019un quizz Rothen contre le reste du monde.<\/p>\n<p>La deuxi\u00e8me heure en int\u00e9gralit\u00e9 de l&rsquo;\u00e9mission \u00ab Rothen s\u2019enflamme \u00bb, le rendez-vous qui vous plonge dans un vestiaire de foot. Tous les soirs, des anciens joueurs professionnels analysent et d\u00e9battent autour de l\u2019actualit\u00e9 du foot. J\u00e9r\u00f4me Rothen anime des d\u00e9bats enflamm\u00e9s avec sa Dream Team compos\u00e9e de Christophe Dugarry, Emmanuel Petit, Jean-Michel Larqu\u00e9, Eric di Meco, Pascal Olmeta, J\u00e9r\u00e9my Menez et deux recrues : Andy Delort et Steve Savidan. Julien Cazarre propose son journal du foot : Le Cazarre enchain\u00e9 ainsi qu\u2019un quizz Rothen contre le reste du monde.<\/p>\n<p>La deuxi\u00e8me heure en int\u00e9gralit\u00e9 de l&rsquo;\u00e9mission \u00ab Rothen s\u2019enflamme \u00bb, le rendez-vous qui vous plonge dans un vestiaire de foot. Tous les soirs, des anciens joueurs professionnels analysent et d\u00e9battent autour de l\u2019actualit\u00e9 du foot. J\u00e9r\u00f4me Rothen anime des d\u00e9bats enflamm\u00e9s avec sa Dream Team compos\u00e9e de Christophe Dugarry, Emmanuel Petit, Jean-Michel Larqu\u00e9, Eric di Meco, Pascal Olmeta, J\u00e9r\u00e9my Menez et deux recrues : Andy Delort et Steve Savidan. Julien Cazarre propose son journal du foot : Le Cazarre enchain\u00e9 ainsi qu\u2019un quizz Rothen contre le reste du monde.<\/p>\n<p>La deuxi\u00e8me heure en int\u00e9gralit\u00e9 de l&rsquo;\u00e9mission \u00ab Rothen s\u2019enflamme \u00bb, le rendez-vous qui vous plonge dans un vestiaire de foot. Tous les soirs, des anciens joueurs professionnels analysent et d\u00e9battent autour de l\u2019actualit\u00e9 du foot. J\u00e9r\u00f4me Rothen anime des d\u00e9bats enflamm\u00e9s avec sa Dream Team compos\u00e9e de Christophe Dugarry, Emmanuel Petit, Jean-Michel Larqu\u00e9, Eric di Meco, Pascal Olmeta, J\u00e9r\u00e9my Menez et deux recrues : Andy Delort et Steve Savidan. Julien Cazarre propose son journal du foot : Le Cazarre enchain\u00e9 ainsi qu\u2019un quizz Rothen contre le reste du monde.<\/p>\n<p>La deuxi\u00e8me heure en int\u00e9gralit\u00e9 de l&rsquo;\u00e9mission \u00ab Rothen s\u2019enflamme \u00bb, le rendez-vous qui vous plonge dans un vestiaire de foot. Tous les soirs, des anciens joueurs professionnels analysent et d\u00e9battent autour de l\u2019actualit\u00e9 du foot. J\u00e9r\u00f4me Rothen anime des d\u00e9bats enflamm\u00e9s avec sa Dream Team compos\u00e9e de Christophe Dugarry, Emmanuel Petit, Jean-Michel Larqu\u00e9, Eric di Meco, Pascal Olmeta, J\u00e9r\u00e9my Menez et deux recrues : Andy Delort et Steve Savidan. Julien Cazarre propose son journal du foot : Le Cazarre enchain\u00e9 ainsi qu\u2019un quizz Rothen contre le reste du monde.<\/p>\n<p>La deuxi\u00e8me heure en int\u00e9gralit\u00e9 de l&rsquo;\u00e9mission \u00ab Rothen s\u2019enflamme \u00bb, le rendez-vous qui vous plonge dans un vestiaire de foot. Tous les soirs, des anciens joueurs professionnels analysent et d\u00e9battent autour de l\u2019actualit\u00e9 du foot. J\u00e9r\u00f4me Rothen anime des d\u00e9bats enflamm\u00e9s avec sa Dream Team compos\u00e9e de Christophe Dugarry, Emmanuel Petit, Jean-Michel Larqu\u00e9, Eric di Meco, Pascal Olmeta, J\u00e9r\u00e9my Menez et deux recrues : Andy Delort et Steve Savidan. Julien Cazarre propose son journal du foot : Le Cazarre enchain\u00e9 ainsi qu\u2019un quizz Rothen contre le reste du monde.<\/p>\n<p>Apr\u00e8s l&rsquo;interview de Jean-Louis Leca, directeur sportif du RC Lens, J\u00e9r\u00f4me Rothen lance un appel aux dirigeants auxerrois.<\/p>\n<p>La premi\u00e8re heure en int\u00e9gralit\u00e9 de l&rsquo;\u00e9mission \u00ab Rothen s\u2019enflamme \u00bb, le rendez-vous qui vous plonge dans un vestiaire de foot. Tous les soirs, des anciens joueurs professionnels analysent et d\u00e9battent autour de l\u2019actualit\u00e9 du foot. J\u00e9r\u00f4me Rothen anime des d\u00e9bats enflamm\u00e9s avec sa Dream Team compos\u00e9e de Christophe Dugarry, Emmanuel Petit, Jean-Michel Larqu\u00e9, Eric di Meco, Pascal Olmeta, J\u00e9r\u00e9my Menez et deux recrues : Andy Delort et Steve Savidan. Julien Cazarre propose son journal du foot : Le Cazarre enchain\u00e9 ainsi qu\u2019un quizz Rothen contre le reste du monde.<\/p>\n","protected":false},"excerpt":{"rendered":"La deuxi\u00e8me heure en int\u00e9gralit\u00e9 de l&rsquo;\u00e9mission \u00ab Rothen s\u2019enflamme \u00bb, le rendez-vous qui vous plonge dans un&hellip;\n","protected":false},"author":2,"featured_media":362134,"comment_status":"","ping_status":"","sticky":false,"template":"","format":"standard","meta":{"footnotes":""},"categories":[1412],"tags":[1451,1452,1453,1454,1455,1011,27,60],"class_list":{"0":"post-362133","1":"post","2":"type-post","3":"status-publish","4":"format-standard","5":"has-post-thumbnail","7":"category-f1","8":"tag-f1","9":"tag-formula-1","10":"tag-formula1","11":"tag-formule-1","12":"tag-formule1","13":"tag-fr","14":"tag-france","15":"tag-sports"},"share_on_mastodon":{"url":"https:\/\/pubeurope.com\/@fr\/115137813130803782","error":""},"_links":{"self":[{"href":"https:\/\/www.europesays.com\/fr\/wp-json\/wp\/v2\/posts\/362133","targetHints":{"allow":["GET"]}}],"collection":[{"href":"https:\/\/www.europesays.com\/fr\/wp-json\/wp\/v2\/posts"}],"about":[{"href":"https:\/\/www.europesays.com\/fr\/wp-json\/wp\/v2\/types\/post"}],"author":[{"embeddable":true,"href":"https:\/\/www.europesays.com\/fr\/wp-json\/wp\/v2\/users\/2"}],"replies":[{"embeddable":true,"href":"https:\/\/www.europesays.com\/fr\/wp-json\/wp\/v2\/comments?post=362133"}],"version-history":[{"count":0,"href":"https:\/\/www.europesays.com\/fr\/wp-json\/wp\/v2\/posts\/362133\/revisions"}],"wp:featuredmedia":[{"embeddable":true,"href":"https:\/\/www.europesays.com\/fr\/wp-json\/wp\/v2\/media\/362134"}],"wp:attachment":[{"href":"https:\/\/www.europesays.com\/fr\/wp-json\/wp\/v2\/media?parent=362133"}],"wp:term":[{"taxonomy":"category","embeddable":true,"href":"https:\/\/www.europesays.com\/fr\/wp-json\/wp\/v2\/categories?post=362133"},{"taxonomy":"post_tag","embeddable":true,"href":"https:\/\/www.europesays.com\/fr\/wp-json\/wp\/v2\/tags?post=362133"}],"curies":[{"name":"wp","href":"https:\/\/api.w.org\/{rel}","templated":true}]}}