{"id":362135,"date":"2025-09-03T01:39:16","date_gmt":"2025-09-03T01:39:16","guid":{"rendered":"https:\/\/www.europesays.com\/fr\/362135\/"},"modified":"2025-09-03T01:39:16","modified_gmt":"2025-09-03T01:39:16","slug":"froome-a-frole-la-mort","status":"publish","type":"post","link":"https:\/\/www.europesays.com\/fr\/362135\/","title":{"rendered":"Froome a fr\u00f4l\u00e9 la mort"},"content":{"rendered":"<p class=\"date\">\n                                                            Aur\u00e9lie Sacchelli, Media365, publi\u00e9 le mardi 02 septembre 2025 \u00e0 18h58\n                                                    <\/p>\n<p>Dans une interview accord\u00e9e au Times, la compagne de Chris Froome a confi\u00e9 que le coureur, victime d&rsquo;un grave accident la semaine pass\u00e9e, avait fr\u00f4l\u00e9 la mort, car des membranes entourant son coeur ont \u00e9t\u00e9 d\u00e9chir\u00e9es suite au choc.<\/p>\n<p>Chris Froome a bien failli perdre la vie mercredi dernier sur les routes du Var. C&rsquo;est la r\u00e9v\u00e9lation qu&rsquo;a faite ce mardi dans les colonnes du Times sa compagne Michelle Cound. Le coureur de 40 ans a, selon les informations de Var-Matin, percut\u00e9 un poteau apr\u00e8s avoir \u00e9t\u00e9 d\u00e9s\u00e9quilibr\u00e9 par un terre-plein. Ses blessures sont graves (pneumothorax, cinq c\u00f4tes cass\u00e9es et fracture d&rsquo;une vert\u00e8bre lombaire), comme l&rsquo;avait fait savoir son entourage le lendemain, mais elles auraient pu \u00eatre mortelles.<strong> Michelle Cound a en effet r\u00e9v\u00e9l\u00e9 que les m\u00e9decins avaient d\u00e9couvert que Froome avait \u00e9galement subi une d\u00e9chirure des membranes p\u00e9ricardiques entourant son c\u0153ur<\/strong>, une blessure qui arrive souvent en cas d&rsquo;accident de la route et qui peut potentiellement \u00eatre fatale. \u00ab\u00a0C&rsquo;est \u00e9videmment bien plus grave que quelques fractures. Il ne fera pas de v\u00e9lo pendant un certain temps, la convalescence sera longue\u00a0\u00bb, confie celle qui partage la vie du quadruple vainqueur du Tour de France depuis 2009, et est la m\u00e8re de ses deux enfants de 9 et 7 ans.<\/p>\n<p>Froome avait d\u00e9j\u00e0 fr\u00f4l\u00e9 la mort en 2019<\/p>\n<p>Cela fait deux fois que Chris Froome fr\u00f4le la mort, et cela va peut-\u00eatre pousser le cycliste de 40 ans \u00e0 ranger son v\u00e9lo. En juin 2019, lors de la reconnaissance du contre-la-montre du Crit\u00e9rium du Dauphin\u00e9, le Britannique avait lourdement chut\u00e9 et s&rsquo;\u00e9tait fractur\u00e9 le f\u00e9mur, le coude, la hanche, une vert\u00e8bre, le sternum, et plusieurs c\u00f4tes, et avait perdu deux litres de sang. Le coureur d&rsquo;Isra\u00ebl-Premier Tech n&rsquo;a jamais retrouv\u00e9 son niveau depuis (aucune victoire, la derni\u00e8re datant du Giro 2018), mais il avait d\u00e9cid\u00e9 de poursuivre sa carri\u00e8re au moins jusqu&rsquo;en 2025 et r\u00eavait de disputer la Vuelta. <strong>Il sera en fin de contrat au 31 d\u00e9cembre et le revoir en comp\u00e9tition rel\u00e8verait d\u00e9sormais du miracle<\/strong>, car il semble assez peu probable qu&rsquo;une \u00e9quipe lui offre un contrat, m\u00eame s&rsquo;il souhaitait poursuivre sa carri\u00e8re.<\/p>\n","protected":false},"excerpt":{"rendered":"Aur\u00e9lie Sacchelli, Media365, publi\u00e9 le mardi 02 septembre 2025 \u00e0 18h58 Dans une interview accord\u00e9e au Times, la&hellip;\n","protected":false},"author":2,"featured_media":362136,"comment_status":"","ping_status":"","sticky":false,"template":"","format":"standard","meta":{"footnotes":""},"categories":[1411],"tags":[1154,207,1011,27,60],"class_list":{"0":"post-362135","1":"post","2":"type-post","3":"status-publish","4":"format-standard","5":"has-post-thumbnail","7":"category-cyclisme","8":"tag-cycling","9":"tag-cyclisme","10":"tag-fr","11":"tag-france","12":"tag-sports"},"share_on_mastodon":{"url":"https:\/\/pubeurope.com\/@fr\/115137817104102858","error":""},"_links":{"self":[{"href":"https:\/\/www.europesays.com\/fr\/wp-json\/wp\/v2\/posts\/362135","targetHints":{"allow":["GET"]}}],"collection":[{"href":"https:\/\/www.europesays.com\/fr\/wp-json\/wp\/v2\/posts"}],"about":[{"href":"https:\/\/www.europesays.com\/fr\/wp-json\/wp\/v2\/types\/post"}],"author":[{"embeddable":true,"href":"https:\/\/www.europesays.com\/fr\/wp-json\/wp\/v2\/users\/2"}],"replies":[{"embeddable":true,"href":"https:\/\/www.europesays.com\/fr\/wp-json\/wp\/v2\/comments?post=362135"}],"version-history":[{"count":0,"href":"https:\/\/www.europesays.com\/fr\/wp-json\/wp\/v2\/posts\/362135\/revisions"}],"wp:featuredmedia":[{"embeddable":true,"href":"https:\/\/www.europesays.com\/fr\/wp-json\/wp\/v2\/media\/362136"}],"wp:attachment":[{"href":"https:\/\/www.europesays.com\/fr\/wp-json\/wp\/v2\/media?parent=362135"}],"wp:term":[{"taxonomy":"category","embeddable":true,"href":"https:\/\/www.europesays.com\/fr\/wp-json\/wp\/v2\/categories?post=362135"},{"taxonomy":"post_tag","embeddable":true,"href":"https:\/\/www.europesays.com\/fr\/wp-json\/wp\/v2\/tags?post=362135"}],"curies":[{"name":"wp","href":"https:\/\/api.w.org\/{rel}","templated":true}]}}