{"id":362137,"date":"2025-09-03T01:40:18","date_gmt":"2025-09-03T01:40:18","guid":{"rendered":"https:\/\/www.europesays.com\/fr\/362137\/"},"modified":"2025-09-03T01:40:18","modified_gmt":"2025-09-03T01:40:18","slug":"psg-transfert-a-8me-les-revelations-de-la-presse-etrangere","status":"publish","type":"post","link":"https:\/\/www.europesays.com\/fr\/362137\/","title":{"rendered":"PSG &#8211; Transfert \u00e0 8M\u20ac : Les r\u00e9v\u00e9lations de la presse \u00e9trang\u00e8re !"},"content":{"rendered":"<p>                    Thibault Morlain<br \/>\n                        &#8211;<\/p>\n<p>Journaliste<\/p>\n<p>Apr\u00e8s s\u2019\u00eatre essay\u00e9 \u00e0 diff\u00e9rents sports, Thibault se tourne vers une carri\u00e8re de footballeur amateur. Au moment de faire un choix entre devenir footballeur professionnel et journaliste, les qualit\u00e9s ont fait pencher la balance d\u2019un c\u00f4t\u00e9. Le voil\u00e0 d\u00e9sormais au sein de la r\u00e9daction du 10 Sport, apr\u00e8s un dipl\u00f4me obtenu \u00e0 l\u2019Institut International de Communication de Paris.<\/p>\n<p class=\"heading\">De retour d\u2019un pr\u00eat \u00e0 Aston Villa, Marco Asensio a quitt\u00e9 d\u00e9finitivement le PSG lors de ce mercato estival. En effet, ce lundi, l\u2019Espagnol a \u00e9t\u00e9 transf\u00e9r\u00e9 \u00e0 Fenerbahce. S\u2019il avait \u00e9t\u00e9 question d\u2019un retour chez les Villans, le milieu offensif a donc rejoint la Turquie. Un choix d\u2019Asensio \u00e0 propos duquel la presse espagnol nous en apprend plus.\n<\/p>\n<p>A 29 ans, <strong>Marco Asensio<\/strong> est d\u00e9sormais un joueur de <strong>Fenerbahce<\/strong> \u00e0 part enti\u00e8re. Vendu 8M\u20ac par le <a href=\"https:\/\/le10sport.com\/football\/ligue1\/psg\/psg-une-star-transferee-le-coup-de-derniere-minute-du-qatar-confirme-756510\" rel=\"nofollow noopener\" target=\"_blank\">PSG<\/a>, l\u2019Espagnol va donc poursuivre sa carri\u00e8re en Turquie. Un transfert \u00e0 propos duquel <strong>Asensio<\/strong> confiait ce lundi : \u00ab\u00a0Je suis tr\u00e8s heureux d&rsquo;\u00eatre ici. J&rsquo;ai h\u00e2te de jouer devant nos supporters dans ce stade\u00a0\u00bb. <\/p>\n<p>                                            Aston Villa se retire, direction Fenerbahce ! <\/p>\n<p>Marca en a d\u2019ailleurs dit plus sur le d\u00e9part de <strong>Marco Asensio<\/strong> en Turquie. Si l\u2019ex-joueur du <strong>PSG<\/strong> a longtemps \u00e9t\u00e9 partag\u00e9 entre <strong>Aston Villa<\/strong> et <strong>Fenerbahce<\/strong>, le club de Premier League s\u2019est finalement retir\u00e9 de la course \u00e9tant donn\u00e9 le montant r\u00e9clam\u00e9 par les Parisiens. <strong>Asensio<\/strong> a donc fil\u00e9 \u00e0 Istanbul, paraphant au passage un contrat XXL. Mais voil\u00e0 que pour l\u2019Espagnol, l\u2019aspect financier \u00e9tait visiblement secondaire. <\/p>\n<p>                                            La Coupe du monde en ligne de mire ! <\/p>\n<p>En effet, <strong>Marco Asensio<\/strong> donnait la priorit\u00e9 au sportif cet \u00e9t\u00e9. C\u2019est pour cela qu\u2019il aurait notamment refus\u00e9 des offres venues du Qatar et d\u2019Arabie Saoudite. La raison ? Le d\u00e9sormais joueur de <strong>Fenerbahce<\/strong> voulait continuer au haut niveau afin de se donner une chance de disputer la Coupe du monde 2026 avec l\u2019<strong>Espagne.<\/strong> A voir si <strong>Asensio<\/strong> y parviendra\u2026 <\/p>\n","protected":false},"excerpt":{"rendered":"Thibault Morlain &#8211; Journaliste Apr\u00e8s s\u2019\u00eatre essay\u00e9 \u00e0 diff\u00e9rents sports, Thibault se tourne vers une carri\u00e8re de footballeur&hellip;\n","protected":false},"author":2,"featured_media":362138,"comment_status":"","ping_status":"","sticky":false,"template":"","format":"standard","meta":{"footnotes":""},"categories":[1410],"tags":[63,1011,27,60],"class_list":{"0":"post-362137","1":"post","2":"type-post","3":"status-publish","4":"format-standard","5":"has-post-thumbnail","7":"category-football","8":"tag-football","9":"tag-fr","10":"tag-france","11":"tag-sports"},"share_on_mastodon":{"url":"https:\/\/pubeurope.com\/@fr\/115137821066432079","error":""},"_links":{"self":[{"href":"https:\/\/www.europesays.com\/fr\/wp-json\/wp\/v2\/posts\/362137","targetHints":{"allow":["GET"]}}],"collection":[{"href":"https:\/\/www.europesays.com\/fr\/wp-json\/wp\/v2\/posts"}],"about":[{"href":"https:\/\/www.europesays.com\/fr\/wp-json\/wp\/v2\/types\/post"}],"author":[{"embeddable":true,"href":"https:\/\/www.europesays.com\/fr\/wp-json\/wp\/v2\/users\/2"}],"replies":[{"embeddable":true,"href":"https:\/\/www.europesays.com\/fr\/wp-json\/wp\/v2\/comments?post=362137"}],"version-history":[{"count":0,"href":"https:\/\/www.europesays.com\/fr\/wp-json\/wp\/v2\/posts\/362137\/revisions"}],"wp:featuredmedia":[{"embeddable":true,"href":"https:\/\/www.europesays.com\/fr\/wp-json\/wp\/v2\/media\/362138"}],"wp:attachment":[{"href":"https:\/\/www.europesays.com\/fr\/wp-json\/wp\/v2\/media?parent=362137"}],"wp:term":[{"taxonomy":"category","embeddable":true,"href":"https:\/\/www.europesays.com\/fr\/wp-json\/wp\/v2\/categories?post=362137"},{"taxonomy":"post_tag","embeddable":true,"href":"https:\/\/www.europesays.com\/fr\/wp-json\/wp\/v2\/tags?post=362137"}],"curies":[{"name":"wp","href":"https:\/\/api.w.org\/{rel}","templated":true}]}}