{"id":362139,"date":"2025-09-03T01:41:13","date_gmt":"2025-09-03T01:41:13","guid":{"rendered":"https:\/\/www.europesays.com\/fr\/362139\/"},"modified":"2025-09-03T01:41:13","modified_gmt":"2025-09-03T01:41:13","slug":"je-quitte-mon-poste-lui-aussi-virage-a-180-degres-pour-un-clan-de-familles-nombreuses-les-parents-demissionnent-et-plaquent-tout","status":"publish","type":"post","link":"https:\/\/www.europesays.com\/fr\/362139\/","title":{"rendered":"\u00ab\u00a0Je quitte mon poste, lui aussi\u00a0\u00bb : Virage \u00e0 180 degr\u00e9s pour un clan de Familles nombreuses, les parents d\u00e9missionnent et plaquent tout !"},"content":{"rendered":"<p>            <img loading=\"lazy\" decoding=\"async\" src=\"https:\/\/www.europesays.com\/fr\/wp-content\/uploads\/2025\/04\/67-60dc2d2db82b7-35x35-1.jpg\" class=\"author-article-picture\" width=\"35\" height=\"35\"\/><\/p>\n<p>                Par<br \/>\n                                    <a class=\"author-article-bio-link\" href=\"https:\/\/www.purepeople.com\/auteur\/hiba-semali_a67\" rel=\"nofollow noopener\" target=\"_blank\">Hiba Semali<\/a><br \/>\n                                                    | R\u00e9dactrice<\/p>\n<p>\n                Rattach\u00e9e \u00e0 la rubrique t\u00e9l\u00e9, Hiba Semali se consacre au petit \u00e9cran. The Voice, Koh-Lanta, Top Chef, Secret Story, Star Academy ou encore Les Marseillais n&rsquo;ont aucun secret pour elle.\n            <\/p>\n<p>\n    Personne ne s&rsquo;y attendait : une tribu de \u00ab\u00a0Familles nombreuses, la vie en XXL\u00a0\u00bb a fait une grande annonce. Pas de nouveau b\u00e9b\u00e9 en route mais une nouvelle vie qui les attend. En effet, les parents ont pris la d\u00e9cision de quitter leurs postes respectifs afin de se lancer dans une nouvelle aventure.\n<\/p>\n<p>                            <img loading=\"lazy\" decoding=\"async\" class=\"player-thumbnail\" src=\"https:\/\/www.europesays.com\/fr\/wp-content\/uploads\/2025\/09\/9175899949dcfa88-580x326-2.jpg\" width=\"580\" height=\"326\"\/><\/p>\n<p>                    \u00ab\u00a0Je quitte mon poste, lui aussi\u00a0\u00bb : Virage \u00e0 180 degr\u00e9s pour un clan de Familles nombreuses, les parents d\u00e9missionnent et plaquent tout !<\/p>\n<p>La suite apr\u00e8s la publicit\u00e9<\/p>\n<p>En cette p\u00e9riode de rentr\u00e9e, bien des sentiments s&rsquo;entrem\u00ealent. De l&rsquo;impatience, de l&rsquo;appr\u00e9hension, une pointe de stress&#8230; Les clans de <strong>Familles nombreuses, la vie en XXL<\/strong> ne diront pas le contraire, eux qui m\u00e8nent de front toute une tribu. C&rsquo;est le cas de <a href=\"https:\/\/www.purepeople.com\/article\/-des-moments-hyper-forts-marie-caroline-cail-familles-nombreuses-emue-apres-un-heureux-evenement_a527775\/1\" rel=\"nofollow noopener\" target=\"_blank\"><strong>Guillaume et Marie-Caroline Cail<\/strong>, parents de six enfants<\/a> &#8211; Th\u00e9ophile, Edouard, Gaspard, Ernest, France et Basile. A peine les vacances finies qu&rsquo;il a fallu g\u00e9rer la rentr\u00e9e scolaire des enfants&#8230; mais aussi la nouvelle vie des adultes. Car \u00e0 travers un post Instagram publi\u00e9 lundi 1er septembre 2025, le couple a fait une grande annonce.<\/p>\n<p>\u00ab\u00a0Ces derni\u00e8res semaines, il s&rsquo;est pass\u00e9 beaucoup de choses chez nous\u00a0\u00bb, peut-on lire en l\u00e9gende d&rsquo;une photo de famille o\u00f9 tous sont bien appr\u00eat\u00e9s pour l&rsquo;\u00e9cole. Peut-\u00eatre que Marie-Caroline Cail fait ici r\u00e9f\u00e9rence au <a href=\"https:\/\/www.purepeople.com\/article\/meme-quand-les-enfants-savent-nager-le-fils-dun-clan-de-familles-nombreuses-pris-en-charge-par-les-medecins-apres-une-baignade_a541621\/1\" rel=\"nofollow noopener\" target=\"_blank\">triste incident de baignade qui aurait pu co\u00fbter cher \u00e0 l&rsquo;un de ses a\u00een\u00e9s<\/a>. Et de poursuivre : \u00ab\u00a0Nous tournons une page pour en \u00e9crire une nouvelle. Avec, je vous le promets, autant d&rsquo;intensit\u00e9.\u00a0\u00bb C&rsquo;est ainsi qu&rsquo;elle se lance dans une nouvelle et grande aventure professionnelle : \u00ab\u00a0De mon c\u00f4t\u00e9, <strong>je quitte mon poste de responsable communication<\/strong> chez Formation &amp; Sant\u00e9 pour me lancer pleinement dans <strong>un projet entrepreneurial qui verra le jour en 2026<\/strong>. Un projet dont je r\u00eave depuis longtemps, que je construis doucement, et qui m\u2019anime profond\u00e9ment. Je ne pars pas seule : je m\u2019associe avec une amie devenue un vrai pilier, avec qui je partage la m\u00eame \u00e9nergie, les m\u00eames envies, et la m\u00eame vision.\u00a0\u00bb Durant ces prochains mois, la m\u00e8re de six enfants planchera donc sur ce nouveau projet dont on ne sait encore rien.<\/p>\n<p>Guillaume et Marie-Caroline Cail (Familles nombreuses) quittent leur job pour se lancer dans de nouvelles aventures<\/p>\n<p>Marie-Caroline Cail n&rsquo;est pas la seule de la famille \u00e0 se lancer dans une nouvelle aventure professionnelle. En effet, son mari Guillaume lui embo\u00eete le pas \u00e9galement ! \u00ab\u00a0<strong>Apr\u00e8s 6 ann\u00e9es \u00e0 la t\u00eate de l\u2019\u00e9cole Pierre, qu\u2019il a fond\u00e9e, il se lance lui aussi dans l\u2019aventure entrepreneuriale<\/strong> avec la cr\u00e9ation de son agence de communication. Un grand saut, de nouveaux d\u00e9fis, et la joie de cr\u00e9er autrement\u00a0\u00bb, apprend-on alors. Et <a href=\"https:\/\/www.purepeople.com\/article\/marie-caroline-cail-familles-nombreuses-cette-habitude-inacceptable-qu-elle-denonce-apres-un-conge-maternite_a527907\/1\" rel=\"nofollow noopener\" target=\"_blank\">celle qui avait d\u00e9nonc\u00e9 une attitude inacceptable<\/a> de poursuivre : \u00ab\u00a0On quitte deux environnements dans lesquels on a \u00e9norm\u00e9ment appris, o\u00f9 l\u2019on a grandi, et o\u00f9 on a tiss\u00e9 des liens tr\u00e8s forts. (&#8230;) Une nouvelle page s\u2019ouvre pour nous deux. Avec son lot d\u2019incertitudes, d\u2019excitation, d\u2019appr\u00e9hension\u2026 mais surtout l\u2019envie profonde d\u2019avancer, de construire, de r\u00eaver plus grand, d\u2019inventer et de trouver un nouveau rythme\u2026 pour nous, pour les enfants, pour notre famille.\u00a0\u00bb Un nouveau d\u00e9part pour la grande tribu Cail qui partagera sans aucun doute les prochaines \u00e9tapes de ce quotidien sur les r\u00e9seaux sociaux.<\/p>\n","protected":false},"excerpt":{"rendered":"Par Hiba Semali | R\u00e9dactrice Rattach\u00e9e \u00e0 la rubrique t\u00e9l\u00e9, Hiba Semali se consacre au petit \u00e9cran. The&hellip;\n","protected":false},"author":2,"featured_media":362140,"comment_status":"","ping_status":"","sticky":false,"template":"","format":"standard","meta":{"footnotes":""},"categories":[1359],"tags":[58,59,1011,27,973],"class_list":{"0":"post-362139","1":"post","2":"type-post","3":"status-publish","4":"format-standard","5":"has-post-thumbnail","7":"category-people","8":"tag-divertissement","9":"tag-entertainment","10":"tag-fr","11":"tag-france","12":"tag-people"},"share_on_mastodon":{"url":"https:\/\/pubeurope.com\/@fr\/115137825124398771","error":""},"_links":{"self":[{"href":"https:\/\/www.europesays.com\/fr\/wp-json\/wp\/v2\/posts\/362139","targetHints":{"allow":["GET"]}}],"collection":[{"href":"https:\/\/www.europesays.com\/fr\/wp-json\/wp\/v2\/posts"}],"about":[{"href":"https:\/\/www.europesays.com\/fr\/wp-json\/wp\/v2\/types\/post"}],"author":[{"embeddable":true,"href":"https:\/\/www.europesays.com\/fr\/wp-json\/wp\/v2\/users\/2"}],"replies":[{"embeddable":true,"href":"https:\/\/www.europesays.com\/fr\/wp-json\/wp\/v2\/comments?post=362139"}],"version-history":[{"count":0,"href":"https:\/\/www.europesays.com\/fr\/wp-json\/wp\/v2\/posts\/362139\/revisions"}],"wp:featuredmedia":[{"embeddable":true,"href":"https:\/\/www.europesays.com\/fr\/wp-json\/wp\/v2\/media\/362140"}],"wp:attachment":[{"href":"https:\/\/www.europesays.com\/fr\/wp-json\/wp\/v2\/media?parent=362139"}],"wp:term":[{"taxonomy":"category","embeddable":true,"href":"https:\/\/www.europesays.com\/fr\/wp-json\/wp\/v2\/categories?post=362139"},{"taxonomy":"post_tag","embeddable":true,"href":"https:\/\/www.europesays.com\/fr\/wp-json\/wp\/v2\/tags?post=362139"}],"curies":[{"name":"wp","href":"https:\/\/api.w.org\/{rel}","templated":true}]}}