{"id":362141,"date":"2025-09-03T01:42:29","date_gmt":"2025-09-03T01:42:29","guid":{"rendered":"https:\/\/www.europesays.com\/fr\/362141\/"},"modified":"2025-09-03T01:42:29","modified_gmt":"2025-09-03T01:42:29","slug":"pourquoi-les-cyclistes-photographient-toujours-leur-velo","status":"publish","type":"post","link":"https:\/\/www.europesays.com\/fr\/362141\/","title":{"rendered":"Pourquoi les cyclistes photographient toujours leur v\u00e9lo?"},"content":{"rendered":"<p>\u00c0 chaque sortie, c\u2019est plus fort que nous. Il est l\u00e0, pos\u00e9 contre un mur, un arbre, face \u00e0 un paysage, \u00e9clair\u00e9 par un rayon dor\u00e9. On d\u00e9gaine le smartphone, et hop, encore une photo de notre v\u00e9lo. Pourquoi ce r\u00e9flexe quasi pavlovien ? Est-ce de l\u2019amour, de la vanit\u00e9, un besoin compulsif de documentation ? On tente de comprendre pourquoi les cyclistes ne peuvent s\u2019emp\u00eacher de photographier leur monture. Weelz! en mode psychanalyse (de comptoir).<\/p>\n<p>Prendre en photo SON v\u00e9lo : la nuance est t\u00e9nue<\/p>\n<blockquote class=\"wp-block-quote is-layout-flow wp-block-quote-is-layout-flow\">\n<p>\u00ab\u00a0Prendre son v\u00e9lo en photo, c\u2019est s\u2019auto-portraiturer sans appara\u00eetre \u00e0 l\u2019image\u00a0\u00bb<\/p>\n<\/blockquote>\n<p><a href=\"https:\/\/www.europesays.com\/fr\/wp-content\/uploads\/2025\/09\/focus-my22-atlas-8-h4a3397-1.jpg\"><img loading=\"lazy\" decoding=\"async\" width=\"1920\" height=\"1280\" src=\"data:image\/gif;base64,R0lGODlhAQABAIAAAAAAAP\/\/\/yH5BAEAAAAALAAAAAABAAEAAAIBRAA7\" data-lazy-type=\"image\" data-lazy-src=\"https:\/\/www.europesays.com\/fr\/wp-content\/uploads\/2025\/09\/focus-my22-atlas-8-h4a3397-1.jpg\" alt=\"\" class=\"lazy lazy-hidden wp-image-46556\" data-lazy- data-lazy-\/><\/a>Pris en flag&rsquo; \u00a9 Focus<\/p>\n<p>On ne photographie pas un v\u00e9lo. On photographie son v\u00e9lo. Nuance. Le v\u00e9lo comme miroir de soi ; un objet personnel, presque intime. Il dit qui l\u2019on est, comment on roule, ce que l&rsquo;on revendique.<\/p>\n<p>Un cadre acier patin\u00e9 n\u2019a pas le m\u00eame discours qu\u2019un carbone flashy ou un cargo bard\u00e9 de stickers. Prendre son v\u00e9lo en photo, c\u2019est s\u2019auto-portraiturer sans appara\u00eetre \u00e0 l\u2019image. Le v\u00e9lo devient avatar.<\/p>\n<p><a href=\"https:\/\/www.europesays.com\/fr\/wp-content\/uploads\/2025\/09\/dsc00369.webp.webp\"><img loading=\"lazy\" decoding=\"async\" width=\"1712\" height=\"963\" data-id=\"68507\" src=\"data:image\/gif;base64,R0lGODlhAQABAIAAAAAAAP\/\/\/yH5BAEAAAAALAAAAAABAAEAAAIBRAA7\" data-lazy-type=\"image\" data-lazy-src=\"https:\/\/www.europesays.com\/fr\/wp-content\/uploads\/2025\/09\/dsc00369.webp.webp\" alt=\"\" class=\"lazy lazy-hidden wp-image-68507\" data-lazy- data-lazy-\/><\/a><br \/>\n<a href=\"https:\/\/www.europesays.com\/fr\/wp-content\/uploads\/2025\/09\/pxl-20241103-094432119.mp-.webp.webp\"><img loading=\"lazy\" decoding=\"async\" width=\"1712\" height=\"963\" data-id=\"68506\" src=\"data:image\/gif;base64,R0lGODlhAQABAIAAAAAAAP\/\/\/yH5BAEAAAAALAAAAAABAAEAAAIBRAA7\" data-lazy-type=\"image\" data-lazy-src=\"https:\/\/www.europesays.com\/fr\/wp-content\/uploads\/2025\/09\/pxl-20241103-094432119.mp-.webp.webp\" alt=\"\" class=\"lazy lazy-hidden wp-image-68506\" data-lazy- data-lazy-\/><\/a><br \/>\nDiff\u00e9rents v\u00e9los, diff\u00e9rents langages<\/p>\n<p>C\u2019est aussi une mani\u00e8re de raconter sa pratique sans avoir besoin de mots. Un cintre large, une sacoche bien us\u00e9e, une trace de boue s\u00e9ch\u00e9e : tout \u00e7a parle. Et ce langage-l\u00e0, entre cyclistes, on le comprend tr\u00e8s bien.<\/p>\n<p>Le syndrome du bike porn<\/p>\n<p><a href=\"https:\/\/weelz.ouest-france.fr\/wp-content\/uploads\/2025\/08\/pxl-20250821-075450315-scaled.webp\" target=\"_blank\" rel=\"noopener\"><img loading=\"lazy\" decoding=\"async\" width=\"2048\" height=\"1152\" src=\"data:image\/gif;base64,R0lGODlhAQABAIAAAAAAAP\/\/\/yH5BAEAAAAALAAAAAABAAEAAAIBRAA7\" data-lazy-type=\"image\" data-lazy-src=\"https:\/\/www.europesays.com\/fr\/wp-content\/uploads\/2025\/09\/pxl-20250821-075450315-2048x1152.webp.webp\" alt=\"\" class=\"lazy lazy-hidden wp-image-68503\" data-lazy- data-lazy-\/><\/a><\/p>\n<p>C\u2019est une pratique visuelle devenue presque culturelle dans le monde cycliste. Un art de vivre\u2026 \u00e0 travers un objectif. Que la monture en question soit un simple mode de d\u00e9placement, un vieux clou rouill\u00e9 ou au contraire un mod\u00e8le luxueux.<\/p>\n<p>On pourrait appeler \u00e7a l\u2019obsession de l\u2019angle parfait. Le v\u00e9lo bien centr\u00e9, les manivelles bien align\u00e9es avec les bases, la transmission du bon c\u00f4t\u00e9, les valves perpendiculaires au sol&#8230; Le fond ? Il peut \u00eatre d\u00e9pouill\u00e9 ou spectaculaire. La photo de v\u00e9lo devient une mise en sc\u00e8ne ; un petit c\u00e9r\u00e9monial du beau.<\/p>\n<p>R\u00e9seaux sociaux : miroir amplificateur<\/p>\n<p><a href=\"https:\/\/www.europesays.com\/fr\/wp-content\/uploads\/2025\/09\/pxl-20240926-082148530-e1756135937758.webp.webp\"><img loading=\"lazy\" decoding=\"async\" width=\"1298\" height=\"825\" src=\"data:image\/gif;base64,R0lGODlhAQABAIAAAAAAAP\/\/\/yH5BAEAAAAALAAAAAABAAEAAAIBRAA7\" data-lazy-type=\"image\" data-lazy-src=\"https:\/\/www.europesays.com\/fr\/wp-content\/uploads\/2025\/09\/pxl-20240926-082148530-e1756135937758.webp.webp\" alt=\"\" class=\"lazy lazy-hidden wp-image-68505\" data-lazy- data-lazy-\/><\/a><\/p>\n<p>Instagram, Strava, Threads, Mastodon ou feu Twitter : chaque plateforme a ses codes, mais toutes partagent une chose en commun pour les cyclistes connect\u00e9s : elles donnent un espace pour partager la fameuse photo de v\u00e9lo. Un sommet atteint ? Un chemin d\u00e9couvert ? Un mur color\u00e9 ? Hop, photo.<\/p>\n<p><a href=\"https:\/\/www.europesays.com\/fr\/wp-content\/uploads\/2025\/09\/cb5bd87aaae14777294d18578380c487.webp.webp\"><img loading=\"lazy\" decoding=\"async\" width=\"736\" height=\"552\" src=\"data:image\/gif;base64,R0lGODlhAQABAIAAAAAAAP\/\/\/yH5BAEAAAAALAAAAAABAAEAAAIBRAA7\" data-lazy-type=\"image\" data-lazy-src=\"https:\/\/www.europesays.com\/fr\/wp-content\/uploads\/2025\/09\/cb5bd87aaae14777294d18578380c487.webp.webp\" alt=\"\" class=\"lazy lazy-hidden wp-image-68501\" data-lazy- data-lazy-\/><\/a><\/p>\n<p>Cette pratique n\u2019est pas qu\u2019une recherche de likes (si, un peu tout de m\u00eame). Elle est aussi une forme de journal visuel. On documente ses sorties comme on tiendrait un carnet de bord. Le clich\u00e9 devient m\u00e9moire.<\/p>\n<p>C&rsquo;est une mani\u00e8re de montrer &#8211; de prouver &#8211; au monde, \u00e0 notre communaut\u00e9, notre famille, nos proches : \u00ab\u00a0regardez, j&rsquo;\u00e9tais l\u00e0 ; la preuve, c&rsquo;est mon v\u00e9lo\u00a0\u00bb. Pour d&rsquo;autres, c&rsquo;est aussi une fa\u00e7on pour se souvenir&#8230; de l&rsquo;endroit o\u00f9 l&rsquo;on a stationn\u00e9 son v\u00e9lo (et sortir la preuve \u00e0 l&rsquo;assurance en cas de vol).<\/p>\n<p>Une pause qui fait du bien<\/p>\n<p><a href=\"https:\/\/www.europesays.com\/fr\/wp-content\/uploads\/2025\/09\/pxl-20240826-121259549.long-exposure-01.cover2-.webp.webp\"><img loading=\"lazy\" decoding=\"async\" width=\"1949\" height=\"1317\" src=\"data:image\/gif;base64,R0lGODlhAQABAIAAAAAAAP\/\/\/yH5BAEAAAAALAAAAAABAAEAAAIBRAA7\" data-lazy-type=\"image\" data-lazy-src=\"https:\/\/www.europesays.com\/fr\/wp-content\/uploads\/2025\/09\/pxl-20240826-121259549.long-exposure-01.cover2-.webp.webp\" alt=\"Prendre son v\u00e9lo en photo, parfois, c'est aussi pour dire : &quot;je n'\u00e9tais pas seul&quot;\" class=\"lazy lazy-hidden wp-image-68510\" data-lazy- data-lazy-\/><\/a>Prendre son v\u00e9lo en photo, parfois, c&rsquo;est aussi pour dire : \u00ab\u00a0je n&rsquo;\u00e9tais pas seul\u00a0\u00bb<\/p>\n<p>Mais au fond, si on prend son v\u00e9lo en photo, ce n\u2019est pas qu\u2019une histoire d\u2019\u00e9go ou d\u2019esth\u00e9tique. C\u2019est aussi un moment de pause. Un arr\u00eat dans le rythme de la sortie. L\u2019instant o\u00f9 l\u2019on souffle, o\u00f9 l\u2019on contemple, o\u00f9 l&rsquo;on retire les mains du cintre pour prendre un peu de recul.<\/p>\n<p>La photo devient un moment \u00e0 soi. Un instant suspendu entre deux coups de p\u00e9dale. Ce n\u2019est peut-\u00eatre pas de la pleine conscience, mais \u00e7a y ressemble.<\/p>\n<p>Une douce pathologie partag\u00e9e<\/p>\n<p>Bien s\u00fbr, certains en rient. \u201cJe prends trop mon v\u00e9lo en photo.\u201d D\u2019autres assument totalement. \u201cJe le fais parce que j\u2019aime \u00e7a.\u201d C\u2019est une petite manie, une habitude, une addiction douce. Et ce qui est fascinant, c\u2019est que tout le monde (ou presque) semble l\u2019avoir attrap\u00e9e. De l\u2019ultra-cycliste au v\u00e9lotaffeur du coin.<\/p>\n<p><a href=\"https:\/\/www.europesays.com\/fr\/wp-content\/uploads\/2025\/09\/img-1675.webp.webp\"><img loading=\"lazy\" decoding=\"async\" width=\"1417\" height=\"945\" src=\"data:image\/gif;base64,R0lGODlhAQABAIAAAAAAAP\/\/\/yH5BAEAAAAALAAAAAABAAEAAAIBRAA7\" data-lazy-type=\"image\" data-lazy-src=\"https:\/\/www.europesays.com\/fr\/wp-content\/uploads\/2025\/09\/img-1675.webp.webp\" alt=\"\" class=\"lazy lazy-hidden wp-image-68504\" data-lazy- data-lazy-\/><\/a><\/p>\n<p>Alors oui, docteur, c\u2019est un peu une pathologie. Mais comme toutes les passions bien canalis\u00e9es, elle ne fait de mal \u00e0 personne. Elle f\u00e9d\u00e8re, elle raconte, elle relie. Et puis franchement, un v\u00e9lo bien cadr\u00e9 devant un coucher de soleil, c\u2019est tout de m\u00eame plus sympa \u00e0 regarder qu\u2019un selfie aux toilettes.<\/p>\n<p><strong>Vous prenez souvent votre (vos) v\u00e9lo(s) en photo vous aussi ? <a href=\"#comments\">N&rsquo;h\u00e9sitez-pas \u00e0 t\u00e9moigner<\/a> (ne vous inqui\u00e9tez-pas, \u00e7a restera entre nous).<\/strong><\/p>\n<p><strong>Vous avez aim\u00e9 cet article ?<\/strong> N&rsquo;h\u00e9sitez-pas \u00e0 <a href=\"https:\/\/weelz.ouest-france.fr\/newsletter-velo\/\" target=\"_blank\" rel=\"noopener\">vous abonner \u00e0 notre newsletter<\/a>. Vous pouvez aussi nous ajouter en favoris directement dans <a href=\"https:\/\/news.google.com\/publications\/CAAqBwgKMJ3Eugswqt_RAw?hl=fr&amp;gl=FR&amp;ceid=FR%3Afr\" rel=\"external noopener\" target=\"_blank\">Google News<\/a> ou encore nous suivre via <a href=\"https:\/\/bit.ly\/weelz-whatsapp\" target=\"_blank\" rel=\"noopener\">notre chaine WhatsApp<\/a>. Une question, une remarque ? <a href=\"https:\/\/weelz.ouest-france.fr\/contacter-weelz\/\" target=\"_blank\" rel=\"noopener\">Contactez-nous<\/a>.<\/p>\n","protected":false},"excerpt":{"rendered":"\u00c0 chaque sortie, c\u2019est plus fort que nous. Il est l\u00e0, pos\u00e9 contre un mur, un arbre, face&hellip;\n","protected":false},"author":2,"featured_media":362142,"comment_status":"","ping_status":"","sticky":false,"template":"","format":"standard","meta":{"footnotes":""},"categories":[1358],"tags":[1348,1384,1385,207,1386,58,59,1011,27,2745,104],"class_list":{"0":"post-362141","1":"post","2":"type-post","3":"status-publish","4":"format-standard","5":"has-post-thumbnail","7":"category-arts-et-design","8":"tag-arts","9":"tag-arts-and-design","10":"tag-arts-et-design","11":"tag-cyclisme","12":"tag-design","13":"tag-divertissement","14":"tag-entertainment","15":"tag-fr","16":"tag-france","17":"tag-photo","18":"tag-societe"},"share_on_mastodon":{"url":"https:\/\/pubeurope.com\/@fr\/115137828882799697","error":""},"_links":{"self":[{"href":"https:\/\/www.europesays.com\/fr\/wp-json\/wp\/v2\/posts\/362141","targetHints":{"allow":["GET"]}}],"collection":[{"href":"https:\/\/www.europesays.com\/fr\/wp-json\/wp\/v2\/posts"}],"about":[{"href":"https:\/\/www.europesays.com\/fr\/wp-json\/wp\/v2\/types\/post"}],"author":[{"embeddable":true,"href":"https:\/\/www.europesays.com\/fr\/wp-json\/wp\/v2\/users\/2"}],"replies":[{"embeddable":true,"href":"https:\/\/www.europesays.com\/fr\/wp-json\/wp\/v2\/comments?post=362141"}],"version-history":[{"count":0,"href":"https:\/\/www.europesays.com\/fr\/wp-json\/wp\/v2\/posts\/362141\/revisions"}],"wp:featuredmedia":[{"embeddable":true,"href":"https:\/\/www.europesays.com\/fr\/wp-json\/wp\/v2\/media\/362142"}],"wp:attachment":[{"href":"https:\/\/www.europesays.com\/fr\/wp-json\/wp\/v2\/media?parent=362141"}],"wp:term":[{"taxonomy":"category","embeddable":true,"href":"https:\/\/www.europesays.com\/fr\/wp-json\/wp\/v2\/categories?post=362141"},{"taxonomy":"post_tag","embeddable":true,"href":"https:\/\/www.europesays.com\/fr\/wp-json\/wp\/v2\/tags?post=362141"}],"curies":[{"name":"wp","href":"https:\/\/api.w.org\/{rel}","templated":true}]}}