{"id":362143,"date":"2025-09-03T01:43:12","date_gmt":"2025-09-03T01:43:12","guid":{"rendered":"https:\/\/www.europesays.com\/fr\/362143\/"},"modified":"2025-09-03T01:43:12","modified_gmt":"2025-09-03T01:43:12","slug":"la-mairie-remet-des-livres-aux-jeunes-cannois","status":"publish","type":"post","link":"https:\/\/www.europesays.com\/fr\/362143\/","title":{"rendered":"la Mairie remet des livres aux jeunes Cannois"},"content":{"rendered":"<p>Jeunesse<\/p>\n<p>Trousseaux de lecture : la Mairie remet des livres aux jeunes Cannois<\/p>\n<p>Le 16 juin dernier, dans le parc de la m\u00e9diath\u00e8que Noailles, la Mairie de  Cannes a remis 87 premiers Trousseaux de lecture aux enfants n\u00e9s \u00e0  Cannes il y a six ans. Ce dispositif vise \u00e0 accompagner les \u00e9l\u00e8ves dans  leurs premi\u00e8res explorations litt\u00e9raires gr\u00e2ce \u00e0 un kit de six livres et un an  d\u2019abonnement offert aux m\u00e9diath\u00e8ques de Cannes.<\/p>\n<p><a aria-label=\"Envoyer par mail\" href=\"https:\/\/www.cannes.com\/fr\/index\/cannes-soleil\/grands-articles\/n-262-septembre-2025\/javascript: sendByMail_form_popup_sendByMail_20739993752425057()\" aria-haspopup=\"dialog\" role=\"button\" class=\"mailtos icon-email\" id=\"sendByMail-btn-sendByMail_20739993752425057\">Envoyer par mail<\/a><\/p>\n","protected":false},"excerpt":{"rendered":"Jeunesse Trousseaux de lecture : la Mairie remet des livres aux jeunes Cannois Le 16 juin dernier, dans&hellip;\n","protected":false},"author":2,"featured_media":362144,"comment_status":"","ping_status":"","sticky":false,"template":"","format":"standard","meta":{"footnotes":""},"categories":[1357],"tags":[1379,58,59,1011,27,1380],"class_list":{"0":"post-362143","1":"post","2":"type-post","3":"status-publish","4":"format-standard","5":"has-post-thumbnail","7":"category-livres","8":"tag-books","9":"tag-divertissement","10":"tag-entertainment","11":"tag-fr","12":"tag-france","13":"tag-livres"},"share_on_mastodon":{"url":"https:\/\/pubeurope.com\/@fr\/115137832772360833","error":""},"_links":{"self":[{"href":"https:\/\/www.europesays.com\/fr\/wp-json\/wp\/v2\/posts\/362143","targetHints":{"allow":["GET"]}}],"collection":[{"href":"https:\/\/www.europesays.com\/fr\/wp-json\/wp\/v2\/posts"}],"about":[{"href":"https:\/\/www.europesays.com\/fr\/wp-json\/wp\/v2\/types\/post"}],"author":[{"embeddable":true,"href":"https:\/\/www.europesays.com\/fr\/wp-json\/wp\/v2\/users\/2"}],"replies":[{"embeddable":true,"href":"https:\/\/www.europesays.com\/fr\/wp-json\/wp\/v2\/comments?post=362143"}],"version-history":[{"count":0,"href":"https:\/\/www.europesays.com\/fr\/wp-json\/wp\/v2\/posts\/362143\/revisions"}],"wp:featuredmedia":[{"embeddable":true,"href":"https:\/\/www.europesays.com\/fr\/wp-json\/wp\/v2\/media\/362144"}],"wp:attachment":[{"href":"https:\/\/www.europesays.com\/fr\/wp-json\/wp\/v2\/media?parent=362143"}],"wp:term":[{"taxonomy":"category","embeddable":true,"href":"https:\/\/www.europesays.com\/fr\/wp-json\/wp\/v2\/categories?post=362143"},{"taxonomy":"post_tag","embeddable":true,"href":"https:\/\/www.europesays.com\/fr\/wp-json\/wp\/v2\/tags?post=362143"}],"curies":[{"name":"wp","href":"https:\/\/api.w.org\/{rel}","templated":true}]}}