{"id":362145,"date":"2025-09-03T01:44:17","date_gmt":"2025-09-03T01:44:17","guid":{"rendered":"https:\/\/www.europesays.com\/fr\/362145\/"},"modified":"2025-09-03T01:44:17","modified_gmt":"2025-09-03T01:44:17","slug":"pauline-embrasse-elodie-la-police-perquisitionne-le-domicile-de-catherine-le-resume-de-lepisode-1741-du-mercredi-3-septembre-2025","status":"publish","type":"post","link":"https:\/\/www.europesays.com\/fr\/362145\/","title":{"rendered":"Pauline embrasse Elodie, la police perquisitionne le domicile de Catherine&#8230; Le r\u00e9sum\u00e9 de l&rsquo;\u00e9pisode 1741 du mercredi 3 septembre 2025"},"content":{"rendered":"<p>Dans Un si grand soleil sur France 3 mercredi 3 septembre 2025, C\u00e9cile d\u00e9cide de pousser les investigations plus loin pour d\u00e9couvrir si Catherine est responsable de la sortie de route d&rsquo;Elisabeth ou non. De son c\u00f4t\u00e9, Elodie est de plus en plus troubl\u00e9e par la pr\u00e9sence de Pauline.<\/p>\n<p><b>Mercredi 3 septembre 2025 dans <\/b><b>Un si grand soleil<\/b> &#8211; la s\u00e9rie qu&rsquo;<a href=\"https:\/\/www.programme-tv.net\/news\/series-tv\/385633-un-si-grand-soleil-akim-quitte-la-serie-ce-mardi-19-aout-2025-va-t-il-revenir-son-interprete-aissam-medhem-repond\/\" data-api-deeplink=\"teleloisirs:\/\/news\/385633\" target=\"_blank\" rel=\"noopener\">un acteur vient de quitter<\/a> et dont la <a href=\"https:\/\/www.programme-tv.net\/news\/series-tv\/386388-un-si-grand-soleil-double-changement-de-programmation-pour-le-feuilleton-de-france-3-et-ca-ne-va-pas-plaire-aux-fans\/\" data-api-deeplink=\"teleloisirs:\/\/news\/386388\" target=\"_blank\" rel=\"noopener\">programmation va \u00eatre \u00e0 nouveau bouscul\u00e9e<\/a>&#8230; Le matin, Elisabeth promet \u00e0 Alain qu&rsquo;elle va se reposer, mais d\u00e8s qu&rsquo;il est parti, elle sort son t\u00e9l\u00e9phone et contacte Muriel. Marc va interviewer Johanna \u00e0 propos de l&rsquo;accident de voiture d&rsquo;Elisabeth et l&rsquo;avocate confirme que ce n&rsquo;est pas un accident mais une tentative d&rsquo;assassinat. Elle sous-entend que cet acte serait li\u00e9 \u00e0 un d\u00e9saccord professionnel.<\/p>\n<p>Un si grand soleil en avance : La police perquisitionne le domicile de Catherine<\/p>\n<p>La police a retrouv\u00e9 l&rsquo;\u00e9pave de la voiture qui a fait une queue de poisson \u00e0 Elisabeth. Yann pense que Catherine pourrait vouloir se d\u00e9barrasser d&rsquo;Elisabeth pour pouvoir vendre leur entreprise. Yann interroge ensuite M. Liang pour mieux comprendre le contexte et ce dernier se dit que la situation de L Cosm\u00e9tiques pourrait encore changer. Le policier en informe C\u00e9cile qui d\u00e9cide de perquisitionner chez Catherine et dans les laboratoires. Muriel et Boris d\u00e9couvrent l&rsquo;article du Midi Libre avec la th\u00e8se du d\u00e9saccord professionnel. Boris s&rsquo;en agace, tout comme Pascal et Catherine de leur c\u00f4t\u00e9. La police arrive alors pour perquisitionner le domicile de Catherine et prendre son ordinateur.<\/p>\n<p>                        Un si grand soleil en avance : Pauline embrasse Elodie<\/p>\n<p>L\u00e9o se montre rassurant envers Pauline \u00e0 propos de leurs finances. A la coloc, Flore d\u00e9couvre Ludo qui fait un nouveau malaise. L\u00e9o signe son contrat avec L Cosm\u00e9tiques puis il propose \u00e0 Enric et Laurent de f\u00eater \u00e7a le soir-m\u00eame. Elodie avoue \u00e0 Ludo qu&rsquo;elle a flash\u00e9 sur Pauline, mais elle aime toujours Elise. Elodie apporte \u00e0 Pauline le panier de l\u00e9gumes qu&rsquo;elle a oubli\u00e9 de r\u00e9cup\u00e9rer puis elle l&rsquo;aide \u00e0 porter des sacs d&rsquo;engrais. Pauline finit par embrasser Elodie qui part pr\u00e9cipitamment.<\/p>\n","protected":false},"excerpt":{"rendered":"Dans Un si grand soleil sur France 3 mercredi 3 septembre 2025, C\u00e9cile d\u00e9cide de pousser les investigations&hellip;\n","protected":false},"author":2,"featured_media":362146,"comment_status":"","ping_status":"","sticky":false,"template":"","format":"standard","meta":{"footnotes":""},"categories":[1356],"tags":[244,58,59,1011,27,876,252,1364,9766,26118,26117],"class_list":{"0":"post-362145","1":"post","2":"type-post","3":"status-publish","4":"format-standard","5":"has-post-thumbnail","7":"category-television","8":"tag-commentaire","9":"tag-divertissement","10":"tag-entertainment","11":"tag-fr","12":"tag-france","13":"tag-france-3","14":"tag-television","15":"tag-tv","16":"tag-un-si-grand-soleil","17":"tag-un-si-grand-soleil-ru00e9sumu00e9","18":"tag-un-si-grand-soleil-ru00e9sumu00e9-en-avance"},"share_on_mastodon":{"url":"https:\/\/pubeurope.com\/@fr\/115137837148622984","error":""},"_links":{"self":[{"href":"https:\/\/www.europesays.com\/fr\/wp-json\/wp\/v2\/posts\/362145","targetHints":{"allow":["GET"]}}],"collection":[{"href":"https:\/\/www.europesays.com\/fr\/wp-json\/wp\/v2\/posts"}],"about":[{"href":"https:\/\/www.europesays.com\/fr\/wp-json\/wp\/v2\/types\/post"}],"author":[{"embeddable":true,"href":"https:\/\/www.europesays.com\/fr\/wp-json\/wp\/v2\/users\/2"}],"replies":[{"embeddable":true,"href":"https:\/\/www.europesays.com\/fr\/wp-json\/wp\/v2\/comments?post=362145"}],"version-history":[{"count":0,"href":"https:\/\/www.europesays.com\/fr\/wp-json\/wp\/v2\/posts\/362145\/revisions"}],"wp:featuredmedia":[{"embeddable":true,"href":"https:\/\/www.europesays.com\/fr\/wp-json\/wp\/v2\/media\/362146"}],"wp:attachment":[{"href":"https:\/\/www.europesays.com\/fr\/wp-json\/wp\/v2\/media?parent=362145"}],"wp:term":[{"taxonomy":"category","embeddable":true,"href":"https:\/\/www.europesays.com\/fr\/wp-json\/wp\/v2\/categories?post=362145"},{"taxonomy":"post_tag","embeddable":true,"href":"https:\/\/www.europesays.com\/fr\/wp-json\/wp\/v2\/tags?post=362145"}],"curies":[{"name":"wp","href":"https:\/\/api.w.org\/{rel}","templated":true}]}}