{"id":362149,"date":"2025-09-03T01:46:27","date_gmt":"2025-09-03T01:46:27","guid":{"rendered":"https:\/\/www.europesays.com\/fr\/362149\/"},"modified":"2025-09-03T01:46:27","modified_gmt":"2025-09-03T01:46:27","slug":"chroniques-dhaifa-un-appel-vibrant-a-semanciper-de-toutes-les-oppressions-telerama","status":"publish","type":"post","link":"https:\/\/www.europesays.com\/fr\/362149\/","title":{"rendered":"\u201cChroniques d\u2019Ha\u00effa\u201d, un appel vibrant \u00e0 s\u2019\u00e9manciper de toutes les oppressions &#8211; T\u00e9l\u00e9rama"},"content":{"rendered":"<ol>\n<li><a href=\"https:\/\/news.google.com\/rss\/articles\/CBMivwFBVV95cUxOVThlTjhPa1doazB0LUQyS25mSnh1bHpTdVhHUUdsSzI3dVplZEVBbGlDM2dZak5EWGdNV3dfbDY0TlZDNG13UDFURGMxOXZBbFozdHQ2c0poYmFjZ2dfTFFzNkRCVnNrTG83TkhpSHhCSFotRkplTFJ5Tzg1V3JVQmIyUFlKRl8yOGpPd1ZNSi1wZjlZajdfX3dSa3E5c2tUbTVJTlBLTlp5WXhzT1UzOWNnWWVZQVhCRFZBdGVBWQ?oc=5\" target=\"_blank\" rel=\"nofollow noopener\">\u201cChroniques d\u2019Ha\u00effa\u201d, un appel vibrant \u00e0 s\u2019\u00e9manciper de toutes les oppressions<\/a>&nbsp;&nbsp;T\u00e9l\u00e9rama<\/li>\n<li><a href=\"https:\/\/news.google.com\/rss\/articles\/CBMiugFBVV95cUxPbzlUOWZiMU5uaGtvZ1oxUXM2a09IX2ZyUlVzb2hTOXFLWlJJY2V5STJoT0lNeld2TFN1dTVaa2RPUzJPWXJ0VG52NTNodzFOMTI4QzNoZ0ZvQTg4X193NC1fa0VWNUl4dHQ1U3pyaDhzUXVGMm1JYUZYWHR5Ung5czU3Q21sbHJkOTZjS3ZISUdRdFQ2OXUxNE9TU05vZWZfTzFFWkpDZGlmWGEyOFZRNVJQV1RTcFc5MVE?oc=5\" target=\"_blank\" rel=\"nofollow noopener\">Les sorties cin\u00e9ma de la semaine : \u201cCiudad sin sue\u00f1o\u201d, \u201cChroniques d\u2019Ha\u00effa\u201d, \u201cExit 8\u201d\u2026<\/a>&nbsp;&nbsp;T\u00e9l\u00e9rama<\/li>\n<li><a href=\"https:\/\/news.google.com\/rss\/articles\/CBMifkFVX3lxTE9pNkMweE9DVWdRYm12emtndm1kREVpT3pIX2FnOVJIdmFJVUd3TUwxN2l4RUhySkFEUnFwT1dYQWdDaTI2S0FjMmltTkd3ZVVqMDNXSHVydXdKVUpWUGw1RV9yMU9PZzhzd3o3NGdCNmN5clcyeGRPRWhGaXh2QQ?oc=5\" target=\"_blank\" rel=\"nofollow noopener\">Au cin\u00e9ma le 3 septembre, ce sont les films \u00e0 voir : Fils de avec Fran\u00e7ois Cluzet, Adieu Jean-Pat avec Hakim Jemili, La Voie du serpent&#8230;<\/a>&nbsp;&nbsp;AlloCin\u00e9<\/li>\n<li><a href=\"https:\/\/news.google.com\/rss\/articles\/CBMixAFBVV95cUxPWlBFd2Ezd0hZVm5WOVBCclJsQlRKanA1WFpWYmpqUFdkVlU5UC1ZMnJCbHBwaW9mYzJ3UjdQNjk5RkZGaU9COWZ4TllhY2ZKQ3JtX2dPcjI2eWZ2TmRCLXBEVjFRN3NYTHFiNy0xM3N1UUFrSFR5RmRFZ1NQc19teXMzYUVROVdxUTdyQk50UUVUVkJqTUR4UTBEQzQ4NndvVWM0NWE3V1lNd0g0RENJbHQ5bzJRYmlQUTItSFRjZ3p3Yk1V?oc=5\" target=\"_blank\" rel=\"nofollow noopener\">Scandar Copti, r\u00e9alisateur : \u00ab Il existe 65 lois contre les Palestiniens en Isra\u00ebl \u00bb<\/a>&nbsp;&nbsp;L&rsquo;Humanit\u00e9<\/li>\n<li><a href=\"https:\/\/news.google.com\/rss\/articles\/CBMisgFBVV95cUxPalZwbTgwb2xFMnBMTGpHTkhpOXY0LVJvRDRNd1hjbVNVLTBSTkxreUUtUmR4OEtZUVFnNHRfQXZ0cVNGaWkyMFpFblpPc29NOTFXVW5qSC0xSmpzZ1duTEtvY3FBS1UwTGtDcU4xV2VkOTlCUk9fb0p1N09Dd3dhMGNsUy1iRFhnT1R4d2c2TmlzaXl5dUlkMk9ZVkNLS3lnNG5EbHJ4UFlic0tXZWpWTVhn?oc=5\" target=\"_blank\" rel=\"nofollow noopener\">\u00ab Chroniques d&rsquo;Ha\u00effa \u00bb : radiographie am\u00e8re des fractures d&rsquo;Isra\u00ebl<\/a>&nbsp;&nbsp;Les Echos<\/li>\n<\/ol>\n","protected":false},"excerpt":{"rendered":"\u201cChroniques d\u2019Ha\u00effa\u201d, un appel vibrant \u00e0 s\u2019\u00e9manciper de toutes les oppressions&nbsp;&nbsp;T\u00e9l\u00e9rama Les sorties cin\u00e9ma de la semaine :&hellip;\n","protected":false},"author":2,"featured_media":362150,"comment_status":"","ping_status":"","sticky":false,"template":"","format":"standard","meta":{"footnotes":""},"categories":[1354],"tags":[58,59,1346,1011,27,1360],"class_list":{"0":"post-362149","1":"post","2":"type-post","3":"status-publish","4":"format-standard","5":"has-post-thumbnail","7":"category-films","8":"tag-divertissement","9":"tag-entertainment","10":"tag-films","11":"tag-fr","12":"tag-france","13":"tag-movies"},"share_on_mastodon":{"url":"https:\/\/pubeurope.com\/@fr\/115137844612665921","error":""},"_links":{"self":[{"href":"https:\/\/www.europesays.com\/fr\/wp-json\/wp\/v2\/posts\/362149","targetHints":{"allow":["GET"]}}],"collection":[{"href":"https:\/\/www.europesays.com\/fr\/wp-json\/wp\/v2\/posts"}],"about":[{"href":"https:\/\/www.europesays.com\/fr\/wp-json\/wp\/v2\/types\/post"}],"author":[{"embeddable":true,"href":"https:\/\/www.europesays.com\/fr\/wp-json\/wp\/v2\/users\/2"}],"replies":[{"embeddable":true,"href":"https:\/\/www.europesays.com\/fr\/wp-json\/wp\/v2\/comments?post=362149"}],"version-history":[{"count":0,"href":"https:\/\/www.europesays.com\/fr\/wp-json\/wp\/v2\/posts\/362149\/revisions"}],"wp:featuredmedia":[{"embeddable":true,"href":"https:\/\/www.europesays.com\/fr\/wp-json\/wp\/v2\/media\/362150"}],"wp:attachment":[{"href":"https:\/\/www.europesays.com\/fr\/wp-json\/wp\/v2\/media?parent=362149"}],"wp:term":[{"taxonomy":"category","embeddable":true,"href":"https:\/\/www.europesays.com\/fr\/wp-json\/wp\/v2\/categories?post=362149"},{"taxonomy":"post_tag","embeddable":true,"href":"https:\/\/www.europesays.com\/fr\/wp-json\/wp\/v2\/tags?post=362149"}],"curies":[{"name":"wp","href":"https:\/\/api.w.org\/{rel}","templated":true}]}}