{"id":362155,"date":"2025-09-03T01:49:09","date_gmt":"2025-09-03T01:49:09","guid":{"rendered":"https:\/\/www.europesays.com\/fr\/362155\/"},"modified":"2025-09-03T01:49:09","modified_gmt":"2025-09-03T01:49:09","slug":"patrick-sebastien-sexprime-pour-la-premiere-fois-sur-la-polemique-de-la-fellation","status":"publish","type":"post","link":"https:\/\/www.europesays.com\/fr\/362155\/","title":{"rendered":"Patrick S\u00e9bastien s\u2019exprime pour la premi\u00e8re fois sur la pol\u00e9mique de la fellation"},"content":{"rendered":"<p>    Patrick S\u00e9bastien dans \u00abTBT9\u00bb<br \/>\n                Capture \u00e9cran W9<\/p>\n<p>L\u2019animateur et chanteur a choisi l\u2019\u00e9mission de Cyril Hanouna, \u00abTout beau tout n9uf\u00bb sur W9, pour donner sa version des faits apr\u00e8s avoir \u00e9t\u00e9 accus\u00e9 d\u2019avoir pratiqu\u00e9 un acte sexuel sur sc\u00e8ne devant un public compos\u00e9 d\u2019adultes et de mineurs.<\/p>\n<p class=\"fig-paragraph\">\u00abLe casse de sa tourn\u00e9e, les gens sont comme des fous. Quand j\u2019ai vu les images, je me suis dit qu\u2019il faut que je me le fasse\u00a0! Enfin pas Patrick\u00bb, s\u2019amuse \u00e0 d\u00e9clarer\u00a0<a href=\"http:\/\/tvmag.lefigaro.fr\/programme-tv\/actu-tele\/on-n-a-rien-capte-mais-on-a-ecoute-quand-meme-cyril-hanouna-lance-avec-humour-tout-beau-tout-fun-20250902\" target=\"_blank\" data-fig-type=\"Article\" rel=\"noopener nofollow\" data-gtm-custom-categorie=\"navigation\" data-gtm-custom-action=\"crossclick\" data-gtm-custom-label=\"Contextuel\" data-gtm-event=\"customEventSPE\" data-fig-domain=\"TVMAG\">Cyril Hanouna<\/a>\u00a0ce mardi 2 septembre dans \u00abTout beau tout n9uf\u00bb. Le ton grivois est donn\u00e9 ce soir sur W9. En fin d\u2019\u00e9mission,\u00a0<a href=\"http:\/\/tvmag.lefigaro.fr\/programme-tv\/people\/libertinage-frasques-et-derapages-la-vie-dissolue-de-patrick-sebastien-20250731\" target=\"_blank\" data-fig-type=\"Article\" rel=\"noopener nofollow\" data-gtm-custom-categorie=\"navigation\" data-gtm-custom-action=\"crossclick\" data-gtm-custom-label=\"Contextuel\" data-gtm-event=\"customEventSPE\" data-fig-domain=\"TVMAG\"><strong>Patrick S\u00e9bastien<\/strong><\/a> <strong>\u00a0<\/strong>est venu s\u2019exprimer sur la pol\u00e9mique qui a entach\u00e9 son \u00e9t\u00e9.<\/p>\n<p class=\"fig-paragraph\">En juillet dernier, l\u2019animateur aurait offert le spectacle d\u2019une fellation sur la sc\u00e8ne d\u2019un camping du Cap d\u2019Agde, selon une enqu\u00eate publi\u00e9e par la r\u00e9daction de\u00a0<a href=\"https:\/\/www.mediapart.fr\/journal\/france\/290725\/au-cap-d-agde-devant-des-familles-patrick-sebastien-offre-une-fellation-en-guise-de\" target=\"_blank\" rel=\"sponsored noopener nofollow\" data-gtm-custom-categorie=\"navigation\" data-gtm-custom-action=\"crossclick\" data-gtm-custom-label=\"Contextuel\" data-gtm-event=\"customEventSPE\">Mediapart<\/a>. \u00abUne arnaque m\u00e9diatique\u00bb, pour le chanteur et animateur.<\/p>\n<blockquote class=\"fig-quote&#10;    \">\n<p class=\"fig-quote__text\">Soit tu fais rentrer les enfants, soit tu fais rentrer les libertins.<\/p>\n<p>            Patrick S\u00e9bastien dans \u00abTBT9\u00bb\n    <\/p><\/blockquote>\n<p>                                    <a class=\"fig-a11y-skip a11y-hidden\" href=\"#fig-a11y-skip-main-inarticle\"><br \/>\n        Passer la publicit\u00e9<br \/>\n    <\/a><\/p>\n<p class=\"fig-paragraph\">\u00abDans ce public qui \u00e9tait l\u00e0 ce soir-l\u00e0, il y avait des libertins. Le public qu\u2019on vous a vendu comme \u201cfamiliale\u201d, il y avait des nanas avec les seins \u00e0 l\u2019air et les lani\u00e8res. Quand je suis rentr\u00e9 sur sc\u00e8ne, il avait un type qui \u00e9tait \u00e0 poil sur les \u00e9paules de son copain\u00bb, commence par se d\u00e9fendre Patrick S\u00e9bastien. Car si selon Me Binsard, l\u2019avocat de Patrick S\u00e9bastien, \u00abaucune infraction n\u2019a \u00e9t\u00e9 commise\u00bb qui pourrait \u00eatre assimilable \u00e0 de l\u2019exhibition sexuelle, c\u2019est la possible pr\u00e9sence de mineurs assistant au spectacle qui a choqu\u00e9 l\u2019opinion publique.<\/p>\n<p class=\"fig-body-link\">\n            \u00c0 lire aussi<br \/>\n        <a class=\"fig-body-link__link fig-premium-mark\" href=\"http:\/\/tvmag.lefigaro.fr\/programme-tv\/people\/libertinage-frasques-et-derapages-la-vie-dissolue-de-patrick-sebastien-20250731\" target=\"_blank\" data-fig-type=\"Article\" rel=\"noopener nofollow\" data-gtm-custom-categorie=\"navigation\" data-gtm-custom-action=\"crossclick\" data-gtm-custom-label=\"Contextuel\" data-gtm-event=\"customEventSPE\" data-fig-domain=\"TVMAG\">Libertinage, frasques et d\u00e9rapages&#8230; La vie dissolue de Patrick S\u00e9bastien<br \/>\n    <\/a>\n<\/p>\n<p class=\"fig-paragraph\">Images \u00e0 l\u2019appui et diffus\u00e9es dans \u00abTout beau tout n9uf\u00bb, le chanteur affirme que \u00abla fille de M\u00e9diapart\u00bb, la journaliste Sarah Brethes, \u00abvous a bien balad\u00e9 tous\u00bb. Dans la vid\u00e9o propos\u00e9e aux t\u00e9l\u00e9spectateurs de W9, impossible d\u2019estimer l\u2019\u00e2ge de tous les membres du public, mais en effet, une femme d\u00e9nud\u00e9e danse sur sc\u00e8ne. \u00abJe n\u2019ai pas vu d\u2019enfant, mais admettons, parce que j\u2019ai des projecteurs dans la t\u00eate, qu\u2019est-ce qu\u2019ils foutaient l\u00e0\u00a0?\u00bb, questionne Patrick S\u00e9bastien avant de trancher en direction des patrons du camping\u00a0: \u00absoit tu fais rentrer les enfants, soit tu fais rentrer les libertins.\u00bb<\/p>\n<p class=\"fig-paragraph\">Patrick S\u00e9bastien ne confirme, ni ne r\u00e9fute un acte sexuel sur sc\u00e8ne, mais explique que \u00abc\u2019est comme \u00e7a au Cap d\u2019Agde\u00bb. \u00abJ\u2019accepte tout, quoiqu\u2019il se soit pass\u00e9, mais je n\u2019ai pas chant\u00e9 devant une colonie de vacances. J\u2019ai chant\u00e9 au Cap d\u2019Agde o\u00f9 il y a eu des mesures libertines\u00bb, poursuit-il avant d\u2019assurer que tous ses galas \u00abse passent extr\u00eamement bien\u00bb, sans aucun d\u00e9bordement.<\/p>\n","protected":false},"excerpt":{"rendered":"Patrick S\u00e9bastien dans \u00abTBT9\u00bb Capture \u00e9cran W9 L\u2019animateur et chanteur a choisi l\u2019\u00e9mission de Cyril Hanouna, \u00abTout beau&hellip;\n","protected":false},"author":2,"featured_media":362156,"comment_status":"","ping_status":"","sticky":false,"template":"","format":"standard","meta":{"footnotes":""},"categories":[8],"tags":[58,59,1011,27,6097],"class_list":{"0":"post-362155","1":"post","2":"type-post","3":"status-publish","4":"format-standard","5":"has-post-thumbnail","7":"category-divertissement","8":"tag-divertissement","9":"tag-entertainment","10":"tag-fr","11":"tag-france","12":"tag-patrick-sebastien"},"share_on_mastodon":{"url":"https:\/\/pubeurope.com\/@fr\/115137856512650324","error":""},"_links":{"self":[{"href":"https:\/\/www.europesays.com\/fr\/wp-json\/wp\/v2\/posts\/362155","targetHints":{"allow":["GET"]}}],"collection":[{"href":"https:\/\/www.europesays.com\/fr\/wp-json\/wp\/v2\/posts"}],"about":[{"href":"https:\/\/www.europesays.com\/fr\/wp-json\/wp\/v2\/types\/post"}],"author":[{"embeddable":true,"href":"https:\/\/www.europesays.com\/fr\/wp-json\/wp\/v2\/users\/2"}],"replies":[{"embeddable":true,"href":"https:\/\/www.europesays.com\/fr\/wp-json\/wp\/v2\/comments?post=362155"}],"version-history":[{"count":0,"href":"https:\/\/www.europesays.com\/fr\/wp-json\/wp\/v2\/posts\/362155\/revisions"}],"wp:featuredmedia":[{"embeddable":true,"href":"https:\/\/www.europesays.com\/fr\/wp-json\/wp\/v2\/media\/362156"}],"wp:attachment":[{"href":"https:\/\/www.europesays.com\/fr\/wp-json\/wp\/v2\/media?parent=362155"}],"wp:term":[{"taxonomy":"category","embeddable":true,"href":"https:\/\/www.europesays.com\/fr\/wp-json\/wp\/v2\/categories?post=362155"},{"taxonomy":"post_tag","embeddable":true,"href":"https:\/\/www.europesays.com\/fr\/wp-json\/wp\/v2\/tags?post=362155"}],"curies":[{"name":"wp","href":"https:\/\/api.w.org\/{rel}","templated":true}]}}