{"id":362157,"date":"2025-09-03T01:50:12","date_gmt":"2025-09-03T01:50:12","guid":{"rendered":"https:\/\/www.europesays.com\/fr\/362157\/"},"modified":"2025-09-03T01:50:12","modified_gmt":"2025-09-03T01:50:12","slug":"whatsapp-mettez-a-jour-votre-iphone-il-peut-etre-espionne","status":"publish","type":"post","link":"https:\/\/www.europesays.com\/fr\/362157\/","title":{"rendered":"WhatsApp : mettez \u00e0 jour votre iPhone, il peut \u00eatre espionn\u00e9"},"content":{"rendered":"<p class=\"ed__a-p ed__bdy__l\"><img loading=\"lazy\" decoding=\"async\" src=\"data:image\/svg+xml,%3Csvg xmlns='http:\/\/www.w3.org\/2000\/svg'%3E%3C\/svg%3E\" draggable=\"false\" width=\"6000\" height=\"4000\" class=\"ed__title-xxs\" alt=\"Whatsapp sur un t\u00e9l\u00e9phone ainsi qu'un ordinateur\" style=\"background-color: #f2f2f2; aspect-ratio:6000\/4000;\"\/><\/p>\n<p>Un faille dangereuse touche les utilsateurs IOS sur Whatsapp<\/p>\n<p>\u00a9 Les Num\u00e9riques<\/p>\n<\/p>\n<p class=\"ed__a-p ed__bdy__l\"><a href=\"https:\/\/www.lesnumeriques.com\/forfait-mobile\/vous-partez-en-vacances-continuez-a-chatter-sur-whatsapp-avec-l-esim-holafly-n241716.html\" title=\"Vous partez en vacances ? Continuez \u00e0 chatter sur WhatsApp avec l\u2019eSIM Holafly\" rel=\"nofollow noopener\" target=\"_blank\">WhatsApp<\/a> est une messagerie tr\u00e8s populaire mais aussi la cible de nombreuses attaques. La derni\u00e8re en date vise sp\u00e9cifiquement les syst\u00e8mes iOS et si vous ne voulez pas en \u00eatre victime, il est conseill\u00e9 de tr\u00e8s vite mettre votre t\u00e9l\u00e9phone \u00e0 jour.<\/p>\n<p>            Publicit\u00e9, votre contenu continue ci-dessous<\/p>\n<p>        Publicit\u00e9<\/p>\n<p>Une faille dangereuse sur Whatsapp<\/p>\n<p class=\"ed__a-p ed__bdy__l\">WhatsApp a r\u00e9cemment signal\u00e9 une faille de s\u00e9curit\u00e9 importante <a href=\"https:\/\/www.lesnumeriques.com\/telephone-portable\/ios-18-6-2-installez-vite-cette-mise-a-jour-d-apple-sur-votre-iphone-avant-l-arrivee-d-ios-26-n241263.html\" title=\"iOS 18.6.2 : installez vite cette mise \u00e0 jour d\u2019Apple sur votre iPhone avant l\u2019arriv\u00e9e d\u2019iOS 26\" rel=\"nofollow noopener\" target=\"_blank\">qui touche les utilisateurs d\u2019iPhone, d\u2019iPad et de Mac<\/a>. Cette vuln\u00e9rabilit\u00e9 permet \u00e0 des pirates de prendre le contr\u00f4le d\u2019un appareil simplement en envoyant un message ou une image pi\u00e9g\u00e9e, sans que la personne ait besoin de cliquer sur quoi que ce soit. Selon <a href=\"https:\/\/www.lesnumeriques.com\/intelligence-artificielle\/vos-prompts-sont-publics-l-avertissement-tardif-de-meta-ai-ne-rassure-personne-n238199.html\" title=\"\u201cVos prompts sont publics\u201d : l\u2019avertissement tardif de Meta AI ne rassure personne\" rel=\"nofollow noopener\" target=\"_blank\">Meta<\/a>, moins de 200 personnes ont \u00e9t\u00e9 cibl\u00e9es jusqu\u2019ici, mais le risque est r\u00e9el que cette attaque soit \u00e9tendue \u00e0 d\u2019autres utilisateurs.<\/p>\n<p class=\"ed__a-p ed__bdy__l\">Comme l\u2019explique Donncha O Cearbhaill, responsable du laboratoire de s\u00e9curit\u00e9 d\u2019Amnesty International, il s\u2019agit d\u2019une \u201ccampagne de logiciels espions avanc\u00e9e\u201d qui combine plusieurs failles pour contourner les protections habituelles.<\/p>\n<p class=\"ed__a-p ed__bdy__l\"><img loading=\"lazy\" decoding=\"async\" src=\"data:image\/svg+xml,%3Csvg xmlns='http:\/\/www.w3.org\/2000\/svg'%3E%3C\/svg%3E\" draggable=\"false\" width=\"6205\" height=\"4137\" class=\"ed__title-xxs\" alt=\"Un \u00e9cran de t\u00e9l\u00e9phone avec l'application Whatsapp\" style=\"background-color: #f2f2f2; aspect-ratio:6205\/4137;\"\/><\/p>\n<p>Une attaque  simplement en envoyant un message ou une image pi\u00e9g\u00e9e<\/p>\n<p>\u00a9 Shutterstock<\/p>\n<\/p>\n<p>Une technique presque invisible<\/p>\n<p class=\"ed__a-p ed__bdy__l\">La technique utilis\u00e9e repose sur deux vuln\u00e9rabilit\u00e9s distinctes. La premi\u00e8re se situe dans WhatsApp lui-m\u00eame, notamment dans le m\u00e9canisme de synchronisation entre appareils connect\u00e9s au m\u00eame compte.<\/p>\n<p class=\"ed__a-p ed__bdy__l\">La seconde se trouve dans <a href=\"https:\/\/www.lesnumeriques.com\/telephone-portable\/iphone-12-apple-contraint-par-l-ue-de-corriger-un-probleme-d-ondes-via-une-mise-a-jour-n241832.html\" title=\"iPhone 12\u00a0: Apple contraint par l\u2019UE de corriger un probl\u00e8me d\u2019ondes via une mise \u00e0 jour\" rel=\"nofollow noopener\" target=\"_blank\">les syst\u00e8mes Apple<\/a> via le framework Image I\/O. En combinant ces failles, un pirate peut injecter du code malveillant dans un iPhone, iPad ou Mac et obtenir un acc\u00e8s complet aux donn\u00e9es de l\u2019appareil.<\/p>\n<p class=\"ed__a-p ed__bdy__l\">Cela inclut les messages, la cam\u00e9ra et le microphone. Ce type d\u2019attaque est appel\u00e9 \u00a0\u00bb zero-click \u00a0\u00bb car il ne n\u00e9cessite aucune action de l\u2019utilisateur pour fonctionner. Autrement dit, un simple message ou une image envoy\u00e9e depuis un num\u00e9ro inconnu peut suffire \u00e0 compromettre un appareil.<\/p>\n<p>Mettez vite Whatsapp \u00e0 jour<\/p>\n<p class=\"ed__a-p ed__bdy__l\">Heureusement, ces failles ont \u00e9t\u00e9 rapidement corrig\u00e9es. Meta a publi\u00e9 une mise \u00e0 jour de WhatsApp pour iOS et macOS \u00e0 la fin juillet et d\u00e9but ao\u00fbt 2025. Apple a \u00e9galement corrig\u00e9 la vuln\u00e9rabilit\u00e9 dans ses syst\u00e8mes d\u2019exploitation. Les versions de WhatsApp ant\u00e9rieures \u00e0 la 2.25.21.73 pour iOS et 2.25.21.78 pour macOS restent vuln\u00e9rables, il est donc essentiel de v\u00e9rifier que votre application est \u00e0 jour.<\/p>\n<p class=\"ed__a-p ed__bdy__l\">Meta recommande \u00e9galement d\u2019activer les mises \u00e0 jour automatiques pour se prot\u00e9ger contre de futures attaques. M\u00eame si cette attaque cible pour l\u2019instant des profils tr\u00e8s pr\u00e9cis, elle pourrait toucher davantage d\u2019utilisateurs dans les prochains jours.<\/p>\n<p>            Publicit\u00e9, votre contenu continue ci-dessous<\/p>\n<p>        Publicit\u00e9<\/p>\n<p class=\"ed__a-p ed__bdy__l\">Les Num\u00e9riques s\u2019installe \u00e0 Beaugrenelle Paris pour <a href=\"https:\/\/www.lesnumeriques.com\/evenement\/les-jours-les-plus-tech-2025.html\" rel=\"nofollow noopener\" target=\"_blank\">Les Jours Les Plus Tech<\/a> : d\u00e9monstrations de produits, conseils d\u2019usage ou d\u2019achat, \u00e9changes avec nos journalistes\u2026D\u00e9couvrez le programme complet <a href=\"https:\/\/www.lesnumeriques.com\/evenement\/les-jours-les-plus-tech-2025.html\" rel=\"nofollow noopener\" target=\"_blank\">ici<\/a>.<\/p>\n","protected":false},"excerpt":{"rendered":"Un faille dangereuse touche les utilsateurs IOS sur Whatsapp \u00a9 Les Num\u00e9riques WhatsApp est une messagerie tr\u00e8s populaire&hellip;\n","protected":false},"author":2,"featured_media":362158,"comment_status":"","ping_status":"","sticky":false,"template":"","format":"standard","meta":{"footnotes":""},"categories":[7],"tags":[1011,27,43,40,41,39,42,44],"class_list":{"0":"post-362157","1":"post","2":"type-post","3":"status-publish","4":"format-standard","5":"has-post-thumbnail","7":"category-sciences-et-technologies","8":"tag-fr","9":"tag-france","10":"tag-science","11":"tag-science-and-technology","12":"tag-sciences","13":"tag-sciences-et-technologies","14":"tag-technologies","15":"tag-technology"},"share_on_mastodon":{"url":"https:\/\/pubeurope.com\/@fr\/115137860345583706","error":""},"_links":{"self":[{"href":"https:\/\/www.europesays.com\/fr\/wp-json\/wp\/v2\/posts\/362157","targetHints":{"allow":["GET"]}}],"collection":[{"href":"https:\/\/www.europesays.com\/fr\/wp-json\/wp\/v2\/posts"}],"about":[{"href":"https:\/\/www.europesays.com\/fr\/wp-json\/wp\/v2\/types\/post"}],"author":[{"embeddable":true,"href":"https:\/\/www.europesays.com\/fr\/wp-json\/wp\/v2\/users\/2"}],"replies":[{"embeddable":true,"href":"https:\/\/www.europesays.com\/fr\/wp-json\/wp\/v2\/comments?post=362157"}],"version-history":[{"count":0,"href":"https:\/\/www.europesays.com\/fr\/wp-json\/wp\/v2\/posts\/362157\/revisions"}],"wp:featuredmedia":[{"embeddable":true,"href":"https:\/\/www.europesays.com\/fr\/wp-json\/wp\/v2\/media\/362158"}],"wp:attachment":[{"href":"https:\/\/www.europesays.com\/fr\/wp-json\/wp\/v2\/media?parent=362157"}],"wp:term":[{"taxonomy":"category","embeddable":true,"href":"https:\/\/www.europesays.com\/fr\/wp-json\/wp\/v2\/categories?post=362157"},{"taxonomy":"post_tag","embeddable":true,"href":"https:\/\/www.europesays.com\/fr\/wp-json\/wp\/v2\/tags?post=362157"}],"curies":[{"name":"wp","href":"https:\/\/api.w.org\/{rel}","templated":true}]}}