{"id":362167,"date":"2025-09-03T01:56:09","date_gmt":"2025-09-03T01:56:09","guid":{"rendered":"https:\/\/www.europesays.com\/fr\/362167\/"},"modified":"2025-09-03T01:56:09","modified_gmt":"2025-09-03T01:56:09","slug":"une-annonce-officielle-tombe-pour-saint-etienne","status":"publish","type":"post","link":"https:\/\/www.europesays.com\/fr\/362167\/","title":{"rendered":"Une annonce officielle tombe pour Saint-\u00c9tienne"},"content":{"rendered":"<p>\t\t\tAfficher l\u2019index Masquer l\u2019index <\/p>\n<p>Pour l\u2019<strong>ASSE<\/strong>, le rendez-vous est d\u00e9j\u00e0 pris en banlieue parisienne et les supporters savent d\u00e9sormais \u00e0 quoi s\u2019en\u00a0tenir. La <strong>LFP<\/strong> a en effet d\u00e9voil\u00e9 la programmation de la 13e journ\u00e9e de <strong>Ligue 2<\/strong>.<\/p>\n<p>ASSE : Une programmation d\u00e9j\u00e0 fix\u00e9e pour les Verts\t<\/p>\n<p>Avec presque deux mois d\u2019avance, la LFP a tranch\u00e9. Le d\u00e9placement de l\u2019ASSE \u00e0 Saint-Ouen pour affronter le Red Star aura lieu le samedi 1er novembre, \u00e0 20h, en direct sur beIN Sports. Une annonce qui permet aux supporters de planifier sans stress leur voyage.<\/p>\n<p><strong>Lire aussi : <a href=\"https:\/\/www.foot-sur7.fr\/693146-mercato-asse-le-point-complet-sur-les-departs-et-arrivees\" rel=\"nofollow noopener\" target=\"_blank\">Mercato ASSE : Le point complet sur les d\u00e9parts et arriv\u00e9es<\/a><\/strong><\/p>\n<p>Cette communication anticip\u00e9e s\u2019inscrit dans la strat\u00e9gie de la Ligue, qui veut faciliter l\u2019organisation des clubs et de leurs fid\u00e8les. Un geste appr\u00e9ci\u00e9 dans un championnat o\u00f9 les d\u00e9placements ne sont pas toujours simples \u00e0 g\u00e9rer.<\/p>\n<p>Le samedi soir, cr\u00e9neau des Verts<\/p>\n<p>Sans surprise, les Verts h\u00e9ritent encore du prime time du samedi soir. Une constante cette saison, qui confirme l\u2019attrait m\u00e9diatique de l\u2019AS Saint-Etienne en Ligue 2. Les St\u00e9phanois restent une valeur s\u00fbre d\u2019audience, h\u00e9ritage de leur histoire et de leur ferveur populaire.<\/p>\n<p><a class=\"related-article simple\" href=\"https:\/\/www.foot-sur7.fr\/693326-pavard-a-lom-lucas-hernandez-tombe-des-nues\" rel=\"nofollow noopener\" target=\"_blank\">\u00c0 voirPavard \u00e0 l\u2019OM : Lucas Hernandez tombe des nues<\/a><\/p>\n<p><strong>Lire aussi : <a href=\"https:\/\/www.foot-sur7.fr\/692817-asse-blesse-une-decision-tombe-pour-mahmoud-jaber\" rel=\"nofollow noopener\" target=\"_blank\">ASSE : Bless\u00e9, une d\u00e9cision tombe pour Mahmoud Jaber<\/a><\/strong><\/p>\n<p>Pour les fans, c\u2019est la garantie de vibrer \u00e0 une heure id\u00e9ale, devant les \u00e9crans comme dans les tribunes. Un rendez-vous qui, une fois de plus, m\u00ealera passion, nostalgie et ambition pour les hommes en vert.<\/p>\n","protected":false},"excerpt":{"rendered":"Afficher l\u2019index Masquer l\u2019index Pour l\u2019ASSE, le rendez-vous est d\u00e9j\u00e0 pris en banlieue parisienne et les supporters savent&hellip;\n","protected":false},"author":2,"featured_media":362168,"comment_status":"","ping_status":"","sticky":false,"template":"","format":"standard","meta":{"footnotes":""},"categories":[9653],"tags":[1111,11,2430,1777,674,1011,27,12,25,4001],"class_list":{"0":"post-362167","1":"post","2":"type-post","3":"status-publish","4":"format-standard","5":"has-post-thumbnail","7":"category-saint-etienne","8":"tag-actu","9":"tag-actualites","10":"tag-auvergne-rhone-alpes","11":"tag-eu","12":"tag-europe","13":"tag-fr","14":"tag-france","15":"tag-news","16":"tag-republique-francaise","17":"tag-saint-etienne"},"share_on_mastodon":{"url":"https:\/\/pubeurope.com\/@fr\/115137883906539856","error":""},"_links":{"self":[{"href":"https:\/\/www.europesays.com\/fr\/wp-json\/wp\/v2\/posts\/362167","targetHints":{"allow":["GET"]}}],"collection":[{"href":"https:\/\/www.europesays.com\/fr\/wp-json\/wp\/v2\/posts"}],"about":[{"href":"https:\/\/www.europesays.com\/fr\/wp-json\/wp\/v2\/types\/post"}],"author":[{"embeddable":true,"href":"https:\/\/www.europesays.com\/fr\/wp-json\/wp\/v2\/users\/2"}],"replies":[{"embeddable":true,"href":"https:\/\/www.europesays.com\/fr\/wp-json\/wp\/v2\/comments?post=362167"}],"version-history":[{"count":0,"href":"https:\/\/www.europesays.com\/fr\/wp-json\/wp\/v2\/posts\/362167\/revisions"}],"wp:featuredmedia":[{"embeddable":true,"href":"https:\/\/www.europesays.com\/fr\/wp-json\/wp\/v2\/media\/362168"}],"wp:attachment":[{"href":"https:\/\/www.europesays.com\/fr\/wp-json\/wp\/v2\/media?parent=362167"}],"wp:term":[{"taxonomy":"category","embeddable":true,"href":"https:\/\/www.europesays.com\/fr\/wp-json\/wp\/v2\/categories?post=362167"},{"taxonomy":"post_tag","embeddable":true,"href":"https:\/\/www.europesays.com\/fr\/wp-json\/wp\/v2\/tags?post=362167"}],"curies":[{"name":"wp","href":"https:\/\/api.w.org\/{rel}","templated":true}]}}