{"id":362169,"date":"2025-09-03T01:57:41","date_gmt":"2025-09-03T01:57:41","guid":{"rendered":"https:\/\/www.europesays.com\/fr\/362169\/"},"modified":"2025-09-03T01:57:41","modified_gmt":"2025-09-03T01:57:41","slug":"ici-mereville-54850-actualites-et-infos-de-votre-ville-en-continu","status":"publish","type":"post","link":"https:\/\/www.europesays.com\/fr\/362169\/","title":{"rendered":"ici M\u00e9r\u00e9ville (54850) : actualit\u00e9s et infos de votre ville en continu"},"content":{"rendered":"<p>Quel est le portrait des habitants de M\u00e9r\u00e9ville ?<\/p>\n<p>En 2018 la densit\u00e9 de population de M\u00e9r\u00e9ville \u00e9tait de 152,8 habitants\/km\u00b2. En effet, la localit\u00e9 comptait 1 317 habitants sur 8,62 kilom\u00e8tres carr\u00e9s de superficie. Parmi les municipalit\u00e9s du d\u00e9partement de la Meurthe-et-Moselle, cette ville occupait donc la 96e position concernant la densit\u00e9 de population.<\/p>\n<p>Quelques chiffres \u00e0 conna\u00eetre sur le logement \u00e0 M\u00e9r\u00e9ville<\/p>\n<p>On d\u00e9nombre un total de 594 logements \u00e0 M\u00e9r\u00e9ville. Avec une superficie de 8,62 km\u00b2 et un total de 1 317 habitants, la ville a une densit\u00e9 de population de 152,8 habitants par km\u00b2 et une densit\u00e9 de logement de 0,7 log\/ha. La densit\u00e9 de logement est identique \u00e0 la moyenne d\u00e9partementale tandis que la densit\u00e9 de population, elle, est plus \u00e9lev\u00e9e (138,9 hab\/km\u00b2 et 0,7 log\/ha).<\/p>\n<p>Quelques chiffres \u00e0 la loupe sur la r\u00e9partition du logement au sein de la municipalit\u00e9<\/p>\n<p>Dans la ville, on compte actuellement bien plus de propri\u00e9taires que de locataires. Environ 88,4\u00a0% des r\u00e9sidences principales sont occup\u00e9es par des propri\u00e9taires contre 11,6\u00a0% occup\u00e9es par des locataires (dont 0,4 % \u00e0 titre gracieux). Parmi toutes les habitations de M\u00e9r\u00e9ville, 4,4\u00a0% sont des r\u00e9sidences secondaires, 3,7\u00a0% des logements vacants et 91,8\u00a0% des r\u00e9sidences principales. Par ailleurs, les logements sociaux repr\u00e9sentent 0,4\u00a0% de ces derni\u00e8res. La plupart des 545 m\u00e9nages de la ville ont emm\u00e9nag\u00e9 depuis 30 ans ou plus.<\/p>\n<p>Caract\u00e9ristiques et informations pratiques sur les pi\u00e8ces des logements de la ville<\/p>\n<p>Au niveau de la localit\u00e9, les logements sont en tr\u00e8s grande majorit\u00e9 des maisons (92,4 %). Les maisons familiales de 5 pi\u00e8ces sont les plus nombreuses. Elles repr\u00e9sentent 36,8 % de celles-ci et leur surface est principalement comprise entre 80 et 100 m\u00b2. On trouve \u00e9galement de nombreuses maisons de 6 pi\u00e8ces et plus (33,5 %). Les appartements, moins nombreux (42), sont principalement compos\u00e9s de 3 pi\u00e8ces. Le plus souvent, leur surface est comprise entre 40 et 60 m\u00b2. Enfin, on peut constater que les logements ont majoritairement \u00e9t\u00e9 construits entre 1971 et 1990.<\/p>\n<p>D\u00e9couvrez quelques informations chiffr\u00e9es \u00e0 propos de l&rsquo;imp\u00f4t sur le revenu \u00e0 M\u00e9r\u00e9ville<\/p>\n<p>La municipalit\u00e9 de M\u00e9r\u00e9ville d\u00e9compte un total de 675 foyers fiscaux. Parmi eux, 27,6 % ne sont pas imposables. Ce pourcentage est plus faible que celui du d\u00e9partement qui s&rsquo;\u00e9l\u00e8ve \u00e0 53,5 %. Le revenu m\u00e9dian annuel des habitants de M\u00e9r\u00e9ville est de 27 360 \u20ac, soit 5 570 \u20ac de plus que celui de la Meurthe-et-Moselle. Les habitants de M\u00e9r\u00e9ville paient en moyenne un imp\u00f4t sur le revenu de 3 420 \u20ac par foyer fiscal. Ce dernier est donc plus \u00e9lev\u00e9 que celui de la Meurthe-et-Moselle qui s&rsquo;\u00e9l\u00e8ve \u00e0 1 442 \u20ac. Par ailleurs, 37 % des foyers d\u00e9clarent percevoir une pension ou une retraite.<\/p>\n<p>Quelques chiffres \u00e0 la loupe concernant l&#8217;emploi \u00e0 M\u00e9r\u00e9ville<\/p>\n<p>\u00c0 M\u00e9r\u00e9ville, le taux d&rsquo;activit\u00e9 \u00e9tait de 76 % au 31 d\u00e9cembre 2018 : il y avait en effet 829 habitants de 15 \u00e0 64 ans, parmi lesquels 630 \u00e9taient actifs. Il y avait alors peu d&rsquo;\u00e9cart avec les statistiques sur l&rsquo;ensemble du territoire national, qui enregistrait un taux d&rsquo;activit\u00e9 de 71,9 %.<\/p>\n<p>Le taux de ch\u00f4mage de la ville atteignait 6,19 %, 39 actifs \u00e9tant sans emploi. C&rsquo;est 2,91 points de moins qu&rsquo;au niveau national, o\u00f9 le taux de ch\u00f4mage s&rsquo;\u00e9levait \u00e0 9,1 %.<\/p>\n","protected":false},"excerpt":{"rendered":"Quel est le portrait des habitants de M\u00e9r\u00e9ville ? En 2018 la densit\u00e9 de population de M\u00e9r\u00e9ville \u00e9tait&hellip;\n","protected":false},"author":2,"featured_media":11291,"comment_status":"","ping_status":"","sticky":false,"template":"","format":"standard","meta":{"footnotes":""},"categories":[9635],"tags":[1111,11,1777,674,1011,27,775,1702,12,25],"class_list":{"0":"post-362169","1":"post","2":"type-post","3":"status-publish","4":"format-standard","5":"has-post-thumbnail","7":"category-nancy","8":"tag-actu","9":"tag-actualites","10":"tag-eu","11":"tag-europe","12":"tag-fr","13":"tag-france","14":"tag-grand-est","15":"tag-nancy","16":"tag-news","17":"tag-republique-francaise"},"share_on_mastodon":{"url":"https:\/\/pubeurope.com\/@fr\/115137887851405264","error":""},"_links":{"self":[{"href":"https:\/\/www.europesays.com\/fr\/wp-json\/wp\/v2\/posts\/362169","targetHints":{"allow":["GET"]}}],"collection":[{"href":"https:\/\/www.europesays.com\/fr\/wp-json\/wp\/v2\/posts"}],"about":[{"href":"https:\/\/www.europesays.com\/fr\/wp-json\/wp\/v2\/types\/post"}],"author":[{"embeddable":true,"href":"https:\/\/www.europesays.com\/fr\/wp-json\/wp\/v2\/users\/2"}],"replies":[{"embeddable":true,"href":"https:\/\/www.europesays.com\/fr\/wp-json\/wp\/v2\/comments?post=362169"}],"version-history":[{"count":0,"href":"https:\/\/www.europesays.com\/fr\/wp-json\/wp\/v2\/posts\/362169\/revisions"}],"wp:featuredmedia":[{"embeddable":true,"href":"https:\/\/www.europesays.com\/fr\/wp-json\/wp\/v2\/media\/11291"}],"wp:attachment":[{"href":"https:\/\/www.europesays.com\/fr\/wp-json\/wp\/v2\/media?parent=362169"}],"wp:term":[{"taxonomy":"category","embeddable":true,"href":"https:\/\/www.europesays.com\/fr\/wp-json\/wp\/v2\/categories?post=362169"},{"taxonomy":"post_tag","embeddable":true,"href":"https:\/\/www.europesays.com\/fr\/wp-json\/wp\/v2\/tags?post=362169"}],"curies":[{"name":"wp","href":"https:\/\/api.w.org\/{rel}","templated":true}]}}