{"id":362172,"date":"2025-09-03T02:01:22","date_gmt":"2025-09-03T02:01:22","guid":{"rendered":"https:\/\/www.europesays.com\/fr\/362172\/"},"modified":"2025-09-03T02:01:22","modified_gmt":"2025-09-03T02:01:22","slug":"mis-en-cause-dans-un-nouveau-dossier-hamid-38-mentions-a-son-casier-judiciaire-devra-seloigner-de-son-quartier-natal-des-beaux-arts-de-montpellier","status":"publish","type":"post","link":"https:\/\/www.europesays.com\/fr\/362172\/","title":{"rendered":"Mis en cause dans un nouveau dossier, Hamid, 38 mentions \u00e0 son casier judiciaire, devra s\u2019\u00e9loigner de son \u00ab\u00a0quartier natal\u00a0\u00bb des Beaux-Arts de Montpellier"},"content":{"rendered":"<p>\n                                                                Hamid, 48 ans, 26 derri\u00e8re les barreaux, a \u00e9t\u00e9 jug\u00e9 ce lundi 1er\u00a0septembre pour des faits de d\u00e9gradations commis dans un appartement du quartier des Beaux-Arts\u2026 Et dans une rue o\u00f9 il n\u2019aurait pas d\u00fb se trouver en raison d\u2019une pr\u00e9c\u00e9dente mesure d\u2019\u00e9loignement prononc\u00e9e. Il a \u00e9cop\u00e9 de huit mois de prison ferme.\n                            <\/p>\n<p>\u00ab\u00a0Je n\u2019ai pas port\u00e9 d\u2019arme. Je n\u2019ai menac\u00e9 personne. Les Beaux-Arts c\u2019est mon quartier natal, tout le monde me conna\u00eet\u00a0\u00bb. Devant le tribunal correctionnel, ce lundi, Hamid tente de plaider la m\u00e9prise, le mauvais concours de circonstances.<\/p>\n<p>Interdit de para\u00eetre aux Beaux-Arts<\/p>\n<p>Le jeudi 28\u00a0ao\u00fbt, en d\u00e9but de soir\u00e9e, ce quadrag\u00e9naire au physique malingre a pourtant \u00e9t\u00e9 surpris par les policiers dans une rue du quartier des Beaux-Arts o\u00f9 il n\u2019aurait pas d\u00fb \u00eatre. Et surtout \u00e0 proximit\u00e9 d\u2019un immeuble\u00a0ACM qui vient\u00a0de faire l\u2019objet de d\u00e9gradations sur sa porte d\u2019entr\u00e9e. \u00c0 l\u2019int\u00e9rieur, un appartement est r\u00e9put\u00e9 squatt\u00e9.<\/p>\n<p>Selon un t\u00e9moin, Hamid, facilement reconnaissable, a \u00e9t\u00e9 vu en train de s\u2019en \u00e9loigner, \u00e0 v\u00e9lo. \u00c0 proximit\u00e9 des lieux, dans un\u00a0local poubelle, les policiers retrouvent aussi un couteau \u00e0 cran d\u2019arr\u00eat. La figure d\u2019Hamid ne leur est pas \u00e9trang\u00e8re.<\/p>\n<p>26 ans pass\u00e9s en prison<\/p>\n<p>\u00c0 48 ans, il cumule pas moins de 38 mentions \u00e0 son casier judiciaire et a pass\u00e9 26 ann\u00e9es de sa vie derri\u00e8re les barreaux pour des affaires diverses de conduite sans permis, ports d\u2019armes, violences avec menace d\u2019une arme\u2026 Des condamnations qui lui ont aussi valu une interdiction de para\u00eetre dans une partie de son \u00ab\u00a0quartier natal\u00a0\u00bb des Beaux-Arts.<\/p>\n<p>Pour se d\u00e9fendre, Hamid met en avant sa m\u00e9connaissance du nom des rues concern\u00e9es par ce p\u00e9rim\u00e8tre. Il n\u2019en dira pas plus sur les raisons de sa pr\u00e9sence dans le secteur.<\/p>\n<p>Cette nouvelle comparution, marqu\u00e9e par la r\u00e9cidive, suscite la perplexit\u00e9 du parquet sur les modalit\u00e9s de la peine. \u00ab\u00a0Toutes les alternatives ont \u00e9t\u00e9 utilis\u00e9es. Tout a \u00e9t\u00e9 tent\u00e9\u00a0\u00bb a observ\u00e9 sa repr\u00e9sentante avant de demander un an de prison ferme. \u00ab\u00a0L\u2019enfermer une nouvelle fois n\u2019est pas la bonne solution\u00a0\u00bb a ajout\u00e9 l\u2019avocate du quadrag\u00e9naire.<\/p>\n<p>Hamid a finalement \u00e9t\u00e9 condamn\u00e9 \u00e0 huit mois de prison ferme avec maintien en d\u00e9tention\u2026 Et interdiction de retourner aux Beaux-Arts pendant un an.<\/p>\n","protected":false},"excerpt":{"rendered":"Hamid, 48 ans, 26 derri\u00e8re les barreaux, a \u00e9t\u00e9 jug\u00e9 ce lundi 1er\u00a0septembre pour des faits de d\u00e9gradations&hellip;\n","protected":false},"author":2,"featured_media":362173,"comment_status":"","ping_status":"","sticky":false,"template":"","format":"standard","meta":{"footnotes":""},"categories":[9599],"tags":[1111,11,1777,674,1011,27,2208,12,2680,25],"class_list":{"0":"post-362172","1":"post","2":"type-post","3":"status-publish","4":"format-standard","5":"has-post-thumbnail","7":"category-montpellier","8":"tag-actu","9":"tag-actualites","10":"tag-eu","11":"tag-europe","12":"tag-fr","13":"tag-france","14":"tag-montpellier","15":"tag-news","16":"tag-occitanie","17":"tag-republique-francaise"},"share_on_mastodon":{"url":"https:\/\/pubeurope.com\/@fr\/115137903540103345","error":""},"_links":{"self":[{"href":"https:\/\/www.europesays.com\/fr\/wp-json\/wp\/v2\/posts\/362172","targetHints":{"allow":["GET"]}}],"collection":[{"href":"https:\/\/www.europesays.com\/fr\/wp-json\/wp\/v2\/posts"}],"about":[{"href":"https:\/\/www.europesays.com\/fr\/wp-json\/wp\/v2\/types\/post"}],"author":[{"embeddable":true,"href":"https:\/\/www.europesays.com\/fr\/wp-json\/wp\/v2\/users\/2"}],"replies":[{"embeddable":true,"href":"https:\/\/www.europesays.com\/fr\/wp-json\/wp\/v2\/comments?post=362172"}],"version-history":[{"count":0,"href":"https:\/\/www.europesays.com\/fr\/wp-json\/wp\/v2\/posts\/362172\/revisions"}],"wp:featuredmedia":[{"embeddable":true,"href":"https:\/\/www.europesays.com\/fr\/wp-json\/wp\/v2\/media\/362173"}],"wp:attachment":[{"href":"https:\/\/www.europesays.com\/fr\/wp-json\/wp\/v2\/media?parent=362172"}],"wp:term":[{"taxonomy":"category","embeddable":true,"href":"https:\/\/www.europesays.com\/fr\/wp-json\/wp\/v2\/categories?post=362172"},{"taxonomy":"post_tag","embeddable":true,"href":"https:\/\/www.europesays.com\/fr\/wp-json\/wp\/v2\/tags?post=362172"}],"curies":[{"name":"wp","href":"https:\/\/api.w.org\/{rel}","templated":true}]}}