{"id":362176,"date":"2025-09-03T02:06:17","date_gmt":"2025-09-03T02:06:17","guid":{"rendered":"https:\/\/www.europesays.com\/fr\/362176\/"},"modified":"2025-09-03T02:06:17","modified_gmt":"2025-09-03T02:06:17","slug":"boulanger-poignarde-au-thorax-a-grenoble-il-a-ete-attaque-alors-quil-ne-faisait-que-son-travail-les-gerants-de-la-boulangerie-reviennent-sur-la-terrible-agression","status":"publish","type":"post","link":"https:\/\/www.europesays.com\/fr\/362176\/","title":{"rendered":"Boulanger poignard\u00e9 au thorax \u00e0 Grenoble\u00a0: \u00ab\u00a0Il a \u00e9t\u00e9 attaqu\u00e9 alors qu\u2019il ne faisait que son travail\u00a0\u00bb, les g\u00e9rants de la boulangerie reviennent sur la terrible agression"},"content":{"rendered":"<p>\n                                                                Au petit matin, le boulanger de 26 ans levait les rideaux de fer de la boulangerie o\u00f9 il travaillait. Avant qu\u2019une altercation explose avec trois individus, dont un arm\u00e9 d&rsquo;un couteau.\n                            <\/p>\n<p>Dimanche 31\u00a0ao\u00fbt, <strong>un boulanger agress\u00e9 par trois individus a re\u00e7u deux coups de couteau au thorax<\/strong>. Gri\u00e8vement bless\u00e9, son pronostic vital \u00e9tait engag\u00e9.<\/p>\n<p>\u00ab\u00a0Il a \u00e9t\u00e9 agress\u00e9 alors qu\u2019il ne faisait que son travail\u00a0\u00bb. Ce mardi 2\u00a0septembre, au lendemain de la violente agression, les g\u00e9rants\u00a0de la boulangerie de Grenoble (Is\u00e8re) o\u00f9 son employ\u00e9 de <strong>26 ans<\/strong> a \u00e9t\u00e9 gri\u00e8vement bless\u00e9 \u00e0 l\u2019arme blanche sont revenus sur l\u2019\u00e9v\u00e9nement. \u00ab\u00a0Il a essay\u00e9 de r\u00e9cup\u00e9rer le pain, raconte Emmanuel Lenoir, l\u2019un des propri\u00e9taires du commerce.<\/p>\n<p>Son employ\u00e9, \u00e2g\u00e9 de 26 ans, ouvrait la boulangerie, ce dimanche, aux alentours de 4\u00a0h\u00a030, selon des sources polici\u00e8res. Quand, par la fen\u00eatre de la boutique laiss\u00e9e ouverte pour rafra\u00eechir le magasin,<strong> il aper\u00e7oit trois individus se servir dans les pani\u00e8res \u00e0 pain<\/strong>. Une altercation explose alors et, sur le trottoir, les choses d\u00e9g\u00e9n\u00e8rent\u00a0: <strong>l\u2019un de ses agresseurs lui ass\u00e8ne plusieurs coups de couteau<\/strong>. Il est poignard\u00e9 \u00e0 deux reprises au thorax. Sur les cam\u00e9ras de surveillance, \u00ab\u00a0on le voit revenir sur les cam\u00e9ras en se plaignant\u00a0\u00bb relate Emmanuel Lenoir. \u00ab\u00a0Je pense qu\u2019il a pris des coups de couteau \u00e0 la sortie\u00a0\u00bb, confirme-t-il.<\/p>\n<p>L\u2019homme est pris en charge dans un \u00e9tat critique. <strong>Son pronostic vital est engag\u00e9.<\/strong><\/p>\n<p>\u00ab\u00a0Je suis en col\u00e8re\u00a0\u00bb<\/p>\n<p>\u00ab\u00a0Je suis choqu\u00e9e, je suis indign\u00e9e et profond\u00e9ment attrist\u00e9e\u00a0\u00bb, a d\u00e9clar\u00e9 sa compagne et cog\u00e9rante Martine Lenoir au micro de BFMTV. Son compagnon, lui, ne d\u00e9col\u00e8re pas. \u00ab\u00a0Je suis en col\u00e8re vis-\u00e0-vis de mon collaborateur parce qu\u2019aujourd\u2019hui, on fabrique du pain, de l\u2019eau et de la farine.\u00a0Malheureusement, qu\u2019est-ce qu\u2019il faut faire\u00a0? Moi, je vais assurer la s\u00e9curit\u00e9 de mes employ\u00e9s, d\u00e9j\u00e0 premi\u00e8rement. Et puis \u00e0 chacun de prendre ses responsabilit\u00e9s. Moi, les miennes, je vais les prendre\u00a0\u00bb, d\u00e9plore-t-il aupr\u00e8s d<a href=\"https:\/\/www.francebleu.fr\/emissions\/l-info-d-ici-a-7h30-ici-isere\/boulanger-poignarde-a-grenoble-malheureusement-qu-est-ce-qu-il-faut-faire-se-demande-le-gerant-2721714\" target=\"_self\" rel=\"nofollow noopener\">\u2019Ici Is\u00e8re.<\/a><\/p>\n<p>Les trois suspects toujours en fuite<\/p>\n<p>Si les clients sont encore en \u00e9tat de choc, ils ne sont pas surpris par ce qu\u2019il s\u2019est pass\u00e9. Depuis plusieurs semaines, tous se sentent dans un climat d\u2019ins\u00e9curit\u00e9.\u00a0\u00ab\u00a0D\u2019autres incivilit\u00e9s autour de nos magasins et autour de nous sur Grenoble se passent tous les jours\u00a0\u00bb, explique Martine Lenoir, qui d\u00e9plore un\u00a0manque de \u00ab\u00a0pr\u00e9sence, d\u2019actes\u00a0\u00bb de l\u2019\u00c9tat. \u00ab\u00a0On a re\u00e7u un appel (du minist\u00e8re de l\u2019Int\u00e9rieur, NDLR), mais on attendait des mots un peu plus fort, surtout une pr\u00e9sence, et puis des actes [\u2026] On a le sentiment d\u2019\u00eatre laiss\u00e9s seuls dans l\u2019\u00e9preuve\u00a0\u00bb, a-t-elle encore d\u00e9nonc\u00e9.<\/p>\n<p>Si le pronostic vital de la victime \u00e9tait engag\u00e9 lors de sa prise en charge<strong>, l\u2019\u00e9tat de l\u2019artisan-boulanger bless\u00e9 s\u2019est am\u00e9lior\u00e9<\/strong>\u00a0ce lundi, d\u2019apr\u00e8s Ici Is\u00e8re.<\/p>\n<p><strong>Les trois suspects qui ont pris la fuite apr\u00e8s la violente agression sont toujours recherch\u00e9s.<\/strong> Une enqu\u00eate a \u00e9t\u00e9 ouverte.<\/p>\n","protected":false},"excerpt":{"rendered":"Au petit matin, le boulanger de 26 ans levait les rideaux de fer de la boulangerie o\u00f9 il&hellip;\n","protected":false},"author":2,"featured_media":362177,"comment_status":"","ping_status":"","sticky":false,"template":"","format":"standard","meta":{"footnotes":""},"categories":[9566],"tags":[1111,11,2430,1777,674,1011,27,2731,12,25],"class_list":{"0":"post-362176","1":"post","2":"type-post","3":"status-publish","4":"format-standard","5":"has-post-thumbnail","7":"category-grenoble","8":"tag-actu","9":"tag-actualites","10":"tag-auvergne-rhone-alpes","11":"tag-eu","12":"tag-europe","13":"tag-fr","14":"tag-france","15":"tag-grenoble","16":"tag-news","17":"tag-republique-francaise"},"share_on_mastodon":{"url":"https:\/\/pubeurope.com\/@fr\/115137923163379070","error":""},"_links":{"self":[{"href":"https:\/\/www.europesays.com\/fr\/wp-json\/wp\/v2\/posts\/362176","targetHints":{"allow":["GET"]}}],"collection":[{"href":"https:\/\/www.europesays.com\/fr\/wp-json\/wp\/v2\/posts"}],"about":[{"href":"https:\/\/www.europesays.com\/fr\/wp-json\/wp\/v2\/types\/post"}],"author":[{"embeddable":true,"href":"https:\/\/www.europesays.com\/fr\/wp-json\/wp\/v2\/users\/2"}],"replies":[{"embeddable":true,"href":"https:\/\/www.europesays.com\/fr\/wp-json\/wp\/v2\/comments?post=362176"}],"version-history":[{"count":0,"href":"https:\/\/www.europesays.com\/fr\/wp-json\/wp\/v2\/posts\/362176\/revisions"}],"wp:featuredmedia":[{"embeddable":true,"href":"https:\/\/www.europesays.com\/fr\/wp-json\/wp\/v2\/media\/362177"}],"wp:attachment":[{"href":"https:\/\/www.europesays.com\/fr\/wp-json\/wp\/v2\/media?parent=362176"}],"wp:term":[{"taxonomy":"category","embeddable":true,"href":"https:\/\/www.europesays.com\/fr\/wp-json\/wp\/v2\/categories?post=362176"},{"taxonomy":"post_tag","embeddable":true,"href":"https:\/\/www.europesays.com\/fr\/wp-json\/wp\/v2\/tags?post=362176"}],"curies":[{"name":"wp","href":"https:\/\/api.w.org\/{rel}","templated":true}]}}