{"id":362178,"date":"2025-09-03T02:08:20","date_gmt":"2025-09-03T02:08:20","guid":{"rendered":"https:\/\/www.europesays.com\/fr\/362178\/"},"modified":"2025-09-03T02:08:20","modified_gmt":"2025-09-03T02:08:20","slug":"le-nouveau-ne-file-a-paris-pour-une-grande-exposition","status":"publish","type":"post","link":"https:\/\/www.europesays.com\/fr\/362178\/","title":{"rendered":"Le Nouveau-n\u00e9 file \u00e0 Paris pour une grande exposition"},"content":{"rendered":"<p style=\"text-align: justify;\">\u00c0 la fin de l\u2019\u00e9t\u00e9, la plus c\u00e9l\u00e8bre toile rennaise, Le Nouveau-n\u00e9, quitte provisoirement les cimaises du Mus\u00e9e des Beaux-Arts de Rennes pour prendre la direction de Paris. Cette \u0153uvre majeure de Georges de La Tour, peinte vers 1645, a \u00e9t\u00e9 choisie pour figurer au c\u0153ur d\u2019une grande r\u00e9trospective que lui consacre le Mus\u00e9e Jacquemart-Andr\u00e9 \u00e0 partir du 11 septembre. Il s\u2019agira de la premi\u00e8re exposition d\u2019ampleur d\u00e9di\u00e9e \u00e0 ce ma\u00eetre du clair-obscur depuis celle organis\u00e9e au Grand Palais en 1997.<\/p>\n<p style=\"text-align: justify;\">Intitul\u00e9e\u00a0Georges de La Tour, entre ombre et lumi\u00e8re, l\u2019exposition parisienne r\u00e9unira une trentaine de toiles et d\u2019\u0153uvres graphiques, issus de collections publiques et priv\u00e9es fran\u00e7aises et internationales. Georges La Tour, dont la production est restreinte \u2014 on ne compte qu\u2019une quarantaine de tableaux connus \u2014 y sera pr\u00e9sent\u00e9 sous un angle renouvel\u00e9, entre m\u00e9ditation spirituelle, sc\u00e8nes nocturnes et portraits silencieux. Sa peinture \u00e9tonne par une \u00e9conomie de moyens et une intensit\u00e9 dramatique qui doit beaucoup \u00e0 l\u2019influence de Caravage, bien qu\u2019aucun voyage en Italie ne lui soit attribu\u00e9.<\/p>\n<p style=\"text-align: justify;\">Au sein de cette s\u00e9lection exceptionnelle,\u00a0Le Nouveau-n\u00e9, pr\u00eat\u00e9 par le mus\u00e9e rennais, occupera une place centrale. Cette sc\u00e8ne intime et silencieuse, qui repr\u00e9sente une m\u00e8re pench\u00e9e sur son enfant emmaillot\u00e9, baigne dans la lumi\u00e8re douce et vacillante d\u2019une bougie. Par son ambiance nocturne, sa palette sobre et la frontalit\u00e9 de sa composition, le tableau illustre \u00e0 la perfection la ma\u00eetrise de La Tour dans l\u2019art du clair-obscur. Il t\u00e9moigne de sa capacit\u00e9 \u00e0 faire basculer le quotidien dans le sacr\u00e9, en sublimant les gestes les plus simples.<\/p>\n<p style=\"text-align: justify;\">Ce pr\u00eat renforce le r\u00f4le des Beaux-Arts de Rennes dans les \u00e9changes entre institutions culturelles de premier plan. Il valorise aussi la richesse des collections rennaises \u00e0 l\u2019\u00e9chelle nationale. L\u2019\u00e9v\u00e9nement est d\u2019autant plus marquant qu\u2019il s\u2019accompagne d\u2019un contre-pr\u00eat prestigieux. Pendant que\u00a0Le Nouveau-n\u00e9\u00a0sera expos\u00e9 \u00e0 Paris, le Mus\u00e9e Jacquemart-Andr\u00e9 confie exceptionnellement aux Rennais\u00a0Les P\u00e8lerins d\u2019Emma\u00fcs\u00a0de Rembrandt. Le tableau pourra \u00eatre d\u00e9couvert au mus\u00e9e quai Zola d\u00e8s le 2\u00a0septembre.<\/p>\n<p style=\"text-align: justify;\">Avant son d\u00e9part, plusieurs rendez-vous ont \u00e9t\u00e9 organis\u00e9s \u00e0 Rennes pour permettre au public de revoir une derni\u00e8re fois\u00a0Le Nouveau-n\u00e9 et d\u2019en appr\u00e9cier toute la finesse. Le Mus\u00e9e des Beaux-Arts a propos\u00e9 notamment des visites guid\u00e9es avec le conservateur les 23 et 24\u00a0ao\u00fbt, ainsi qu\u2019un format court, le 21\u00a0ao\u00fbt \u00e0 la mi-journ\u00e9e. L\u2019exposition parisienne, qui se tiendra jusqu\u2019au 25\u00a0janvier 2026, s\u2019annonce comme l\u2019un des temps forts de la rentr\u00e9e culturelle en France. Jacquemart-Andr\u00e9, install\u00e9 dans l\u2019ancien h\u00f4tel particulier des \u00e9poux Jacquemart et Andr\u00e9, \u00e0 deux pas des Champs-\u00c9lys\u00e9es, offre un cadre id\u00e9al pour cette relecture du parcours de Georges de La Tour. D\u00e9j\u00e0 reconnu pour ses r\u00e9trospectives consacr\u00e9es \u00e0 Caravage ou Artemisia Gentileschi, le mus\u00e9e poursuit ici son exploration des grands peintres de la lumi\u00e8re et de l\u2019int\u00e9riorit\u00e9.<\/p>\n","protected":false},"excerpt":{"rendered":"\u00c0 la fin de l\u2019\u00e9t\u00e9, la plus c\u00e9l\u00e8bre toile rennaise, Le Nouveau-n\u00e9, quitte provisoirement les cimaises du Mus\u00e9e&hellip;\n","protected":false},"author":2,"featured_media":362179,"comment_status":"","ping_status":"","sticky":false,"template":"","format":"standard","meta":{"footnotes":""},"categories":[2821],"tags":[1111,11,829,1777,674,1011,27,12,584,25],"class_list":{"0":"post-362178","1":"post","2":"type-post","3":"status-publish","4":"format-standard","5":"has-post-thumbnail","7":"category-rennes","8":"tag-actu","9":"tag-actualites","10":"tag-bretagne","11":"tag-eu","12":"tag-europe","13":"tag-fr","14":"tag-france","15":"tag-news","16":"tag-rennes","17":"tag-republique-francaise"},"share_on_mastodon":{"url":"https:\/\/pubeurope.com\/@fr\/115137931106145425","error":""},"_links":{"self":[{"href":"https:\/\/www.europesays.com\/fr\/wp-json\/wp\/v2\/posts\/362178","targetHints":{"allow":["GET"]}}],"collection":[{"href":"https:\/\/www.europesays.com\/fr\/wp-json\/wp\/v2\/posts"}],"about":[{"href":"https:\/\/www.europesays.com\/fr\/wp-json\/wp\/v2\/types\/post"}],"author":[{"embeddable":true,"href":"https:\/\/www.europesays.com\/fr\/wp-json\/wp\/v2\/users\/2"}],"replies":[{"embeddable":true,"href":"https:\/\/www.europesays.com\/fr\/wp-json\/wp\/v2\/comments?post=362178"}],"version-history":[{"count":0,"href":"https:\/\/www.europesays.com\/fr\/wp-json\/wp\/v2\/posts\/362178\/revisions"}],"wp:featuredmedia":[{"embeddable":true,"href":"https:\/\/www.europesays.com\/fr\/wp-json\/wp\/v2\/media\/362179"}],"wp:attachment":[{"href":"https:\/\/www.europesays.com\/fr\/wp-json\/wp\/v2\/media?parent=362178"}],"wp:term":[{"taxonomy":"category","embeddable":true,"href":"https:\/\/www.europesays.com\/fr\/wp-json\/wp\/v2\/categories?post=362178"},{"taxonomy":"post_tag","embeddable":true,"href":"https:\/\/www.europesays.com\/fr\/wp-json\/wp\/v2\/tags?post=362178"}],"curies":[{"name":"wp","href":"https:\/\/api.w.org\/{rel}","templated":true}]}}