{"id":362180,"date":"2025-09-03T02:09:40","date_gmt":"2025-09-03T02:09:40","guid":{"rendered":"https:\/\/www.europesays.com\/fr\/362180\/"},"modified":"2025-09-03T02:09:40","modified_gmt":"2025-09-03T02:09:40","slug":"il-laisse-les-aliments-sur-le-feu-19-personnes-evacuees","status":"publish","type":"post","link":"https:\/\/www.europesays.com\/fr\/362180\/","title":{"rendered":"il laisse les aliments sur le feu, 19 personnes \u00e9vacu\u00e9es"},"content":{"rendered":"<p>            Par<br \/>\n        <strong><br \/>\n            <a href=\"https:\/\/actu.fr\/auteur\/redaction-jv\" title=\"Consulter tous les articles de R\u00e9daction Vitr\u00e9\" rel=\"nofollow noopener\" target=\"_blank\">R\u00e9daction Vitr\u00e9<\/a><br \/>\n        <\/strong><\/p>\n<p>        Publi\u00e9 le<\/p>\n<p>            2 sept. 2025 \u00e0 9h24        <\/p>\n<p>Lundi 1er\u00a0septembre 2025, un peu avant 14\u2009h, les sapeurs-pompiers sont intervenus dans une <b>r\u00e9sidence seniors \u00e0 Ch\u00e2teaugiron<\/b> (Ille-et-Vilaine).<\/p>\n<p class=\" wall-content\">Ils ont \u00e9t\u00e9 d\u00e9clench\u00e9s alors que de la<b> fum\u00e9e<\/b> se d\u00e9gageait d\u2019un appartement situ\u00e9 au dernier \u00e9tage, apprend-on, confirmant une information de nos confr\u00e8res de <a href=\"https:\/\/www.ouest-france.fr\/faits-divers\/incendie\/incendie-dans-une-residence-seniors-a-chateaugiron-19-personnes-evacuees-056e4c26-8732-11f0-942f-334d06e5cf0b\" rel=\"nofollow noopener\" target=\"_blank\">Ouest-France<\/a>.<\/p>\n<p>19 r\u00e9sidents \u00e9vacu\u00e9s<\/p>\n<p class=\" wall-content\">Les soldats du feu ont proc\u00e9d\u00e9 \u00e0 l\u2019\u00e9vacuation de <b>19 r\u00e9sidents<\/b>. Un homme a \u00e9t\u00e9 retrouv\u00e9 \u00ab\u2009au sol et d\u00e9sorient\u00e9\u2009\u00bb dans l\u2019appartement d\u2019o\u00f9 provenaient les fum\u00e9es, indique le <b>centre op\u00e9rationnel d\u00e9partemental d\u2019incendie et de secours<\/b> (Codis).<\/p>\n<p class=\" wall-content\">Le feu proviendrait des <b>aliments laiss\u00e9s sur le feu<\/b>. Il a \u00e9t\u00e9 transport\u00e9 au <b>CHU de Rennes<\/b> par les secours.<\/p>\n<p class=\" wall-content\">Les autres r\u00e9sidents ont pu regagner leurs logements rapidement. <b>23 sapeurs-pompiers<\/b> sont intervenus sur les lieux.<\/p>\n<p class=\" wall-content\">Personnalisez votre actualit\u00e9 en ajoutant vos villes et m\u00e9dias en favori avec <a href=\"https:\/\/moncompte.actu.fr\" title=\"D\u00e9couvez Mon Actu\" rel=\"nofollow noopener\" data-trk=\"{&quot;cta&quot;:{&quot;action&quot;:&quot;https:\\\/\\\/moncompte.actu.fr&quot;,&quot;category&quot;:&quot;mon compte&quot;,&quot;from&quot;:&quot;article footer&quot;,&quot;name&quot;:&quot;Mon actu&quot;,&quot;type&quot;:&quot;cta&quot;}}\" target=\"_blank\">Mon Actu<\/a>.<\/p>\n","protected":false},"excerpt":{"rendered":"Par R\u00e9daction Vitr\u00e9 Publi\u00e9 le 2 sept. 2025 \u00e0 9h24 Lundi 1er\u00a0septembre 2025, un peu avant 14\u2009h, les&hellip;\n","protected":false},"author":2,"featured_media":362181,"comment_status":"","ping_status":"","sticky":false,"template":"","format":"standard","meta":{"footnotes":""},"categories":[2821],"tags":[1111,11,829,1777,674,118,1011,27,1310,12,1311,584,25],"class_list":{"0":"post-362180","1":"post","2":"type-post","3":"status-publish","4":"format-standard","5":"has-post-thumbnail","7":"category-rennes","8":"tag-actu","9":"tag-actualites","10":"tag-bretagne","11":"tag-eu","12":"tag-europe","13":"tag-faits-divers","14":"tag-fr","15":"tag-france","16":"tag-incendie","17":"tag-news","18":"tag-pompiers","19":"tag-rennes","20":"tag-republique-francaise"},"share_on_mastodon":{"url":"https:\/\/pubeurope.com\/@fr\/115137935353894170","error":""},"_links":{"self":[{"href":"https:\/\/www.europesays.com\/fr\/wp-json\/wp\/v2\/posts\/362180","targetHints":{"allow":["GET"]}}],"collection":[{"href":"https:\/\/www.europesays.com\/fr\/wp-json\/wp\/v2\/posts"}],"about":[{"href":"https:\/\/www.europesays.com\/fr\/wp-json\/wp\/v2\/types\/post"}],"author":[{"embeddable":true,"href":"https:\/\/www.europesays.com\/fr\/wp-json\/wp\/v2\/users\/2"}],"replies":[{"embeddable":true,"href":"https:\/\/www.europesays.com\/fr\/wp-json\/wp\/v2\/comments?post=362180"}],"version-history":[{"count":0,"href":"https:\/\/www.europesays.com\/fr\/wp-json\/wp\/v2\/posts\/362180\/revisions"}],"wp:featuredmedia":[{"embeddable":true,"href":"https:\/\/www.europesays.com\/fr\/wp-json\/wp\/v2\/media\/362181"}],"wp:attachment":[{"href":"https:\/\/www.europesays.com\/fr\/wp-json\/wp\/v2\/media?parent=362180"}],"wp:term":[{"taxonomy":"category","embeddable":true,"href":"https:\/\/www.europesays.com\/fr\/wp-json\/wp\/v2\/categories?post=362180"},{"taxonomy":"post_tag","embeddable":true,"href":"https:\/\/www.europesays.com\/fr\/wp-json\/wp\/v2\/tags?post=362180"}],"curies":[{"name":"wp","href":"https:\/\/api.w.org\/{rel}","templated":true}]}}