{"id":362184,"date":"2025-09-03T02:11:18","date_gmt":"2025-09-03T02:11:18","guid":{"rendered":"https:\/\/www.europesays.com\/fr\/362184\/"},"modified":"2025-09-03T02:11:18","modified_gmt":"2025-09-03T02:11:18","slug":"strasbourg-le-havre-reprogramme-alsasports","status":"publish","type":"post","link":"https:\/\/www.europesays.com\/fr\/362184\/","title":{"rendered":"Strasbourg &#8211; Le Havre reprogramm\u00e9 ! \u2014 Alsa&rsquo;Sports"},"content":{"rendered":"<p><strong>La Ligue 1 a annonc\u00e9 un changement de programmation pour Strasbourg  \u2013 Le Havre (J4).  <\/strong><\/p>\n<p>Initialement programm\u00e9e le samedi 13 septembre 2025 \u00e0 19h00, la rencontre Racing Club de Strasbourg \u2013 Le Havre est finalement programm\u00e9e, en accord avec beIN Sport et Ligue 1+, le dimanche 14 septembre 2025 \u00e0 17h15. \u00a0Le match sera donc diffus\u00e9 dans le cadre du multiplex et en int\u00e9gralit\u00e9 sur Ligue 1+.<\/p>\n","protected":false},"excerpt":{"rendered":"La Ligue 1 a annonc\u00e9 un changement de programmation pour Strasbourg \u2013 Le Havre (J4). Initialement programm\u00e9e le&hellip;\n","protected":false},"author":2,"featured_media":362185,"comment_status":"","ping_status":"","sticky":false,"template":"","format":"standard","meta":{"footnotes":""},"categories":[2820],"tags":[1111,11,1777,674,63,1011,27,775,12,4448,25,640],"class_list":{"0":"post-362184","1":"post","2":"type-post","3":"status-publish","4":"format-standard","5":"has-post-thumbnail","7":"category-strasbourg","8":"tag-actu","9":"tag-actualites","10":"tag-eu","11":"tag-europe","12":"tag-football","13":"tag-fr","14":"tag-france","15":"tag-grand-est","16":"tag-news","17":"tag-rc-strasbourg","18":"tag-republique-francaise","19":"tag-strasbourg"},"share_on_mastodon":{"url":"https:\/\/pubeurope.com\/@fr\/115137942882052948","error":""},"_links":{"self":[{"href":"https:\/\/www.europesays.com\/fr\/wp-json\/wp\/v2\/posts\/362184","targetHints":{"allow":["GET"]}}],"collection":[{"href":"https:\/\/www.europesays.com\/fr\/wp-json\/wp\/v2\/posts"}],"about":[{"href":"https:\/\/www.europesays.com\/fr\/wp-json\/wp\/v2\/types\/post"}],"author":[{"embeddable":true,"href":"https:\/\/www.europesays.com\/fr\/wp-json\/wp\/v2\/users\/2"}],"replies":[{"embeddable":true,"href":"https:\/\/www.europesays.com\/fr\/wp-json\/wp\/v2\/comments?post=362184"}],"version-history":[{"count":0,"href":"https:\/\/www.europesays.com\/fr\/wp-json\/wp\/v2\/posts\/362184\/revisions"}],"wp:featuredmedia":[{"embeddable":true,"href":"https:\/\/www.europesays.com\/fr\/wp-json\/wp\/v2\/media\/362185"}],"wp:attachment":[{"href":"https:\/\/www.europesays.com\/fr\/wp-json\/wp\/v2\/media?parent=362184"}],"wp:term":[{"taxonomy":"category","embeddable":true,"href":"https:\/\/www.europesays.com\/fr\/wp-json\/wp\/v2\/categories?post=362184"},{"taxonomy":"post_tag","embeddable":true,"href":"https:\/\/www.europesays.com\/fr\/wp-json\/wp\/v2\/tags?post=362184"}],"curies":[{"name":"wp","href":"https:\/\/api.w.org\/{rel}","templated":true}]}}