{"id":362188,"date":"2025-09-03T02:13:10","date_gmt":"2025-09-03T02:13:10","guid":{"rendered":"https:\/\/www.europesays.com\/fr\/362188\/"},"modified":"2025-09-03T02:13:10","modified_gmt":"2025-09-03T02:13:10","slug":"nice-rentree-scolaire-60-installations-sportives-municipales","status":"publish","type":"post","link":"https:\/\/www.europesays.com\/fr\/362188\/","title":{"rendered":"NICE : Rentr\u00e9e scolaire, 60 installations sportives municipales"},"content":{"rendered":"<p style=\"text-align: left;\"><strong>Christian Estrosi,\u00a0Maire de Nice, Pr\u00e9sident de la M\u00e9tropole Nice C\u00f4te d\u2019Azur,\u00a0est all\u00e9 \u00e0 la rencontre des \u00e9l\u00e8ves et des personnels municipaux et de l\u2019Education Nationale de l\u2019\u00e9cole\u00a0primaire Rancher pour leur souhaiter une bonne rentr\u00e9e. Il s\u2019est ensuite rendu \u00e0 l\u2019\u00e9cole priv\u00e9e sous contrat Regina Coeli.<\/strong><\/p>\n<p style=\"text-align: left;\">En amont de ces visites, le Maire a tenu un point presse au CSU, dans la salle d\u00e9di\u00e9e \u00e0 la surveillance des \u00e9coles. Il a annonc\u00e9 la pr\u00e9sentation et le lancement dans les prochains jours d\u2019une application, WARY ME, visant \u00e0 renforcer la transmission d\u2019informations au sein des \u00e9coles. Celle-ci vient juste d\u2019\u00eatre valid\u00e9e par la CNIL.<\/p>\n<p style=\"text-align: left;\">Travaux, verdissement des cours, culture, sant\u00e9, sport, inclusion\u2026 dans tous les domaines, la Ville agit pour que les \u00e9l\u00e8ves et les personnels municipaux et de l\u2019Education Nationale travaillent et s\u2019\u00e9panouissent dans les meilleures conditions dans les \u00e9coles de Nice.<\/p>\n<p style=\"text-align: left;\"><strong>Favoriser, pour tous les enfants d\u00e8s le plus jeune \u00e2ge, l\u2019acc\u00e8s\u2026<\/strong><\/p>\n<p style=\"text-align: left;\"><strong>A la pratique sportive\u00a0<\/strong><\/p>\n<p style=\"text-align: left;\">La Ville de Nice met \u00e0 disposition des \u00e9coles pr\u00e8s de 60 installations sportives municipales et son personnel sp\u00e9cialis\u00e9, lors d\u2019animations th\u00e9matiques par exemple.<\/p>\n<p style=\"text-align: left;\">\u2013 Possibilit\u00e9 de b\u00e9n\u00e9ficier de coupons sport d\u2019une valeur de 20\u20ac ou 40\u20ac pour les enfants de 6 \u00e0 18 ans inscrits dans des associations sportives locales.<\/p>\n<p style=\"text-align: left;\">\u2013 Dispositifs plan ski et plan nautique (de nombreux mercredis dans l\u2019ann\u00e9e au prix d\u2019un accueil en centre de loisirs classique). \u2013 Mise en place d\u2019activit\u00e9s \u00ab Savoir rouler \u00e0 v\u00e9lo \u00bb et \u00ab Savoir nager \u00bb.<\/p>\n<p style=\"text-align: left;\"><strong>SOURCE : Rentr\u00e9e scolaire dans les \u00e9coles de la Ville de Nice. <\/strong><\/p>\n","protected":false},"excerpt":{"rendered":"Christian Estrosi,\u00a0Maire de Nice, Pr\u00e9sident de la M\u00e9tropole Nice C\u00f4te d\u2019Azur,\u00a0est all\u00e9 \u00e0 la rencontre des \u00e9l\u00e8ves et&hellip;\n","protected":false},"author":2,"featured_media":362189,"comment_status":"","ping_status":"","sticky":false,"template":"","format":"standard","meta":{"footnotes":""},"categories":[2819],"tags":[1111,11,1777,674,1011,27,12,2401,882,25],"class_list":{"0":"post-362188","1":"post","2":"type-post","3":"status-publish","4":"format-standard","5":"has-post-thumbnail","7":"category-nice","8":"tag-actu","9":"tag-actualites","10":"tag-eu","11":"tag-europe","12":"tag-fr","13":"tag-france","14":"tag-news","15":"tag-nice","16":"tag-provence-alpes-cote-dazur","17":"tag-republique-francaise"},"share_on_mastodon":{"url":"https:\/\/pubeurope.com\/@fr\/115137950742865648","error":""},"_links":{"self":[{"href":"https:\/\/www.europesays.com\/fr\/wp-json\/wp\/v2\/posts\/362188","targetHints":{"allow":["GET"]}}],"collection":[{"href":"https:\/\/www.europesays.com\/fr\/wp-json\/wp\/v2\/posts"}],"about":[{"href":"https:\/\/www.europesays.com\/fr\/wp-json\/wp\/v2\/types\/post"}],"author":[{"embeddable":true,"href":"https:\/\/www.europesays.com\/fr\/wp-json\/wp\/v2\/users\/2"}],"replies":[{"embeddable":true,"href":"https:\/\/www.europesays.com\/fr\/wp-json\/wp\/v2\/comments?post=362188"}],"version-history":[{"count":0,"href":"https:\/\/www.europesays.com\/fr\/wp-json\/wp\/v2\/posts\/362188\/revisions"}],"wp:featuredmedia":[{"embeddable":true,"href":"https:\/\/www.europesays.com\/fr\/wp-json\/wp\/v2\/media\/362189"}],"wp:attachment":[{"href":"https:\/\/www.europesays.com\/fr\/wp-json\/wp\/v2\/media?parent=362188"}],"wp:term":[{"taxonomy":"category","embeddable":true,"href":"https:\/\/www.europesays.com\/fr\/wp-json\/wp\/v2\/categories?post=362188"},{"taxonomy":"post_tag","embeddable":true,"href":"https:\/\/www.europesays.com\/fr\/wp-json\/wp\/v2\/tags?post=362188"}],"curies":[{"name":"wp","href":"https:\/\/api.w.org\/{rel}","templated":true}]}}