{"id":362190,"date":"2025-09-03T02:14:40","date_gmt":"2025-09-03T02:14:40","guid":{"rendered":"https:\/\/www.europesays.com\/fr\/362190\/"},"modified":"2025-09-03T02:14:40","modified_gmt":"2025-09-03T02:14:40","slug":"le-jardin-des-plantes-de-nantes","status":"publish","type":"post","link":"https:\/\/www.europesays.com\/fr\/362190\/","title":{"rendered":"Le Jardin des plantes de Nantes"},"content":{"rendered":"<p>Plus qu&rsquo;un lieu de promenade, le Jardin des plantes de Nantes, site le plus fr\u00e9quent\u00e9 de la ville, est un laboratoire vivant. \u00ab\u00a0Jardin public\u00a0\u00bb est une immersion au sein de cet h\u00e9ritage botanique, \u00e0 la rencontre de celles et ceux qui \u0153uvrent chaque jour \u00e0 la transmission, la pr\u00e9servation et l&rsquo;exp\u00e9rimentation du vivant.\n<\/p>\n<p><strong>Nantes est la premi\u00e8re ville fran\u00e7aise \u00e0 avoir \u00e9t\u00e9 \u00e9lue Capitale verte de l\u2019Europe<\/strong>. C\u2019\u00e9tait en 2013, faisant de la cit\u00e9 des ducs de Bretagne la 4\u00e8me capitale verte europ\u00e9enne apr\u00e8s Stockholm, Hambourg et Vitoria-Gasteiz.<\/p>\n<p>Situ\u00e9 face \u00e0 la gare, le Jardin des plantes de Nantes accueille chaque ann\u00e9e<strong> plus de deux millions et demi de visiteurs<\/strong> sur 7 hectares, ce qui fait de lui le<br \/>site le plus fr\u00e9quent\u00e9 de la ville. Avec ses 10 000 esp\u00e8ces, 800 m\u00b2 de serres et plus de 50 000 fleurs plant\u00e9es chaque saison. Le Jardin des plantes de <strong>Nantes figure parmi les quatre grands jardins botaniques de France et abrite des collections uniques.<\/strong><\/p>\n<p>Au-del\u00e0 de son int\u00e9r\u00eat esth\u00e9tique et culturel, en plus d\u2019\u00eatre un espace verdoyant propice \u00e0 la respiration, un jardin botanique rev\u00eat 3 missions : transmettre (pour sensibiliser au fonctionnement de la nature), pr\u00e9server (le vivant) et exp\u00e9rimenter (pour mieux s\u2019adapter).<\/p>\n<p>Jardin Public est une immersion dans le monde v\u00e9g\u00e9tal urbain, au contact des jardiniers, des botanistes, de toute cette fourmili\u00e8re qui se cache derri\u00e8re les arbres. Une s\u00e9rie Ici Pays de la Loire \u00e0 retrouver sur France 3 chaque dimanche \u00e0 12h55 \u00e0 partir du 5 octobre et d\u00e8s le 28 septembre sur france.tv.\u00a0<\/p>\n<p>\u00a0<\/p>\n<p>\u00a0<\/p>\n","protected":false},"excerpt":{"rendered":"Plus qu&rsquo;un lieu de promenade, le Jardin des plantes de Nantes, site le plus fr\u00e9quent\u00e9 de la ville,&hellip;\n","protected":false},"author":2,"featured_media":362191,"comment_status":"","ping_status":"","sticky":false,"template":"","format":"standard","meta":{"footnotes":""},"categories":[2818],"tags":[1111,11,1777,674,1011,27,766,12,2636,25],"class_list":{"0":"post-362190","1":"post","2":"type-post","3":"status-publish","4":"format-standard","5":"has-post-thumbnail","7":"category-nantes","8":"tag-actu","9":"tag-actualites","10":"tag-eu","11":"tag-europe","12":"tag-fr","13":"tag-france","14":"tag-nantes","15":"tag-news","16":"tag-pays-de-la-loire","17":"tag-republique-francaise"},"share_on_mastodon":{"url":"https:\/\/pubeurope.com\/@fr\/115137954758756865","error":""},"_links":{"self":[{"href":"https:\/\/www.europesays.com\/fr\/wp-json\/wp\/v2\/posts\/362190","targetHints":{"allow":["GET"]}}],"collection":[{"href":"https:\/\/www.europesays.com\/fr\/wp-json\/wp\/v2\/posts"}],"about":[{"href":"https:\/\/www.europesays.com\/fr\/wp-json\/wp\/v2\/types\/post"}],"author":[{"embeddable":true,"href":"https:\/\/www.europesays.com\/fr\/wp-json\/wp\/v2\/users\/2"}],"replies":[{"embeddable":true,"href":"https:\/\/www.europesays.com\/fr\/wp-json\/wp\/v2\/comments?post=362190"}],"version-history":[{"count":0,"href":"https:\/\/www.europesays.com\/fr\/wp-json\/wp\/v2\/posts\/362190\/revisions"}],"wp:featuredmedia":[{"embeddable":true,"href":"https:\/\/www.europesays.com\/fr\/wp-json\/wp\/v2\/media\/362191"}],"wp:attachment":[{"href":"https:\/\/www.europesays.com\/fr\/wp-json\/wp\/v2\/media?parent=362190"}],"wp:term":[{"taxonomy":"category","embeddable":true,"href":"https:\/\/www.europesays.com\/fr\/wp-json\/wp\/v2\/categories?post=362190"},{"taxonomy":"post_tag","embeddable":true,"href":"https:\/\/www.europesays.com\/fr\/wp-json\/wp\/v2\/tags?post=362190"}],"curies":[{"name":"wp","href":"https:\/\/api.w.org\/{rel}","templated":true}]}}